{"id":574426,"date":"2025-12-03T02:43:16","date_gmt":"2025-12-03T02:43:16","guid":{"rendered":"https:\/\/www.europesays.com\/fr\/574426\/"},"modified":"2025-12-03T02:43:16","modified_gmt":"2025-12-03T02:43:16","slug":"lauteur-presume-accuse-jean-luc-moudenc-de-contrefacon","status":"publish","type":"post","link":"https:\/\/www.europesays.com\/fr\/574426\/","title":{"rendered":"l\u2019auteur pr\u00e9sum\u00e9 accuse Jean-Luc Moudenc de contrefa\u00e7on"},"content":{"rendered":"<p><strong>Le slogan \u201cAimer Toulouse\u201d et le logo qui l\u2019accompagne, embl\u00e8mes des Municipales 2020 de Jean-Luc Moudenc, est au c\u0153ur d\u2019une pol\u00e9mique : un communicant toulousain, et candidat aux Municipales 2026, revendique en \u00eatre l\u2019auteur et accuse l\u2019\u00e9quipe de campagne du maire sortant de contrefa\u00e7on et violation de la propri\u00e9t\u00e9 intellectuelle, ouvrant la voie \u00e0 une possible bataille judiciaire.<\/strong><\/p>\n<p><img fetchpriority=\"high\" decoding=\"async\" width=\"1200\" height=\"675\" src=\"https:\/\/www.europesays.com\/fr\/wp-content\/uploads\/2025\/12\/Pierre-Pezzin-logo-Aimer-Toulouse.jpg\" alt=\"Pierre Pezzin revendique la paternit\u00e9 du logo &quot;Aimer Toulouse&quot;.\"  \/><\/p>\n<p>Pierre Pezzin revendique la paternit\u00e9 du logo \u201cAimer Toulouse\u201d. \u00a9S\u00e9verine Sarrat\/JT<\/p>\n<p><strong>\u201cAimer Toulouse\u201d. Un slogan qui, plac\u00e9 au centre d\u2019un c\u0153ur bleu et rouge<\/strong>, a marqu\u00e9 le second mandat de Jean-Luc Moudenc, maire de la Ville rose. C\u2019est avec lui que <a href=\"https:\/\/www.lejournaltoulousain.fr\/politique\/le-premier-discours-tres-rassembleur-de-jean-luc-moudenc-82760\/\" target=\"_blank\" rel=\"noopener\">ce dernier a remport\u00e9 les \u00e9lections municipales 2020<\/a>, et que son groupe politique a men\u00e9 toute sa communication pendant six ans. Mais aujourd\u2019hui, <strong>ce symbole de victoire pour la majorit\u00e9 municipale fait pol\u00e9mique<\/strong>. En effet, <strong>sa paternit\u00e9 est revendiqu\u00e9e par le directeur d\u2019une agence de communication<\/strong>, qui affirme l\u2019avoir cr\u00e9\u00e9 pour\u2026 l\u2019ancien s\u00e9nateur Jean-Pierre Plancade (PRG) lors de sa candidature \u00e0 la mairie de Toulouse, en 2014.<\/p>\n<p>Copi\u00e9\/coll\u00e9 ?<\/p>\n<p><strong>Pierre Pezzin<\/strong>, dirigeant de \u201cPierre and Partners\u201d, soci\u00e9t\u00e9 sp\u00e9cialis\u00e9e dans le conseil en relations publiques, <strong>assure \u00eatre le concepteur du logo et du slogan \u201cAimer Toulouse\u201d<\/strong>, auquel son designer et ami, Vincent Campanini, aurait donn\u00e9 vie. Il \u00e9tait alors \u00e9crit en orange, sur un fond violet. C\u2019\u00e9tait en 2014. \u00ab Nous l\u2019avions con\u00e7u pour le compte de Jean-Pierre Plancade, qui se pr\u00e9sentait aux Municipales et qui avait besoin d\u2019une identit\u00e9 visuelle forte \u00bb, se souvient-il.<\/p>\n<p>\u00ab Je l\u2019ai pens\u00e9 comme une image subliminale. <strong>Ce logo dispose d\u2019\u00e9l\u00e9ments cognitifs<\/strong> de premier ordre, il d\u00e9clenche une \u00e9motion certaine chez celui qui le regarde. Il est puissant, beau, fort et repr\u00e9sentatif \u00bb, d\u00e9crit <strong>Pierre Pezzin. Il l\u2019utilisera d\u2019ailleurs pour sa propre campagne<\/strong>, puisque, <a href=\"https:\/\/www.lejournaltoulousain.fr\/occitanie\/haute-garonne\/toulouse\/nouveau-candidat-municipales-toulouse-veut-renommer-ville-343926\/\" target=\"_blank\" rel=\"noopener\">lui aussi se pr\u00e9sente aux Municipales de 2026 \u00e0 Toulouse<\/a>. \u00ab Apr\u00e8s tout, c\u2019est le mien ! \u00bb fustige le candidat, pas du tout inquiet de la confusion possible avec la liste de Jean-Luc Moudenc, qui lui, a opt\u00e9 cette fois pour le logotype \u201c<a href=\"https:\/\/moudenc2026.fr\/\" target=\"_blank\" rel=\"noopener\">Prot\u00e9geons l\u2019avenir<\/a>\u201c.<\/p>\n<p>Le visuel peut-il \u00eatre prot\u00e9g\u00e9 ? <\/p>\n<p><img loading=\"lazy\" decoding=\"async\" width=\"1200\" height=\"439\" src=\"https:\/\/www.europesays.com\/fr\/wp-content\/uploads\/2025\/12\/logos-Aimer-Toulouse.jpg\" alt=\"logos Aimer Toulouse\"  \/><\/p>\n<p>A gauche, le logo de campagne de Jean-Luc Moudenc en 2020, \u00e0 droite celui de Pierre Pezzin en 2026 (et de JP Plancade en 2014).<\/p>\n<p>Contact\u00e9 par la r\u00e9daction, Pierre Esplugas-Labatut, ancien porte-parole de la liste \u201cAimer Toulouse\u201d version Jean-Luc Moudenc, estime qu\u2019il s\u2019agit l\u00e0 d\u2019<strong>une pol\u00e9mique inutile<\/strong>. \u00ab C\u2019est une opportunit\u00e9 pour ce monsieur d\u2019exister dans cette campagne. Il s\u2019est engag\u00e9 dans <strong>une bataille purement politique <\/strong>\u00bb, pr\u00e9cise-t-il. Mais pour le principal int\u00e9ress\u00e9 cela va bien au-del\u00e0 : \u00ab Il y a <strong>violation des droits de la propri\u00e9t\u00e9 intellectuelle, des droits d\u2019auteur et contrefa\u00e7on<\/strong> \u00bb. D\u2019ailleurs, il consid\u00e8re que, sans son logo \u00ab usurp\u00e9 \u00bb, le maire actuel de Toulouse \u00ab n\u2019aurait jamais gagn\u00e9 les \u00e9lections en 2020 \u00bb. <\/p>\n<p>Pierre Pezzin pr\u00e9tend donc que \u00ab <strong>son id\u00e9e lui a \u00e9t\u00e9 vol\u00e9e<\/strong> \u00bb. Pierre Esplugas-Labatut d\u00e9fend : \u00ab <strong>Pour \u00eatre prot\u00e9g\u00e9, un logo ou un slogan doit r\u00e9pondre \u00e0 un crit\u00e8re d\u2019originalit\u00e9<\/strong>, dans le sens juridique du terme. Or, la formule \u201cAimer \u2026\u201d doit bien se retrouver dans d\u2019autres villes, tout comme le concept de l\u2019ins\u00e9rer dans un c\u0153ur ! \u00bb Sans d\u00e9mentir directement, il avoue \u00ab ne pas se souvenir comment a \u00e9t\u00e9 \u00e9labor\u00e9 le visuel qui a accompagn\u00e9 la campagne de son groupe politique \u00bb.  <\/p>\n<p>L\u2019affaire devant la justice ?<\/p>\n<p>Alors, apr\u00e8s avoir demand\u00e9 une <strong>m\u00e9diation \u00e0 deux reprises, en vain<\/strong>, Pierre Pezzin et Vincent Campanini d\u00e9cident de <strong>porter plainte<\/strong>, en f\u00e9vrier dernier. Le premier affirme pouvoir apporter la preuve de sa paternit\u00e9 pour le concept, le second disposant des codes source du visuel. \u00ab Bizarrement, nous n\u2019avons eu <strong>aucun retour du procureur<\/strong> de la R\u00e9publique \u00bb, constatent les deux plaignants, qui redoutent un classement sans suite. D\u2019ailleurs, Pierre Esplugas-Labatut confirme ne pas \u00eatre au courant d\u2019une telle d\u00e9marche, n\u2019avoir rien re\u00e7u \u00e0 ce sujet. Sans avoir obtenu de discussion directe avec l\u2019\u00e9quipe de campagne \u201cAimer Toulouse\u201d pour trouver un accord \u00e0 l\u2019amiable, dans lequel un simple d\u00e9dommagement serait demand\u00e9, <strong>Pierre Pezzin se r\u00e9serve maintenant le droit d\u2019assigner Jean-Luc Moudenc en justice<\/strong> : \u00ab L\u00e0, <strong>nous demanderions entre 600 000 et un millions d\u2019euros<\/strong>, prix auquel a \u00e9t\u00e9 estim\u00e9 le logo et le slogan \u00bb, pr\u00e9cise le requ\u00e9rant. \u00ab Je ne me laisserai pas faire ! Et<a href=\"https:\/\/pour-un-langage-citoyen.fr\/\" target=\"_blank\" rel=\"noopener\"> je lui ravirai le Capitole<\/a> \u00bb conclut-il. <\/p>\n","protected":false},"excerpt":{"rendered":"Le slogan \u201cAimer Toulouse\u201d et le logo qui l\u2019accompagne, embl\u00e8mes des Municipales 2020 de Jean-Luc Moudenc, est au&hellip;\n","protected":false},"author":2,"featured_media":574427,"comment_status":"","ping_status":"","sticky":false,"template":"","format":"standard","meta":{"footnotes":""},"categories":[2816],"tags":[1111,11,1777,674,1011,27,68866,12,2680,25,2312],"class_list":{"0":"post-574426","1":"post","2":"type-post","3":"status-publish","4":"format-standard","5":"has-post-thumbnail","7":"category-toulouse","8":"tag-actu","9":"tag-actualites","10":"tag-eu","11":"tag-europe","12":"tag-fr","13":"tag-france","14":"tag-logo-aimer-toulouse-lu2019auteur-pru00e9sumu00e9-accuse-jean-luc-moudenc-de-contrefau00e7on","15":"tag-news","16":"tag-occitanie","17":"tag-republique-francaise","18":"tag-toulouse"},"share_on_mastodon":{"url":"https:\/\/pubeurope.com\/@fr\/115653340056126286","error":""},"_links":{"self":[{"href":"https:\/\/www.europesays.com\/fr\/wp-json\/wp\/v2\/posts\/574426","targetHints":{"allow":["GET"]}}],"collection":[{"href":"https:\/\/www.europesays.com\/fr\/wp-json\/wp\/v2\/posts"}],"about":[{"href":"https:\/\/www.europesays.com\/fr\/wp-json\/wp\/v2\/types\/post"}],"author":[{"embeddable":true,"href":"https:\/\/www.europesays.com\/fr\/wp-json\/wp\/v2\/users\/2"}],"replies":[{"embeddable":true,"href":"https:\/\/www.europesays.com\/fr\/wp-json\/wp\/v2\/comments?post=574426"}],"version-history":[{"count":0,"href":"https:\/\/www.europesays.com\/fr\/wp-json\/wp\/v2\/posts\/574426\/revisions"}],"wp:featuredmedia":[{"embeddable":true,"href":"https:\/\/www.europesays.com\/fr\/wp-json\/wp\/v2\/media\/574427"}],"wp:attachment":[{"href":"https:\/\/www.europesays.com\/fr\/wp-json\/wp\/v2\/media?parent=574426"}],"wp:term":[{"taxonomy":"category","embeddable":true,"href":"https:\/\/www.europesays.com\/fr\/wp-json\/wp\/v2\/categories?post=574426"},{"taxonomy":"post_tag","embeddable":true,"href":"https:\/\/www.europesays.com\/fr\/wp-json\/wp\/v2\/tags?post=574426"}],"curies":[{"name":"wp","href":"https:\/\/api.w.org\/{rel}","templated":true}]}}