{"id":574428,"date":"2025-12-03T02:44:13","date_gmt":"2025-12-03T02:44:13","guid":{"rendered":"https:\/\/www.europesays.com\/fr\/574428\/"},"modified":"2025-12-03T02:44:13","modified_gmt":"2025-12-03T02:44:13","slug":"face-a-toulouse-lalterna-stade-poitevin-sest-saborde","status":"publish","type":"post","link":"https:\/\/www.europesays.com\/fr\/574428\/","title":{"rendered":"face \u00e0 Toulouse, l\u2019Alterna Stade Poitevin s\u2019est sabord\u00e9"},"content":{"rendered":"<p><strong>Alterna Stade Poitevin\u00a0&#8211; Toulouse\u00a0: 2-3<\/strong><\/p>\n<p>Direction vestiaire. Dan Lewis a voulu faire passer un message juste apr\u00e8s le tie-break perdu contre Toulouse (2-3). L&rsquo;entra\u00eeneur canadien n\u2019\u00e9tait pas content des trois derniers sets. Et il l\u2019a fait remarquer \u00e0 ses troupes. \u00ab\u00a0Toutes les d\u00e9cisions doivent tourner autour du volley. Les gar\u00e7ons pensent \u00e0 trop de choses. Ils doivent choisir. Si tu veux \u00eatre un volleyeur professionnel, il faut penser au volley tout le temps\u00a0\u00bb, d\u00e9plorait-il, remont\u00e9, alors que sa formation a entam\u00e9 la derni\u00e8re manche par un terrible 0-5, provoquant la sortie de son homme fort en attaque Thomas Pujol.<\/p>\n<p>Tant\u00f4t \u00e9tincelant \u00e0 l\u2019image du premier set (9 points dont 2 bloks et un 100\u00a0% en attaque), tant\u00f4t frustrant avec trois petites unit\u00e9s marqu\u00e9es (18 au total) lors des trois derni\u00e8res manches remport\u00e9es par Toulouse. Il est finalement le barom\u00e8tre de cette \u00e9quipe en ce d\u00e9but de saison.<\/p>\n<p>\u00ab\u00a0Nous avons atteint un superbe niveau puis il y a eu un rel\u00e2chement\u00a0\u00bb<\/p>\n<p>Et la d\u00e9ception s\u2019est lu sur son visage. Bras crois\u00e9s et le regard vide lors du tie-break, il a \u00e9t\u00e9 r\u00e9confort\u00e9 aussi par Franco Massimino, rest\u00e9 sur le banc pour une douleur au dos et suppl\u00e9e par l\u2019habituel r\u00e9ceptionneur-attaquant Zachary Hollands&#8230;. <\/p>\n<p>    Cet article a \u00e9t\u00e9 tronqu\u00e9. Abonnez-vous pour lire l&rsquo;article complet sur notre site.<\/p>\n<p style=\"margin: 0 !important; padding: 0 !important; font-size: 12px !important;\">Cet article a \u00e9t\u00e9 tronqu\u00e9. Abonnez-vous pour lire l&rsquo;article complet.<\/p>\n<p>    <a href=\"https:\/\/www.lanouvellerepublique.fr\/abonnements\" style=\"display: inline-block; margin-top: 5px !important; padding: 6px 12px !important; background: #cb1c27; color: white; text-decoration: none; border-radius: 4px; font-size: 12px !important;\" target=\"_blank\" rel=\"noopener\"><br \/>\n      S&rsquo;abonner<br \/>\n    <\/a><\/p>\n","protected":false},"excerpt":{"rendered":"Alterna Stade Poitevin\u00a0&#8211; Toulouse\u00a0: 2-3 Direction vestiaire. Dan Lewis a voulu faire passer un message juste apr\u00e8s le&hellip;\n","protected":false},"author":2,"featured_media":574429,"comment_status":"","ping_status":"","sticky":false,"template":"","format":"standard","meta":{"footnotes":""},"categories":[2816],"tags":[1392,1111,11,1654,1777,674,1011,27,1655,12,2680,1653,25,60,2312,1584,1470],"class_list":{"0":"post-574428","1":"post","2":"type-post","3":"status-publish","4":"format-standard","5":"has-post-thumbnail","7":"category-toulouse","8":"tag-a-la-une-local","9":"tag-actu","10":"tag-actualites","11":"tag-alterna-stade-poitevin-volley-ball","12":"tag-eu","13":"tag-europe","14":"tag-fr","15":"tag-france","16":"tag-ligue-a","17":"tag-news","18":"tag-occitanie","19":"tag-poitiers","20":"tag-republique-francaise","21":"tag-sports","22":"tag-toulouse","23":"tag-vienne","24":"tag-volley"},"share_on_mastodon":{"url":"https:\/\/pubeurope.com\/@fr\/115653343015048050","error":""},"_links":{"self":[{"href":"https:\/\/www.europesays.com\/fr\/wp-json\/wp\/v2\/posts\/574428","targetHints":{"allow":["GET"]}}],"collection":[{"href":"https:\/\/www.europesays.com\/fr\/wp-json\/wp\/v2\/posts"}],"about":[{"href":"https:\/\/www.europesays.com\/fr\/wp-json\/wp\/v2\/types\/post"}],"author":[{"embeddable":true,"href":"https:\/\/www.europesays.com\/fr\/wp-json\/wp\/v2\/users\/2"}],"replies":[{"embeddable":true,"href":"https:\/\/www.europesays.com\/fr\/wp-json\/wp\/v2\/comments?post=574428"}],"version-history":[{"count":0,"href":"https:\/\/www.europesays.com\/fr\/wp-json\/wp\/v2\/posts\/574428\/revisions"}],"wp:featuredmedia":[{"embeddable":true,"href":"https:\/\/www.europesays.com\/fr\/wp-json\/wp\/v2\/media\/574429"}],"wp:attachment":[{"href":"https:\/\/www.europesays.com\/fr\/wp-json\/wp\/v2\/media?parent=574428"}],"wp:term":[{"taxonomy":"category","embeddable":true,"href":"https:\/\/www.europesays.com\/fr\/wp-json\/wp\/v2\/categories?post=574428"},{"taxonomy":"post_tag","embeddable":true,"href":"https:\/\/www.europesays.com\/fr\/wp-json\/wp\/v2\/tags?post=574428"}],"curies":[{"name":"wp","href":"https:\/\/api.w.org\/{rel}","templated":true}]}}