{"id":574434,"date":"2025-12-03T02:47:13","date_gmt":"2025-12-03T02:47:13","guid":{"rendered":"https:\/\/www.europesays.com\/fr\/574434\/"},"modified":"2025-12-03T02:47:13","modified_gmt":"2025-12-03T02:47:13","slug":"en-attendant-la-demolition-le-quotidien-degrade-de-la-tour-b-de-felix-pyat-a-marseille","status":"publish","type":"post","link":"https:\/\/www.europesays.com\/fr\/574434\/","title":{"rendered":"En attendant la d\u00e9molition, le quotidien d\u00e9grad\u00e9 de la tour B de F\u00e9lix-Pyat \u00e0 Marseille"},"content":{"rendered":"<p>\u00ab\u00a0Elle sera toujours debout dans dix ans.\u00a0\u00bb La pr\u00e9vision de Seyf, 27\u00a0ans dont une vingtaine pass\u00e9e dans le plus haut b\u00e2timent du parc Bellevue (3e), symbolise le flou qui entoure le devenir de la tour B chez ses habitants. Alors que <a href=\"https:\/\/www.laprovence.com\/article\/region\/1596427386882115\/marseille-etat-ville-et-metropole-actent-la-demolition-de-la-tour-b-de-felix-pyat\" target=\"_blank\" rel=\"noopener\">les institutions ont act\u00e9, en mai dernier, la destruction totale<\/a> de cet immeuble de grande hauteur (IGH), la M\u00e9tropole vient de lancer une concertation pr\u00e9alable sur la r\u00e9habilitation de la cit\u00e9 du 143, rue F\u00e9lix-Pyat (inscrite dans le dossier \u00e0 450\u00a0millions d\u2019euros du <a href=\"https:\/\/www.laprovence.com\/article\/edition-martigues-istres\/6688270\/pres-dun-milliard-demande-pour-renover-la-ville.html\" target=\"_blank\" rel=\"noopener\">Nouveau programme national de renouvellement urbain<\/a> &#8211; NPNRU &#8211; du \u00ab\u00a0grand centre-ville\u00a0\u00bb). Elle doit fixer les contours de la d\u00e9molition du b\u00e2timent mais aussi esquisser le relogement.<\/p>\n<p>La semaine derni\u00e8re, deux r\u00e9unions avec les repr\u00e9sentants de l\u2019\u00c9tat, de la Ville et de la M\u00e9tropole ont permis de pr\u00e9senter aux locataires et \u00e0 la douzaine de propri\u00e9taires \u00ab\u00a0les objectifs\u00a0\u00bb de cette op\u00e9ration. En attendant, les habitants continuent de vivre dans une tour de <a href=\"https:\/\/www.laprovence.com\/article\/region\/5667470010426914\/on-est-laisses-a-labandon-a-felix-pyat-a-marseille-ces-habitants-prives-dascenseur-grimpent-20-etages-a-pied\" target=\"_blank\" rel=\"noopener\">vingt \u00e9tages sans ascenseur<\/a> \u00ab\u00a0en \u00e9tat d\u2019obsolescence et de non-conformit\u00e9 avec les normes incendies\u00a0\u00bb, selon la M\u00e9tropole.<\/p>\n<p>\u00ab\u00a0Ne pas oublier que des gens continuent \u00e0 vivre ici\u00a0\u00bb<\/p>\n<p>Ce mercredi matin, dans le hall du B11-B12, aucun des quatre ascenseurs &#8230;<\/p>\n","protected":false},"excerpt":{"rendered":"\u00ab\u00a0Elle sera toujours debout dans dix ans.\u00a0\u00bb La pr\u00e9vision de Seyf, 27\u00a0ans dont une vingtaine pass\u00e9e dans le&hellip;\n","protected":false},"author":2,"featured_media":574435,"comment_status":"","ping_status":"","sticky":false,"template":"","format":"standard","meta":{"footnotes":""},"categories":[2814],"tags":[17,1111,11,32030,27253,5379,1777,674,1011,27,7397,151,884,51511,12,882,1404,25,104],"class_list":{"0":"post-574434","1":"post","2":"type-post","3":"status-publish","4":"format-standard","5":"has-post-thumbnail","7":"category-marseille","8":"tag-17","9":"tag-actu","10":"tag-actualites","11":"tag-attendant","12":"tag-degrade","13":"tag-demolition","14":"tag-eu","15":"tag-europe","16":"tag-fr","17":"tag-france","18":"tag-gens","19":"tag-les","20":"tag-marseille","21":"tag-morflent","22":"tag-news","23":"tag-provence-alpes-cote-dazur","24":"tag-quotidien","25":"tag-republique-francaise","26":"tag-societe"},"share_on_mastodon":{"url":"https:\/\/pubeurope.com\/@fr\/115653354874765367","error":""},"_links":{"self":[{"href":"https:\/\/www.europesays.com\/fr\/wp-json\/wp\/v2\/posts\/574434","targetHints":{"allow":["GET"]}}],"collection":[{"href":"https:\/\/www.europesays.com\/fr\/wp-json\/wp\/v2\/posts"}],"about":[{"href":"https:\/\/www.europesays.com\/fr\/wp-json\/wp\/v2\/types\/post"}],"author":[{"embeddable":true,"href":"https:\/\/www.europesays.com\/fr\/wp-json\/wp\/v2\/users\/2"}],"replies":[{"embeddable":true,"href":"https:\/\/www.europesays.com\/fr\/wp-json\/wp\/v2\/comments?post=574434"}],"version-history":[{"count":0,"href":"https:\/\/www.europesays.com\/fr\/wp-json\/wp\/v2\/posts\/574434\/revisions"}],"wp:featuredmedia":[{"embeddable":true,"href":"https:\/\/www.europesays.com\/fr\/wp-json\/wp\/v2\/media\/574435"}],"wp:attachment":[{"href":"https:\/\/www.europesays.com\/fr\/wp-json\/wp\/v2\/media?parent=574434"}],"wp:term":[{"taxonomy":"category","embeddable":true,"href":"https:\/\/www.europesays.com\/fr\/wp-json\/wp\/v2\/categories?post=574434"},{"taxonomy":"post_tag","embeddable":true,"href":"https:\/\/www.europesays.com\/fr\/wp-json\/wp\/v2\/tags?post=574434"}],"curies":[{"name":"wp","href":"https:\/\/api.w.org\/{rel}","templated":true}]}}