{"id":574436,"date":"2025-12-03T02:48:34","date_gmt":"2025-12-03T02:48:34","guid":{"rendered":"https:\/\/www.europesays.com\/fr\/574436\/"},"modified":"2025-12-03T02:48:34","modified_gmt":"2025-12-03T02:48:34","slug":"apres-son-alliance-avec-le-rn-stephane-ravier-redore-son-blason-liberation","status":"publish","type":"post","link":"https:\/\/www.europesays.com\/fr\/574436\/","title":{"rendered":"apr\u00e8s son alliance avec le RN, St\u00e9phane Ravier redore son blason \u2013 Lib\u00e9ration"},"content":{"rendered":"<p class=\"sc-cPiKLX AiZTS text-element\">St\u00e9phane Ravier \u00e9tait nulle part, voil\u00e0 qu\u2019il est partout. Depuis qu\u2019il a <a href=\"https:\/\/www.liberation.fr\/politique\/marseille-lancien-zemmouriste-stephane-ravier-se-retire-et-soutient-le-rn-franck-allisio-pour-2026-20251003_JIH46FR26JBHXCEPPWFQKRSVVA\/\" target=\"_blank\" rel=\"noopener\" title=\"https:\/\/www.liberation.fr\/politique\/marseille-lancien-zemmouriste-stephane-ravier-se-retire-et-soutient-le-rn-franck-allisio-pour-2026-20251003_JIH46FR26JBHXCEPPWFQKRSVVA\/\">renonc\u00e9, d\u00e9but octobre, \u00e0 briguer la mairie de Marseille<\/a> pour soutenir \u00absans r\u00e9serve\u00bb le candidat RN <a href=\"https:\/\/www.liberation.fr\/politique\/elections\/rn-dans-les-bouches-du-rhone-franck-allisio-un-techno-sans-accroc-20220516_5TN2AJ44HNH7BHMFILNOH3GW5Q\/\" target=\"_blank\" rel=\"noopener\" title=\"https:\/\/www.liberation.fr\/politique\/elections\/rn-dans-les-bouches-du-rhone-franck-allisio-un-techno-sans-accroc-20220516_5TN2AJ44HNH7BHMFILNOH3GW5Q\/\">Franck Allisio<\/a>, le s\u00e9nateur ex-Reconqu\u00eate a retrouv\u00e9 sa place sur la photo. A la Foire de Marseille dans la foul\u00e9e de l\u2019annonce, sirotant un blanc avec son nouvel alli\u00e9. Ensemble \u00e0 nouveau une vingtaine de jours plus tard, \u00e0 la projection du <a href=\"https:\/\/www.liberation.fr\/checknews\/que-sait-on-de-sacre-coeur-le-film-chretien-propulse-par-les-medias-du-groupe-bollore-20251014_YLSEV3IDGNC7TGNDWGGRROXBSM\/\" target=\"_blank\" rel=\"noreferrer noopener\" title=\"https:\/\/www.liberation.fr\/checknews\/que-sait-on-de-sacre-coeur-le-film-chretien-propulse-par-les-medias-du-groupe-bollore-20251014_YLS&lt;\/p&gt;&lt;\/div&gt;&lt;\/article&gt;&lt;\/div&gt;&lt;div data-fusion-lazy-id=\" f0f8vgvlad832fw=\"\"><\/p>\n","protected":false},"excerpt":{"rendered":"St\u00e9phane Ravier \u00e9tait nulle part, voil\u00e0 qu\u2019il est partout. Depuis qu\u2019il a renonc\u00e9, d\u00e9but octobre, \u00e0 briguer la&hellip;\n","protected":false},"author":2,"featured_media":574437,"comment_status":"","ping_status":"","sticky":false,"template":"","format":"standard","meta":{"footnotes":""},"categories":[2814],"tags":[1111,11,1777,674,1011,27,884,5945,68759,12,882,10838,25,2848],"class_list":{"0":"post-574436","1":"post","2":"type-post","3":"status-publish","4":"format-standard","5":"has-post-thumbnail","7":"category-marseille","8":"tag-actu","9":"tag-actualites","10":"tag-eu","11":"tag-europe","12":"tag-fr","13":"tag-france","14":"tag-marseille","15":"tag-municipales-elections","16":"tag-municipales-elections-marseille","17":"tag-news","18":"tag-provence-alpes-cote-dazur","19":"tag-reconquete","20":"tag-republique-francaise","21":"tag-rn"},"share_on_mastodon":{"url":"https:\/\/pubeurope.com\/@fr\/115653359099900417","error":""},"_links":{"self":[{"href":"https:\/\/www.europesays.com\/fr\/wp-json\/wp\/v2\/posts\/574436","targetHints":{"allow":["GET"]}}],"collection":[{"href":"https:\/\/www.europesays.com\/fr\/wp-json\/wp\/v2\/posts"}],"about":[{"href":"https:\/\/www.europesays.com\/fr\/wp-json\/wp\/v2\/types\/post"}],"author":[{"embeddable":true,"href":"https:\/\/www.europesays.com\/fr\/wp-json\/wp\/v2\/users\/2"}],"replies":[{"embeddable":true,"href":"https:\/\/www.europesays.com\/fr\/wp-json\/wp\/v2\/comments?post=574436"}],"version-history":[{"count":0,"href":"https:\/\/www.europesays.com\/fr\/wp-json\/wp\/v2\/posts\/574436\/revisions"}],"wp:featuredmedia":[{"embeddable":true,"href":"https:\/\/www.europesays.com\/fr\/wp-json\/wp\/v2\/media\/574437"}],"wp:attachment":[{"href":"https:\/\/www.europesays.com\/fr\/wp-json\/wp\/v2\/media?parent=574436"}],"wp:term":[{"taxonomy":"category","embeddable":true,"href":"https:\/\/www.europesays.com\/fr\/wp-json\/wp\/v2\/categories?post=574436"},{"taxonomy":"post_tag","embeddable":true,"href":"https:\/\/www.europesays.com\/fr\/wp-json\/wp\/v2\/tags?post=574436"}],"curies":[{"name":"wp","href":"https:\/\/api.w.org\/{rel}","templated":true}]}}