{"id":574443,"date":"2025-12-03T02:53:13","date_gmt":"2025-12-03T02:53:13","guid":{"rendered":"https:\/\/www.europesays.com\/fr\/574443\/"},"modified":"2025-12-03T02:53:13","modified_gmt":"2025-12-03T02:53:13","slug":"ladministration-trump-limoge-huit-juges-charges-de-limmigration-a-new-york","status":"publish","type":"post","link":"https:\/\/www.europesays.com\/fr\/574443\/","title":{"rendered":"L\u2019administration Trump limoge huit juges charg\u00e9s de l\u2019immigration \u00e0 New York"},"content":{"rendered":"<p>                      <img loading=\"lazy\" decoding=\"async\" src=\"https:\/\/www.europesays.com\/fr\/wp-content\/uploads\/2025\/12\/b2586fc_ftp-import-images-1-cf0w5az3nhv6-2025-11-12t133441z-565762903-rc2mghaqv1ai-rtrmadp-3-usa-mig.jpeg\" alt=\"Des agents f\u00e9d\u00e9raux devant le 26\u00a0Federal Plaza, \u00e0 New York, le 21\u00a0octobre\u00a02025.\"   width=\"664\" height=\"443\"\/>    Des agents f\u00e9d\u00e9raux devant le 26\u00a0Federal Plaza, \u00e0 New York, le 21\u00a0octobre\u00a02025.  EDUARDO MUNOZ\/REUTERS                          <\/p>\n<p class=\"article__paragraph  \">Huit juges charg\u00e9s des questions d\u2019immigration \u00e0 New York ont \u00e9t\u00e9 limog\u00e9s, lundi 1\u1d49\u02b3\u00a0d\u00e9cembre, par le minist\u00e8re de la justice, a annonc\u00e9 mardi l\u2019association qui les repr\u00e9sente, sur fond de tensions entre leur profession et l\u2019administration Trump.<\/p>\n<p class=\"article__paragraph  \">Selon l\u2019Association nationale des juges charg\u00e9s de l\u2019immigration (NAIJ), qui confirme des informations de presse, les huit magistrats officient tous au 26\u00a0Federal Plaza, \u00e0 Manhattan, qui abrite une cour charg\u00e9e d\u2019\u00e9tudier les cas des migrants tentant de r\u00e9gulariser leur situation.<\/p>\n<p class=\"article__paragraph  \">Depuis des mois, des policiers f\u00e9d\u00e9raux aux visages masqu\u00e9s arpentent quotidiennement les couloirs de ce b\u00e2timent et proc\u00e8dent \u00e0 des arrestations de migrants \u00e0 la sortie des audiences, sous l\u2019\u0153il de la presse, \u00e9galement pr\u00e9sente chaque jour.<\/p>\n<p>                                       Lire aussi |  Article r\u00e9serv\u00e9 \u00e0 nos abonn\u00e9s  <a href=\"https:\/\/www.lemonde.fr\/international\/article\/2025\/10\/02\/aux-etats-unis-les-agents-de-l-ice-visages-masques-de-la-politique-migratoire-de-donald-trump_6644024_3210.html\" class=\"js-article-read-also catcher--favoris__link\" data-premium=\"1\" id=\"article-title-3440490\" target=\"_blank\" rel=\"noopener\">Aux Etats-Unis, les agents de l\u2019ICE, visages masqu\u00e9s de la politique migratoire de Donald Trump<\/a>    <\/p>\n<p>   Lire plus tard  <\/p>\n<p class=\"article__paragraph  \">Plusieurs sc\u00e8nes d\u2019empoignades par la police, de familles s\u00e9par\u00e9es, ont fait le tour du monde, faisant du 26 Federal Plaza un lieu embl\u00e9matique du brutal tour de vis op\u00e9r\u00e9 par l\u2019administration Trump \u00e0 l\u2019\u00e9gard des migrants en situation irr\u00e9guli\u00e8re dans le pays.<\/p>\n<p class=\"article__paragraph  \">On ignore ce qui a pr\u00e9sid\u00e9 au choix des huit juges limog\u00e9s. Mais ils rejoignent les quelque 90, selon un calcul du <a href=\"https:\/\/www.nytimes.com\/2025\/12\/01\/nyregion\/immigration-judges-fired-trump.html\" target=\"_blank\" rel=\"noopener\" title=\"Nouvelle fen\u00eatre\">New York Times<\/a>, cong\u00e9di\u00e9s durant l\u2019ann\u00e9e dans l\u2019ensemble du pays (sur environ 600). Pour les associations de d\u00e9fense des migrants, ces d\u00e9parts visent \u00e0 remplacer les juges sortants par des professionnels plus align\u00e9s avec la politique gouvernementale.<\/p>\n<p>                    Mobilisation face aux op\u00e9rations polici\u00e8res                    <\/p>\n<p class=\"article__paragraph  \">Cette annonce survient alors que, durant le week-end, plusieurs dizaines de personnes se sont rassembl\u00e9es \u00e0 Manhattan pour emp\u00eacher une possible intervention de la police de l\u2019immigration (ICE) contre des vendeurs de rue. La police de New York a proc\u00e9d\u00e9 \u00e0 plusieurs interpellations.<\/p>\n<p class=\"article__paragraph  \">Fin octobre, une op\u00e9ration de m\u00eame ordre de la police f\u00e9d\u00e9rale dans la tr\u00e8s touristique Canal Street avait \u00e9galement provoqu\u00e9 des rassemblements de personnes tentant de s\u2019y opposer. En tant que \u00ab\u00a0ville sanctuaire\u00a0\u00bb pour les migrants, la ville de New York limite volontairement la coop\u00e9ration entre ses autorit\u00e9s locales et les services f\u00e9d\u00e9raux d\u2019immigration, mais elle n\u2019emp\u00eache pas leurs op\u00e9rations.<\/p>\n<p>                                       Lire aussi |  Article r\u00e9serv\u00e9 \u00e0 nos abonn\u00e9s  <a href=\"https:\/\/www.lemonde.fr\/international\/article\/2025\/12\/02\/refugies-residents-permanents-ou-meme-citoyens-naturalises-l-administration-trump-cible-la-figure-de-l-etranger-bien-au-dela-des-sans-papiers_6655643_3210.html\" class=\"js-article-read-also catcher--favoris__link\" data-premium=\"1\" id=\"article-title-3449028\" target=\"_blank\" rel=\"noopener\">R\u00e9fugi\u00e9s, r\u00e9sidents permanents ou m\u00eame citoyens naturalis\u00e9s\u00a0: l\u2019administration Trump cible la figure de l\u2019\u00e9tranger, bien au-del\u00e0 des sans-papiers<\/a>    <\/p>\n<p>   Lire plus tard  <\/p>\n<p class=\"author__detail\">  Le Monde avec AFP  <\/p>\n<p>                <a href=\"https:\/\/www.lemonde.fr\/syndication\/\" class=\"reuse__content\" title=\"R\u00e9utiliser ce contenu\" target=\"_blank\" rel=\"noopener\">R\u00e9utiliser ce contenu<\/a>      <\/p>\n","protected":false},"excerpt":{"rendered":"Des agents f\u00e9d\u00e9raux devant le 26\u00a0Federal Plaza, \u00e0 New York, le 21\u00a0octobre\u00a02025. EDUARDO MUNOZ\/REUTERS Huit juges charg\u00e9s des&hellip;\n","protected":false},"author":2,"featured_media":574444,"comment_status":"","ping_status":"","sticky":false,"template":"","format":"standard","meta":{"footnotes":""},"categories":[1888],"tags":[1111,1928,11,1927,1777,674,1011,27,12,1926,626,1925,25],"class_list":{"0":"post-574443","1":"post","2":"type-post","3":"status-publish","4":"format-standard","5":"has-post-thumbnail","7":"category-paris","8":"tag-actu","9":"tag-actu-paris","10":"tag-actualites","11":"tag-actualites-paris","12":"tag-eu","13":"tag-europe","14":"tag-fr","15":"tag-france","16":"tag-news","17":"tag-news-paris","18":"tag-paris","19":"tag-paris-news","20":"tag-republique-francaise"},"share_on_mastodon":{"url":"https:\/\/pubeurope.com\/@fr\/115653379043809107","error":""},"_links":{"self":[{"href":"https:\/\/www.europesays.com\/fr\/wp-json\/wp\/v2\/posts\/574443","targetHints":{"allow":["GET"]}}],"collection":[{"href":"https:\/\/www.europesays.com\/fr\/wp-json\/wp\/v2\/posts"}],"about":[{"href":"https:\/\/www.europesays.com\/fr\/wp-json\/wp\/v2\/types\/post"}],"author":[{"embeddable":true,"href":"https:\/\/www.europesays.com\/fr\/wp-json\/wp\/v2\/users\/2"}],"replies":[{"embeddable":true,"href":"https:\/\/www.europesays.com\/fr\/wp-json\/wp\/v2\/comments?post=574443"}],"version-history":[{"count":0,"href":"https:\/\/www.europesays.com\/fr\/wp-json\/wp\/v2\/posts\/574443\/revisions"}],"wp:featuredmedia":[{"embeddable":true,"href":"https:\/\/www.europesays.com\/fr\/wp-json\/wp\/v2\/media\/574444"}],"wp:attachment":[{"href":"https:\/\/www.europesays.com\/fr\/wp-json\/wp\/v2\/media?parent=574443"}],"wp:term":[{"taxonomy":"category","embeddable":true,"href":"https:\/\/www.europesays.com\/fr\/wp-json\/wp\/v2\/categories?post=574443"},{"taxonomy":"post_tag","embeddable":true,"href":"https:\/\/www.europesays.com\/fr\/wp-json\/wp\/v2\/tags?post=574443"}],"curies":[{"name":"wp","href":"https:\/\/api.w.org\/{rel}","templated":true}]}}