{"id":574449,"date":"2025-12-03T02:56:18","date_gmt":"2025-12-03T02:56:18","guid":{"rendered":"https:\/\/www.europesays.com\/fr\/574449\/"},"modified":"2025-12-03T02:56:18","modified_gmt":"2025-12-03T02:56:18","slug":"entre-le-ps-et-les-ecologistes-un-accord-imminent-pas-si-evident-liberation","status":"publish","type":"post","link":"https:\/\/www.europesays.com\/fr\/574449\/","title":{"rendered":"entre le PS et Les Ecologistes, un accord \u00abimminent\u00bb pas si \u00e9vident \u2013 Lib\u00e9ration"},"content":{"rendered":"<p class=\"sc-cPiKLX AiZTS text-element\">\u00abC\u2019est imminent\u00bb, disent certains. <a href=\"https:\/\/www.liberation.fr\/politique\/municipales-a-paris-les-socialistes-optimistes-sur-un-accord-de-toute-la-gauche-hors-lfi-avant-le-premier-tour-20251113_6OVJTQVK2FBMRAAOSVI24WV3C4\/?redirected=1\" target=\"_blank\" rel=\"noreferrer noopener\" title=\"https:\/\/www.liberation.fr\/politique\/municipales-a-paris-les-socialistes-optimistes-sur-un-accord-de-toute-la-gauche-hors-lfi-avant-le-premier-tour-20251113_6OVJTQVK2FBMRAAOSVI24WV3C4\/?redirected=1\">\u00abPour bient\u00f4t\u2026 dans les quinze jours\u00bb, promettent d\u2019autres<\/a>. Voil\u00e0 d\u00e9sormais plusieurs semaines que la gauche parisienne (hors La France insoumise) discute union en vue des municipales des 15 et 22 mars. Jusqu\u2019\u00e0 pr\u00e9sent, les socialistes, alli\u00e9s aux communistes, et les \u00e9cologistes comptaient partir chacun de leur c\u00f4t\u00e9 au premier tour, pour se retrouver au second. Les m\u00eames estiment d\u00e9sormais que <a href=\"https:\/\/www.liberation.fr\/politique\/loi-plm-les-deputes-adoptent-larticle-phare-de-la-reforme-du-mode-de-scrutin-a-paris-lyon-et-marseille-20250409_XTE25KNEI5EINPZJOHNIAFDTXI\/?redirected=1\" target=\"_blank\" rel=\"noreferrer noopener\" title=\"https:\/\/www.liberation.fr\/politique\/loi-plm-les-deputes-adoptent-larticle-phare-de-la-reforme-du-mode-de-scrutin-a-paris-lyon-et-marseille-20250409_XTE25KNEI5EINPZJOHNIAFDTXI\/?redirected=1\">le changement de mode de scrutin<\/a> n\u00e9cessite un rapprochement d\u00e8s la ligne de d\u00e9part. Qui plus est face \u00e0 une candidate aussi coriace et m\u00e9diatique que la ministre de la Cul<\/p>\n","protected":false},"excerpt":{"rendered":"\u00abC\u2019est imminent\u00bb, disent certains. \u00abPour bient\u00f4t\u2026 dans les quinze jours\u00bb, promettent d\u2019autres. Voil\u00e0 d\u00e9sormais plusieurs semaines que la&hellip;\n","protected":false},"author":2,"featured_media":574450,"comment_status":"","ping_status":"","sticky":false,"template":"","format":"standard","meta":{"footnotes":""},"categories":[1888],"tags":[11,2618,30253,2286,8186,1777,674,1011,27,35698,68867,12,626,429,25],"class_list":{"0":"post-574449","1":"post","2":"type-post","3":"status-publish","4":"format-standard","5":"has-post-thumbnail","7":"category-paris","8":"tag-actualites","9":"tag-anne-hidalgo","10":"tag-david-belliard","11":"tag-eelv","12":"tag-emmanuel-gregoire","13":"tag-eu","14":"tag-europe","15":"tag-fr","16":"tag-france","17":"tag-ian-brossat","18":"tag-municipales-elections-paris","19":"tag-news","20":"tag-paris","21":"tag-ps","22":"tag-republique-francaise"},"share_on_mastodon":{"url":"https:\/\/pubeurope.com\/@fr\/115653390073282658","error":""},"_links":{"self":[{"href":"https:\/\/www.europesays.com\/fr\/wp-json\/wp\/v2\/posts\/574449","targetHints":{"allow":["GET"]}}],"collection":[{"href":"https:\/\/www.europesays.com\/fr\/wp-json\/wp\/v2\/posts"}],"about":[{"href":"https:\/\/www.europesays.com\/fr\/wp-json\/wp\/v2\/types\/post"}],"author":[{"embeddable":true,"href":"https:\/\/www.europesays.com\/fr\/wp-json\/wp\/v2\/users\/2"}],"replies":[{"embeddable":true,"href":"https:\/\/www.europesays.com\/fr\/wp-json\/wp\/v2\/comments?post=574449"}],"version-history":[{"count":0,"href":"https:\/\/www.europesays.com\/fr\/wp-json\/wp\/v2\/posts\/574449\/revisions"}],"wp:featuredmedia":[{"embeddable":true,"href":"https:\/\/www.europesays.com\/fr\/wp-json\/wp\/v2\/media\/574450"}],"wp:attachment":[{"href":"https:\/\/www.europesays.com\/fr\/wp-json\/wp\/v2\/media?parent=574449"}],"wp:term":[{"taxonomy":"category","embeddable":true,"href":"https:\/\/www.europesays.com\/fr\/wp-json\/wp\/v2\/categories?post=574449"},{"taxonomy":"post_tag","embeddable":true,"href":"https:\/\/www.europesays.com\/fr\/wp-json\/wp\/v2\/tags?post=574449"}],"curies":[{"name":"wp","href":"https:\/\/api.w.org\/{rel}","templated":true}]}}