{"id":574453,"date":"2025-12-03T02:58:12","date_gmt":"2025-12-03T02:58:12","guid":{"rendered":"https:\/\/www.europesays.com\/fr\/574453\/"},"modified":"2025-12-03T02:58:12","modified_gmt":"2025-12-03T02:58:12","slug":"face-a-lemissaire-de-trump-poutine-reste-intransigeant-sur-ses-revendications","status":"publish","type":"post","link":"https:\/\/www.europesays.com\/fr\/574453\/","title":{"rendered":"Face \u00e0 l\u2019\u00e9missaire de Trump, Poutine reste intransigeant sur ses revendications"},"content":{"rendered":"<p><a href=\"https:\/\/www.20minutes.fr\/monde\/ukraine\/4189247-20251202-guerre-ukraine-poutine-menace-europe-deroule-tapis-rouge-emissaires-americains\" target=\"_blank\" class=\"c-link c-link--is-underlined\" rel=\"noopener\">Vladimir Poutine<\/a> reste inflexible. Sa rencontre mardi en Russie avec <a href=\"https:\/\/www.20minutes.fr\/monde\/ukraine\/4189203-20251202-guerre-ukraine-roule-steve-witkoff-emissaire-americain-donald-trump-russie\" target=\"_blank\" class=\"c-link c-link--is-underlined\" rel=\"noopener\">l\u2019\u00e9missaire am\u00e9ricain Steve Witkoff<\/a> n\u2019a en effet pas permis de faire changer, ou tout du moins amender, la position du ma\u00eetre du Kremlin sur la tr\u00e8s sensible question des territoires occup\u00e9s par la Russie en Ukraine.<\/p>\n<p>L\u2019\u00e9missaire sp\u00e9cial de Donald Trump, accompagn\u00e9 du gendre du pr\u00e9sident am\u00e9ricain, Jared Kushner, s\u2019est entretenu pendant pr\u00e8s de cinq heures au Kremlin avec le pr\u00e9sident russe \u00e0 propos du plan de Washington pour mettre fin \u00e0 quatre ans de guerre. Pr\u00e9sent\u00e9 par les Etats-Unis il y a deux semaines, il avait depuis \u00e9t\u00e9 depuis \u00e9t\u00e9 retravaill\u00e9 <a href=\"https:\/\/www.20minutes.fr\/monde\/ukraine\/4187367-20251124-guerre-ukraine-washington-tres-optimiste-possibilite-conclure-tres-vite-accord-paix\" target=\"_blank\" class=\"c-link c-link--is-underlined\" rel=\"noopener\">lors de consultations avec les Ukrainiens<\/a> car jug\u00e9 par Kiev et les Europ\u00e9ens trop favorable \u00e0 Moscou.<\/p>\n<p>Une discussion \u00ab\u00a0constructive\u00a0\u00bb, selon la Russie<\/p>\n<p>\u00ab\u00a0Nous avons pu nous mettre d\u2019accord sur certains points [\u2026], d\u2019autres ont suscit\u00e9 des critiques, mais l\u2019essentiel est qu\u2019une discussion constructive ait eu lieu et que les parties aient d\u00e9clar\u00e9 leur volont\u00e9 de poursuivre leurs efforts\u00a0\u00bb, a indiqu\u00e9 le conseiller diplomatique du Kremlin, Iouri Ouchakov.<\/p>\n<\/p>\n<p>Sur la question des territoires occup\u00e9s par la Russie en Ukraine, qui repr\u00e9sentent environ 19\u00a0% du pays, \u00ab\u00a0aucune solution de compromis n\u2019a encore \u00e9t\u00e9 choisie\u00a0\u00bb, bien que \u00ab\u00a0certaines propositions am\u00e9ricaines peuvent \u00eatre discut\u00e9es\u00a0\u00bb, a pr\u00e9cis\u00e9 Iouri Ouchakov. Le diplomate russe a en outre qualifi\u00e9 la discussion d&rsquo;\u00ab\u00a0utile\u00a0\u00bb, mais pr\u00e9venu qu\u2019il \u00ab\u00a0reste encore beaucoup de travail\u00a0\u00bb pour parvenir \u00e0 un accord, alors que les troupes russes ont acc\u00e9l\u00e9r\u00e9 leur avanc\u00e9e sur le front.<\/p>\n<p><a href=\"https:\/\/www.20minutes.fr\/monde\/ukraine\/\" target=\"_blank\" class=\"c-link c-btn c-btn--primary\" rel=\"noopener\">Notre dossier sur la Guerre en Ukraine<\/a><\/p>\n<p>Apr\u00e8s cet entretien avec les Russes \u00e0 Moscou, Steve Witkoff et Jared Kushner pourraient rencontrer ce mercredi en Europe une d\u00e9l\u00e9gation de Kiev, selon une source ukrainienne.<\/p>\n","protected":false},"excerpt":{"rendered":"Vladimir Poutine reste inflexible. Sa rencontre mardi en Russie avec l\u2019\u00e9missaire am\u00e9ricain Steve Witkoff n\u2019a en effet pas&hellip;\n","protected":false},"author":2,"featured_media":574454,"comment_status":"","ping_status":"","sticky":false,"template":"","format":"standard","meta":{"footnotes":""},"categories":[1590],"tags":[47,11,75,73,1777,674,131,74,12,132,220,555,133,135,134],"class_list":{"0":"post-574453","1":"post","2":"type-post","3":"status-publish","4":"format-standard","5":"has-post-thumbnail","7":"category-ukraine","8":"tag-actualite","9":"tag-actualites","10":"tag-donald-trump","11":"tag-etats-unis","12":"tag-eu","13":"tag-europe","14":"tag-guerre-en-ukraine","15":"tag-monde","16":"tag-news","17":"tag-russie","18":"tag-ukraine","19":"tag-union-europeenne-ue","20":"tag-video","21":"tag-vladimir-poutine","22":"tag-volodymyr-zelensky"},"share_on_mastodon":{"url":"https:\/\/pubeurope.com\/@fr\/115653398003288883","error":""},"_links":{"self":[{"href":"https:\/\/www.europesays.com\/fr\/wp-json\/wp\/v2\/posts\/574453","targetHints":{"allow":["GET"]}}],"collection":[{"href":"https:\/\/www.europesays.com\/fr\/wp-json\/wp\/v2\/posts"}],"about":[{"href":"https:\/\/www.europesays.com\/fr\/wp-json\/wp\/v2\/types\/post"}],"author":[{"embeddable":true,"href":"https:\/\/www.europesays.com\/fr\/wp-json\/wp\/v2\/users\/2"}],"replies":[{"embeddable":true,"href":"https:\/\/www.europesays.com\/fr\/wp-json\/wp\/v2\/comments?post=574453"}],"version-history":[{"count":0,"href":"https:\/\/www.europesays.com\/fr\/wp-json\/wp\/v2\/posts\/574453\/revisions"}],"wp:featuredmedia":[{"embeddable":true,"href":"https:\/\/www.europesays.com\/fr\/wp-json\/wp\/v2\/media\/574454"}],"wp:attachment":[{"href":"https:\/\/www.europesays.com\/fr\/wp-json\/wp\/v2\/media?parent=574453"}],"wp:term":[{"taxonomy":"category","embeddable":true,"href":"https:\/\/www.europesays.com\/fr\/wp-json\/wp\/v2\/categories?post=574453"},{"taxonomy":"post_tag","embeddable":true,"href":"https:\/\/www.europesays.com\/fr\/wp-json\/wp\/v2\/tags?post=574453"}],"curies":[{"name":"wp","href":"https:\/\/api.w.org\/{rel}","templated":true}]}}