{"id":574459,"date":"2025-12-03T03:01:22","date_gmt":"2025-12-03T03:01:22","guid":{"rendered":"https:\/\/www.europesays.com\/fr\/574459\/"},"modified":"2025-12-03T03:01:22","modified_gmt":"2025-12-03T03:01:22","slug":"coupe-dallemagne-leverkusen-fait-tomber-dortmund","status":"publish","type":"post","link":"https:\/\/www.europesays.com\/fr\/574459\/","title":{"rendered":"Coupe d&rsquo;Allemagne : Leverkusen fait tomber Dortmund"},"content":{"rendered":"<p>\n    Le Bayer s\u2019est impos\u00e9 sur la pelouse du BVB, ce mardi, pour rallier les quarts de finale de la coupe nationale.<\/p>\n<p class=\"fig-paragraph\">Le Bayer frappe fort.\u00a0<a href=\"http:\/\/www.lefigaro.fr\/sports\/football\/ligue-des-champions\/ligue-des-champions-chelsea-domine-barcelone-city-se-fait-surprendre-par-leverkusen-les-resultats-de-ce-multiplex-20251125\" data-fig-type=\"NewsFlash\" data-gtm-custom-categorie=\"navigation\" data-gtm-custom-action=\"crossclick\" data-gtm-custom-label=\"Contextuel\" data-gtm-event=\"customEventSPE\" data-fig-domain=\"LEFIGARO\" target=\"_blank\" rel=\"noopener\">Leverkusen<\/a>\u00a0s&rsquo;est qualifi\u00e9 pour les quarts de finale de la Coupe d&rsquo;Allemagne en allant s&rsquo;imposer mardi soir sur la pelouse du Borussia Dortmund (1-0), gr\u00e2ce \u00e0 un but de l&rsquo;international alg\u00e9rien Ibrahim Maza.<\/p>\n<p class=\"fig-paragraph\">Double vainqueur de la Coupe, en 1993 et en 2024, Leverkusen a ouvert la marque peu apr\u00e8s la demi-heure de jeu. L&rsquo;Espagnol Alejandro Grimaldo a trouv\u00e9 Ibrahim Maza (20 ans) dans la surface, qui a profit\u00e9 d&rsquo;un cafouillage de Waldemar Anton pour tromper Gregor Kobel.<\/p>\n<p>                                            <a class=\"fig-a11y-skip\" href=\"#fig-a11y-skip-main-inarticle\" data-module=\"a11y-skip\" data-context=\"was @visible\"><br \/>\n    Passer la publicit\u00e9<br \/>\n<\/a>            <\/p>\n<p>                                            Revanche<\/p>\n<p class=\"fig-paragraph\">Les hommes de Kasper Hjulmand ont pens\u00e9 avoir fait le plus dur en doublant la mise \u00e0 l&rsquo;heure de jeu par Martin Terrier, mais le but a \u00e9t\u00e9 refus\u00e9 pour une position de hors-jeu de Maza au d\u00e9part de l&rsquo;action.<\/p>\n<p class=\"fig-paragraph\">En fin de match, ils ont r\u00e9sist\u00e9 \u00e0 la forte pression du BVB, pouss\u00e9 par les 81.365 spectateurs du Westfalenstadion, pour conserver leur court avantage. Ils prennent ainsi leur revanche sur leur d\u00e9faite il y a trois jours en championnat contre ce m\u00eame Borussia Dortmund (2-1), dans leur BayArena.<\/p>\n<p>                                            \u00c7a passe aussi pour Leipzig<\/p>\n<p class=\"fig-paragraph\">Le RB Leipzig s\u2019est \u00e9galement qualifi\u00e9 mardi pour les quarts de finale de la Coupe d\u2019Allemagne, aux d\u00e9pens de Magdebourg (3-1), pensionnaire de 2e division.<\/p>\n<p class=\"fig-paragraph\">\u00c0 l\u2019Olympiastadion de Berlin, o\u00f9 se d\u00e9roulera la finale le samedi 23 mai, le Hertha a corrig\u00e9 (6-1) Kaiserslautern, finaliste en 2024 (d\u00e9faite contre Leverkusen). Kennet Eichhorn est devenu \u00e0 16 ans et 128 jours le plus jeune buteur de la Coupe d\u2019Allemagne.<\/p>\n<p class=\"fig-paragraph\">Mercredi, le Bayern, qui n\u2019a plus atteint le dernier carr\u00e9 de la comp\u00e9tition depuis son 20e et dernier sacre (le record) en 2020, se d\u00e9placera sur la pelouse de l\u2019Union Berlin pour tenter de poursuivre son aventure en Coupe.<\/p>\n<p>                                            <a class=\"fig-a11y-skip\" href=\"#fig-a11y-skip-main-inarticle_mtf\" data-module=\"a11y-skip\" data-context=\"was @visible\"><br \/>\n    Passer la publicit\u00e9<br \/>\n<\/a>            <\/p>\n<p class=\"fig-paragraph\"><strong>R\u00e9sultats<\/strong><\/p>\n<p class=\"fig-paragraph\">(+) Hertha Berlin (D2) &#8211; Kaiserslautern (D2) 6 &#8211; 1<\/p>\n<p class=\"fig-paragraph\">Borussia M\u00f6nchengladbach (D1) &#8211; (+) St. Pauli (D1) 1 &#8211; 2<\/p>\n<p class=\"fig-paragraph\">(+) RB Leipzig (D1) &#8211; Magdebourg (D2) 3 &#8211; 1<\/p>\n<p class=\"fig-paragraph\">Borussia Dortmund (D1) &#8211; (+) Bayer Leverkusen (D1) 0 &#8211; 1<\/p>\n<p>                                            <a class=\"fig-a11y-skip\" href=\"#fig-a11y-skip-main-inarticle_btf\" data-module=\"a11y-skip\" data-context=\"was @visible\"><br \/>\n    Passer la publicit\u00e9<br \/>\n<\/a>            <\/p>\n<p class=\"fig-paragraph\"><strong>Mercredi<\/strong><\/p>\n<p class=\"fig-paragraph\">(18h00) Bochum (D2) &#8211; Stuttgart (D1)<\/p>\n<p class=\"fig-paragraph\">Fribourg (D1) &#8211; Darmstadt (D2)<\/p>\n<p class=\"fig-paragraph\">(20h45) Hambourg SV (D1) &#8211; Kiel (D2)<\/p>\n<p class=\"fig-paragraph\">Union Berlin (D1) &#8211; Bayern Munich (D1)<\/p>\n","protected":false},"excerpt":{"rendered":"Le Bayer s\u2019est impos\u00e9 sur la pelouse du BVB, ce mardi, pour rallier les quarts de finale de&hellip;\n","protected":false},"author":2,"featured_media":574460,"comment_status":"","ping_status":"","sticky":false,"template":"","format":"standard","meta":{"footnotes":""},"categories":[1587],"tags":[11,672,11005,5696,1804,1805,1803,1777,674,1801,12,1802],"class_list":{"0":"post-574459","1":"post","2":"type-post","3":"status-publish","4":"format-standard","5":"has-post-thumbnail","7":"category-allemagne","8":"tag-actualites","9":"tag-allemagne","10":"tag-bayer-leverkusen","11":"tag-borussia-dortmund","12":"tag-bundesrepublik-deutschland","13":"tag-de","14":"tag-deutschland","15":"tag-eu","16":"tag-europe","17":"tag-germany","18":"tag-news","19":"tag-republique-federale-dallemagne"},"share_on_mastodon":{"url":"https:\/\/pubeurope.com\/@fr\/115653409933336393","error":""},"_links":{"self":[{"href":"https:\/\/www.europesays.com\/fr\/wp-json\/wp\/v2\/posts\/574459","targetHints":{"allow":["GET"]}}],"collection":[{"href":"https:\/\/www.europesays.com\/fr\/wp-json\/wp\/v2\/posts"}],"about":[{"href":"https:\/\/www.europesays.com\/fr\/wp-json\/wp\/v2\/types\/post"}],"author":[{"embeddable":true,"href":"https:\/\/www.europesays.com\/fr\/wp-json\/wp\/v2\/users\/2"}],"replies":[{"embeddable":true,"href":"https:\/\/www.europesays.com\/fr\/wp-json\/wp\/v2\/comments?post=574459"}],"version-history":[{"count":0,"href":"https:\/\/www.europesays.com\/fr\/wp-json\/wp\/v2\/posts\/574459\/revisions"}],"wp:featuredmedia":[{"embeddable":true,"href":"https:\/\/www.europesays.com\/fr\/wp-json\/wp\/v2\/media\/574460"}],"wp:attachment":[{"href":"https:\/\/www.europesays.com\/fr\/wp-json\/wp\/v2\/media?parent=574459"}],"wp:term":[{"taxonomy":"category","embeddable":true,"href":"https:\/\/www.europesays.com\/fr\/wp-json\/wp\/v2\/categories?post=574459"},{"taxonomy":"post_tag","embeddable":true,"href":"https:\/\/www.europesays.com\/fr\/wp-json\/wp\/v2\/tags?post=574459"}],"curies":[{"name":"wp","href":"https:\/\/api.w.org\/{rel}","templated":true}]}}