{"id":574463,"date":"2025-12-03T03:03:16","date_gmt":"2025-12-03T03:03:16","guid":{"rendered":"https:\/\/www.europesays.com\/fr\/574463\/"},"modified":"2025-12-03T03:03:16","modified_gmt":"2025-12-03T03:03:16","slug":"lex-cheffe-de-la-diplomatie-europeenne-mogherini-et-lex%e2%80%91haut-diplomate-sannino-en-garde-a-vue","status":"publish","type":"post","link":"https:\/\/www.europesays.com\/fr\/574463\/","title":{"rendered":"L\u2019ex-cheffe de la diplomatie europ\u00e9enne Mogherini et l\u2019ex\u2011haut diplomate Sannino en garde \u00e0 vue"},"content":{"rendered":"<p>AA \/ Istanbul-Bruxelles \/ Necva Tastan Sevinc et Melike Pala<\/p>\n<p>L\u2019ancienne cheffe de la diplomatie europ\u00e9enne, Federica Mogherini, et l\u2019ex\u2011haut diplomate Stefano Sannino sont actuellement en d\u00e9tention, apr\u00e8s que la police f\u00e9d\u00e9rale belge a lanc\u00e9 mardi des perquisitions visant une fraude pr\u00e9sum\u00e9e li\u00e9e \u00e0 l\u2019Acad\u00e9mie diplomatique de l\u2019UE, selon des m\u00e9dias belges.<\/p>\n<p>Des perquisitions ont \u00e9t\u00e9 men\u00e9es au Coll\u00e8ge d\u2019Europe \u00e0 Bruges, au si\u00e8ge du Service europ\u00e9en pour l\u2019action ext\u00e9rieure (SEAE) \u00e0 Bruxelles, ainsi que dans les r\u00e9sidences priv\u00e9es des suspects.<\/p>\n<p>L\u2019op\u00e9ration a \u00e9t\u00e9 demand\u00e9e par le Parquet europ\u00e9en (EPPO) et soutenue par l\u2019OLAF, le bureau antifraude de l\u2019UE, rapporte l\u2019agence belge Belga.<\/p>\n<p>Les autorit\u00e9s ont confirm\u00e9 que trois personnes ont \u00e9t\u00e9 arr\u00eat\u00e9es apr\u00e8s que leur immunit\u00e9 l\u00e9gale a \u00e9t\u00e9 lev\u00e9e, sans en d\u00e9voiler officiellement l\u2019identit\u00e9.<\/p>\n<p>D\u2019autres m\u00e9dias belges, dont VRT, NWS et L\u2019Echo, ont indiqu\u00e9 que Mogherini, rectrice du Coll\u00e8ge d\u2019Europe et ancienne Haute repr\u00e9sentante de l\u2019UE, ainsi que Sannino, ancien secr\u00e9taire g\u00e9n\u00e9ral du SEAE, figurent parmi les personnes d\u00e9tenues.<\/p>\n<p>Selon l\u2019EPPO, l\u2019enqu\u00eate porte sur la question de savoir si les crit\u00e8res confidentiels de s\u00e9lection pour l\u2019Acad\u00e9mie diplomatique de l\u2019UE \u2014 un programme de formation de neuf mois pour jeunes diplomates attribu\u00e9 au Coll\u00e8ge d\u2019Europe en 2021\u20112022 \u2014 ont \u00e9t\u00e9 communiqu\u00e9s de mani\u00e8re inappropri\u00e9e avant la publication officielle de l\u2019appel d\u2019offres.<\/p>\n<p>Les enqu\u00eateurs examinent notamment des indices laissant penser que des repr\u00e9sentants du Coll\u00e8ge d\u2019Europe auraient eu un acc\u00e8s anticip\u00e9 \u00e0 des informations sensibles et auraient pu estimer avoir de fortes chances d\u2019obtenir le contrat, ce qui pourrait constituer une violation de l\u2019article 169 du R\u00e8glement financier de l\u2019UE, garantissant une concurrence \u00e9quitable dans les proc\u00e9dures de passation de march\u00e9s.<\/p>\n<p>Les perquisitions, effectu\u00e9es par la police f\u00e9d\u00e9rale belge (FGP Flandre occidentale), ont \u00e9t\u00e9 autoris\u00e9es par un juge d\u2019instruction. L\u2019EPPO a pr\u00e9cis\u00e9 que l\u2019enqu\u00eate pourrait impliquer des soup\u00e7ons de fraude dans les march\u00e9s publics, de corruption, de conflit d\u2019int\u00e9r\u00eats et de violation du secret professionnel.<\/p>\n<p>La Commission europ\u00e9enne a refus\u00e9 de commenter des cas individuels. Un porte-parole s\u2019est content\u00e9 d\u2019indiquer que la police \u00e9tait pr\u00e9sente dans les b\u00e2timents du SEAE \u00ab dans le cadre d\u2019une enqu\u00eate en cours sur des activit\u00e9s r\u00e9alis\u00e9es lors du pr\u00e9c\u00e9dent mandat \u00bb, ajoutant qu\u2019aucune information suppl\u00e9mentaire ne pouvait \u00eatre communiqu\u00e9e tant que l\u2019enqu\u00eate se poursuit.<\/p>\n<p>L\u2019EPPO a insist\u00e9 sur le fait que toutes les personnes impliqu\u00e9es sont pr\u00e9sum\u00e9es innocentes jusqu\u2019\u00e0 preuve du contraire devant les juridictions comp\u00e9tentes belges.<\/p>\n<p>*Traduit de l&rsquo;anglais par Ben Amed Azize Zougmore<\/p>\n<p>                            &#13;<br \/>\n                                <a href=\"https:\/\/www.aa.com.tr\/fr\/p\/abonnement\/1001\" target=\"_blank\" style=\"font-size:12px; color:#444; text-decoration:none;\" rel=\"noopener\">&#13;<br \/>\n                                    Seulement une partie des d\u00e9p\u00eaches, que l&rsquo;Agence Anadolu diffuse \u00e0 ses abonn\u00e9s via le Syst\u00e8me de Diffusion interne (HAS), est diffus\u00e9e sur le site de l&rsquo;AA, de mani\u00e8re r\u00e9sum\u00e9e. <b style=\"color:#1897F7\">Contactez-nous s&rsquo;il vous pla\u00eet pour vous abonner.<\/b>&#13;<br \/>\n                                <\/a>&#13;<\/p>\n","protected":false},"excerpt":{"rendered":"AA \/ Istanbul-Bruxelles \/ Necva Tastan Sevinc et Melike Pala L\u2019ancienne cheffe de la diplomatie europ\u00e9enne, Federica Mogherini,&hellip;\n","protected":false},"author":2,"featured_media":574464,"comment_status":"","ping_status":"","sticky":false,"template":"","format":"standard","meta":{"footnotes":""},"categories":[1586],"tags":[11,1785,1777,674,1779,68868,1011,27,12,15517,25,68869,1778,364],"class_list":{"0":"post-574463","1":"post","2":"type-post","3":"status-publish","4":"format-standard","5":"has-post-thumbnail","7":"category-europe","8":"tag-actualites","9":"tag-anadolu-ajansi","10":"tag-eu","11":"tag-europe","12":"tag-european-union","13":"tag-federica-mogherini","14":"tag-fr","15":"tag-france","16":"tag-news","17":"tag-perquisitions","18":"tag-republique-francaise","19":"tag-soupons-de-fraude","20":"tag-ue","21":"tag-union-europeenne"},"share_on_mastodon":{"url":"https:\/\/pubeurope.com\/@fr\/115653417667818492","error":""},"_links":{"self":[{"href":"https:\/\/www.europesays.com\/fr\/wp-json\/wp\/v2\/posts\/574463","targetHints":{"allow":["GET"]}}],"collection":[{"href":"https:\/\/www.europesays.com\/fr\/wp-json\/wp\/v2\/posts"}],"about":[{"href":"https:\/\/www.europesays.com\/fr\/wp-json\/wp\/v2\/types\/post"}],"author":[{"embeddable":true,"href":"https:\/\/www.europesays.com\/fr\/wp-json\/wp\/v2\/users\/2"}],"replies":[{"embeddable":true,"href":"https:\/\/www.europesays.com\/fr\/wp-json\/wp\/v2\/comments?post=574463"}],"version-history":[{"count":0,"href":"https:\/\/www.europesays.com\/fr\/wp-json\/wp\/v2\/posts\/574463\/revisions"}],"wp:featuredmedia":[{"embeddable":true,"href":"https:\/\/www.europesays.com\/fr\/wp-json\/wp\/v2\/media\/574464"}],"wp:attachment":[{"href":"https:\/\/www.europesays.com\/fr\/wp-json\/wp\/v2\/media?parent=574463"}],"wp:term":[{"taxonomy":"category","embeddable":true,"href":"https:\/\/www.europesays.com\/fr\/wp-json\/wp\/v2\/categories?post=574463"},{"taxonomy":"post_tag","embeddable":true,"href":"https:\/\/www.europesays.com\/fr\/wp-json\/wp\/v2\/tags?post=574463"}],"curies":[{"name":"wp","href":"https:\/\/api.w.org\/{rel}","templated":true}]}}