{"id":574474,"date":"2025-12-03T03:14:21","date_gmt":"2025-12-03T03:14:21","guid":{"rendered":"https:\/\/www.europesays.com\/fr\/574474\/"},"modified":"2025-12-03T03:14:21","modified_gmt":"2025-12-03T03:14:21","slug":"cyclisme-route-marc-madiot-les-montagnes-artificielles-cest-dramatique","status":"publish","type":"post","link":"https:\/\/www.europesays.com\/fr\/574474\/","title":{"rendered":"Cyclisme. Route &#8211; Marc Madiot : \u00abLes montagnes artificielles ? C&rsquo;est dramatique&#8230;\u00bb"},"content":{"rendered":"<p> Lire la suite de l&rsquo;article&#13;<\/p>\n<p>\u00a0<\/p>\n<p>&#13;<br \/>\n\u00ab\u00a0Je ne suis pas un ayatollah de l&rsquo;\u00e9cologie mais&#8230;\u00a0\u00bb&#13;<\/p>\n<p>Les sprinteurs, priv\u00e9s de titre mondial depuis 2017 et la victoire de <strong>Peter Sagan<\/strong>, d\u00e9noncent une man\u0153uvre visant \u00e0 mettre en avant la star d\u2019<strong>UAE<\/strong>, double champion du monde en titre, sur ses terres.\u00a0\u00ab\u00a0Je ne suis pas un ayatollah de l&rsquo;\u00e9cologie mais il y a quand m\u00eame des bases et des r\u00e8gles \u00e9l\u00e9mentaires \u00e0 respecter\u00a0\u00bb, a r\u00e9agi Marc <strong>Madiot <\/strong>chez nos conf\u00e8res de <a href=\"https:\/\/rmcsport.bfmtv.com\/cyclisme\/championnats-du-monde\/c-est-dramatique-pour-notre-sport-madiot-vent-debout-contre-les-montagnes-artificielles-a-abu-dhabi-pour-avantager-pogacar_AV-202512010470.html?fbclid=IwY2xjawOb1A5leHRuA2FlbQIxMABicmlkETExZ0lRNElLTkJBVXdvaFpmc3J0YwZhcHBfaWQQMjIyMDM5MTc4ODIwMDg5MgABHgJz-iPAKOL6HeEdsx5KZ00ONY3CjqzEsesD9_RPNfNSxjGr3wuNzS2oibwg_aem_jOLQtqbQNc3Xd3oeD5UxhQ&amp;brid=iskb3zUE_20pv0rq4Jqr4A\" target=\"_blank\" rel=\"noopener\">RMC<\/a>. Il estime que \u00ab\u00a0si on en arrive \u00e0 ce type de situation, c&rsquo;est dramatique pour notre sport, et indirectement pour les autres.\u00a0\u00bb<\/p>\n<p>&#13;<\/p>\n<blockquote class=\"twitter-tweet\" style=\"width:100%!important;max-width:550px!important;min-width:250px;height:500px;\"><p>&#13;<\/p>\n<p dir=\"ltr\" lang=\"fr\">??\u200d\u2642\ufe0f Une ascension artificielle aux Mondiaux d&rsquo;Abu Dhabi en 2028 pour favoriser Tadej Pogacar ?<\/p>\n<p>?? Marc Madiot : \u00ab\u00a0Qu&rsquo;on en arrive \u00e0 \u00e7a, c&rsquo;est dramatique pour notre sport. Je n&rsquo;ose pas imaginer que l&rsquo;UCI accepte de cr\u00e9er une montagne artificielle pour avantager un coureur. <a href=\"https:\/\/t.co\/NUHKK5Bamb\">pic.twitter.com\/NUHKK5Bamb<\/a><\/p>\n<p>&#13;<br \/>\n\u2014 Les Grandes Gueules du Sport &#8211; RMC (@GGsportRMC) <a href=\"https:\/\/twitter.com\/GGsportRMC\/status\/1995058127708807617?ref_src=twsrc%5Etfw\" target=\"_blank\" rel=\"noopener\">November 30, 2025<\/a><\/p><\/blockquote>\n<p>&#13;<br \/>\n&#13;<\/p>\n<p>D\u2019apr\u00e8s Marca, l\u2019ascension d\u2019Al Wathba, d\u00e9j\u00e0 durcie ces derni\u00e8res ann\u00e9es, passera de 1,4 km \u00e0 6 % en 2023 \u00e0 2 km en 2026, avant de culminer \u00e0 3,8 km \u00e0 6,5 % en 2028. Sur l\u2019\u00eele d\u2019Hudayriyat, pressentie pour accueillir le circuit final, plusieurs bosses artificielles \u2014 parfois \u00e0 10 % \u2014 ont \u00e9galement \u00e9t\u00e9 ajout\u00e9es r\u00e9cemment.\u00a0\u00ab\u00a0On est dans une forme de virage dans ce que doit \u00eatre ou peut encore \u00eatre le sport\u00a0\u00bb, poursuit <strong>Madiot<\/strong>, appelant l\u2019<strong>UCI <\/strong>\u00e0 \u00ab\u00a0reprendre la main\u00a0\u00bb. Selon lui, il serait impensable que l\u2019instance valide la construction de montagnes artificielles pour durcir volontairement le parcours. Initialement, les <strong>Mondiaux <\/strong>d&rsquo;Abu Dhabi devaient redonner leur chance aux sprinteurs, l\u2019arriv\u00e9e au sommet du Jebel Hafeet ayant \u00e9t\u00e9 refus\u00e9e par l\u2019<strong>UCI<\/strong>&#8230; reste \u00e0 voir quel sera le parcours de ces <strong>Championnats du Monde\u00a0<\/strong>2028.<\/p>\n<p><script async src=\"https:\/\/platform.twitter.com\/widgets.js\" charset=\"utf-8\"><\/script><\/p>\n","protected":false},"excerpt":{"rendered":"Lire la suite de l&rsquo;article&#13; \u00a0 &#13; \u00ab\u00a0Je ne suis pas un ayatollah de l&rsquo;\u00e9cologie mais&#8230;\u00a0\u00bb&#13; Les sprinteurs,&hellip;\n","protected":false},"author":2,"featured_media":574475,"comment_status":"","ping_status":"","sticky":false,"template":"","format":"standard","meta":{"footnotes":""},"categories":[1411],"tags":[1154,207,211,1011,27,209,60,210,212,208,213],"class_list":{"0":"post-574474","1":"post","2":"type-post","3":"status-publish","4":"format-standard","5":"has-post-thumbnail","7":"category-cyclisme","8":"tag-cycling","9":"tag-cyclisme","10":"tag-ffc","11":"tag-fr","12":"tag-france","13":"tag-route","14":"tag-sports","15":"tag-tour-de-france","16":"tag-uci","17":"tag-velo","18":"tag-world-tour"},"share_on_mastodon":{"url":"https:\/\/pubeurope.com\/@fr\/115653460884772198","error":""},"_links":{"self":[{"href":"https:\/\/www.europesays.com\/fr\/wp-json\/wp\/v2\/posts\/574474","targetHints":{"allow":["GET"]}}],"collection":[{"href":"https:\/\/www.europesays.com\/fr\/wp-json\/wp\/v2\/posts"}],"about":[{"href":"https:\/\/www.europesays.com\/fr\/wp-json\/wp\/v2\/types\/post"}],"author":[{"embeddable":true,"href":"https:\/\/www.europesays.com\/fr\/wp-json\/wp\/v2\/users\/2"}],"replies":[{"embeddable":true,"href":"https:\/\/www.europesays.com\/fr\/wp-json\/wp\/v2\/comments?post=574474"}],"version-history":[{"count":0,"href":"https:\/\/www.europesays.com\/fr\/wp-json\/wp\/v2\/posts\/574474\/revisions"}],"wp:featuredmedia":[{"embeddable":true,"href":"https:\/\/www.europesays.com\/fr\/wp-json\/wp\/v2\/media\/574475"}],"wp:attachment":[{"href":"https:\/\/www.europesays.com\/fr\/wp-json\/wp\/v2\/media?parent=574474"}],"wp:term":[{"taxonomy":"category","embeddable":true,"href":"https:\/\/www.europesays.com\/fr\/wp-json\/wp\/v2\/categories?post=574474"},{"taxonomy":"post_tag","embeddable":true,"href":"https:\/\/www.europesays.com\/fr\/wp-json\/wp\/v2\/tags?post=574474"}],"curies":[{"name":"wp","href":"https:\/\/api.w.org\/{rel}","templated":true}]}}