{"id":574478,"date":"2025-12-03T03:16:15","date_gmt":"2025-12-03T03:16:15","guid":{"rendered":"https:\/\/www.europesays.com\/fr\/574478\/"},"modified":"2025-12-03T03:16:15","modified_gmt":"2025-12-03T03:16:15","slug":"grace-a-eric-antoine-cet-achat-de-taille-q","status":"publish","type":"post","link":"https:\/\/www.europesays.com\/fr\/574478\/","title":{"rendered":"\u00ab\u00a0Gr\u00e2ce \u00e0 Eric Antoine&#8230;\u00a0\u00bb, cet achat de taille q &#8230;"},"content":{"rendered":"<p>EN BREF<\/p>\n<ul class=\"bloc_resume_post_list\">\n<li>Marianne James, jur\u00e9e embl\u00e9matique de \u00ab\u00a0La France a un<br \/>\nincroyable talent&rsquo;, partage une complicit\u00e9 unique avec \u00c9ric<br \/>\nAntoine, son partenaire de longue date.<\/li>\n<li>Un \u00e9v\u00e9nement inattendu li\u00e9 \u00e0 \u00c9ric Antoine a incit\u00e9<br \/>\nMarianne James \u00e0 quitter Paris pour s&rsquo;installer dans sa r\u00e9gion<br \/>\nnatale, la Dr\u00f4me.<\/li>\n<li>Ce changement de vie a renforc\u00e9 son lien avec ses<br \/>\nracines, transformant une contrainte en une nouvelle opportunit\u00e9 de<br \/>\nvie.<\/li>\n<\/ul>\n<p data-start=\"28\" data-end=\"598\"><strong>Marianne James<\/strong><br \/>\nfait partie des figures incontournables de <a href=\"https:\/\/www.telestar.fr\/actu_tv\/la-france-a-un-incroyable-talent-le-retropedalage-dm6-a-la-derniere-minute-1740231\" target=\"_blank\" rel=\"noopener\"><br \/>\nLa France a un incroyable talent<\/a>. Son franc-parler,<br \/>\nson humour XXL et son \u0153il aff\u00fbt\u00e9 en font l\u2019une des jur\u00e9es les plus<br \/>\nembl\u00e9matiques du programme. \u00c0 ses c\u00f4t\u00e9s, on retrouve depuis des<br \/>\nann\u00e9es \u00c9ric Antoine, complice de toujours. Ensemble, ils forment un<br \/>\nduo aussi attachant qu\u2019explosif.<\/p>\n<p data-start=\"28\" data-end=\"598\">Entre piques, fous rires et<br \/>\nrespect mutuel, leur relation sur et en dehors du plateau est<br \/>\ndevenue l\u2019un des marqueurs forts de l\u2019\u00e9mission. Mais au-del\u00e0 des<br \/>\ncam\u00e9ras, leur complicit\u00e9 a pris une tournure inattendue :<br \/>\nl\u2019animateur lui a litt\u00e9ralement chang\u00e9 la vie.<\/p>\n<p>Marianne James, retour aux sources et nouvelle vie dans la<br \/>\nDr\u00f4me<\/p>\n<p data-start=\"215\" data-end=\"1614\">Dans le dernier num\u00e9ro de<br \/>\nCloser, Marianne James se<br \/>\nconfie comme rarement sur ce virage intime qui l\u2019a \u00e9loign\u00e9e<br \/>\nd\u00e9finitivement de Paris. La jur\u00e9e de La France a un incroyable talent raconte avoir renou\u00e9<br \/>\navec <strong>Mont\u00e9limar<\/strong>, sa terre natale, o\u00f9 elle avait<br \/>\nchoisi de se r\u00e9fugier pendant le premier confinement. L\u00e0-bas, elle<br \/>\na retrouv\u00e9 un cercle affectif pr\u00e9cieux : \u00ab\u00a0Avec la maman, la<br \/>\ns\u0153ur, la tata, les amis, et m\u00eame les voisines\u2026 On forme une<br \/>\nvraie bande !\u00a0\u00bb. Cette escapade forc\u00e9e s\u2019est finalement transform\u00e9e<br \/>\nen \u00e9vidence. Au point qu\u2019elle y a achet\u00e9 une maison :<br \/>\n\u00ab\u00a0<strong>Je me suis install\u00e9e l\u00e0-bas<\/strong> depuis le<br \/>\nconfinement. J&rsquo;ai fait comme tous les bobos parisiens qui ne<br \/>\nvoulaient pas \u00eatre enferm\u00e9s seuls dans leur appartement. Et j\u2019y<br \/>\n\u00e9tais tellement bien. Je me suis achet\u00e9 une petite maison.<br \/>\n<strong>C\u2019est d\u2019ailleurs gr\u00e2ce \u00e0 <a href=\"https:\/\/www.telestar.fr\/actu_tv\/eric-antoine-de-la-triche-dans-une-de-ses-emissions-certains-ont-sa-mise-au-point-fracassante-1745954\" target=\"_blank\" rel=\"noopener\"><br \/>\n\u00c9ric Antoine<\/a> !<\/strong>\u00ab\u00a0.<\/p>\n<p>Un choix qui s\u2019inscrit dans une histoire plus profonde. N\u00e9e \u00e0<br \/>\nMont\u00e9limar, \u00e9lev\u00e9e dans la confiserie familiale, Marianne James a<br \/>\ntoujours conserv\u00e9 un lien fort avec sa r\u00e9gion. Elle y revenait<br \/>\nsouvent pour se ressourcer en Ard\u00e8che aupr\u00e8s de sa s\u0153ur. Ce rituel<br \/>\nlui \u00e9tait essentiel. Elle le d\u00e9crivait ainsi : \u00ab\u00a0C\u2019est un<br \/>\n<strong>d\u00e9paysement total<\/strong>, mon havre de paix.\u00a0\u00bb Et<br \/>\nelle ajoutait : \u00ab\u00a0Il m\u2019est impossible de retourner \u00e0 Paris o\u00f9<br \/>\nj\u2019habite sans avoir pass\u00e9 plusieurs semaines en Ard\u00e8che chez ma<br \/>\ns\u0153ur \u00e0 Saint-Jean-Chambre\u00a0\u00bb.<\/p>\n<p>Un tournant de vie d\u00e9clench\u00e9 par \u00c9ric<br \/>\nAntoine<\/p>\n<p data-start=\"1677\" data-end=\"2623\" data-is-last-node=\"\" data-is-only-node=\"\">Si elle vit d\u00e9sormais loin du tumulte<br \/>\nparisien, Marianne James n\u2019oublie pas ce qui a, selon elle,<br \/>\nprovoqu\u00e9 cette bascule inattendue. Lorsque le tournage de<br \/>\nl\u2019\u00e9mission a \u00e9t\u00e9 brutalement interrompu \u00e0 cause du test positif au<br \/>\n<a href=\"https:\/\/www.closermag.fr\/people\/kim-kardashian-ses-enfants-north-et-saint-et-elle-positifs-au-covid-19-1321571\" target=\"_blank\" rel=\"noopener\"><br \/>\nCovid<\/a> d\u2019\u00c9ric Antoine, elle a d\u00fb prolonger son s\u00e9jour dans la<br \/>\nDr\u00f4me. <strong>Un d\u00e9tail qui a chang\u00e9 toute sa trajectoire<\/strong><br \/>\n: \u00ab\u00a0Souvenez-vous, il avait \u00e9t\u00e9 test\u00e9 positif au Covid en plein<br \/>\ntournage de l\u2019\u00e9mission, ce qui avait tout interrompu\u00a0\u00bb.<\/p>\n<p data-start=\"1677\" data-end=\"2623\" data-is-last-node=\"\" data-is-only-node=\"\">\u00ab\u00a0<strong>Sans cela, je ne serais pas<br \/>\ndescendue si longtemps, et je n\u2019aurais pas choisi de m\u2019y<br \/>\ninstaller<\/strong>\u00ab\u00a0, confie-t-elle. Depuis, cette anecdote est<br \/>\ndevenue un running gag entre eux. \u00ab\u00a0\u00c0 chaque fois que l\u2019on<br \/>\ntrinque, on l\u00e8ve nos verres en criant : &lsquo;\u00c0 la sant\u00e9 d\u2019\u00c9ric Antoine<br \/>\n!'\u00a0\u00bb. Avec humour et lucidit\u00e9, elle assume ce retour aux<br \/>\nracines comme une forme de lib\u00e9ration.<\/p>\n","protected":false},"excerpt":{"rendered":"EN BREF Marianne James, jur\u00e9e embl\u00e9matique de \u00ab\u00a0La France a un incroyable talent&rsquo;, partage une complicit\u00e9 unique avec&hellip;\n","protected":false},"author":2,"featured_media":574479,"comment_status":"","ping_status":"","sticky":false,"template":"","format":"standard","meta":{"footnotes":""},"categories":[1359],"tags":[548,58,59,1011,27,13172,973],"class_list":{"0":"post-574478","1":"post","2":"type-post","3":"status-publish","4":"format-standard","5":"has-post-thumbnail","7":"category-people","8":"tag-article-simple","9":"tag-divertissement","10":"tag-entertainment","11":"tag-fr","12":"tag-france","13":"tag-marianne-james","14":"tag-people"},"share_on_mastodon":{"url":"https:\/\/pubeurope.com\/@fr\/115653468893053572","error":""},"_links":{"self":[{"href":"https:\/\/www.europesays.com\/fr\/wp-json\/wp\/v2\/posts\/574478","targetHints":{"allow":["GET"]}}],"collection":[{"href":"https:\/\/www.europesays.com\/fr\/wp-json\/wp\/v2\/posts"}],"about":[{"href":"https:\/\/www.europesays.com\/fr\/wp-json\/wp\/v2\/types\/post"}],"author":[{"embeddable":true,"href":"https:\/\/www.europesays.com\/fr\/wp-json\/wp\/v2\/users\/2"}],"replies":[{"embeddable":true,"href":"https:\/\/www.europesays.com\/fr\/wp-json\/wp\/v2\/comments?post=574478"}],"version-history":[{"count":0,"href":"https:\/\/www.europesays.com\/fr\/wp-json\/wp\/v2\/posts\/574478\/revisions"}],"wp:featuredmedia":[{"embeddable":true,"href":"https:\/\/www.europesays.com\/fr\/wp-json\/wp\/v2\/media\/574479"}],"wp:attachment":[{"href":"https:\/\/www.europesays.com\/fr\/wp-json\/wp\/v2\/media?parent=574478"}],"wp:term":[{"taxonomy":"category","embeddable":true,"href":"https:\/\/www.europesays.com\/fr\/wp-json\/wp\/v2\/categories?post=574478"},{"taxonomy":"post_tag","embeddable":true,"href":"https:\/\/www.europesays.com\/fr\/wp-json\/wp\/v2\/tags?post=574478"}],"curies":[{"name":"wp","href":"https:\/\/api.w.org\/{rel}","templated":true}]}}