{"id":574482,"date":"2025-12-03T03:19:30","date_gmt":"2025-12-03T03:19:30","guid":{"rendered":"https:\/\/www.europesays.com\/fr\/574482\/"},"modified":"2025-12-03T03:19:30","modified_gmt":"2025-12-03T03:19:30","slug":"il-y-a-eu-plusieurs-desistements-eric-antoine-revele-quune-candidate-qualifiee-naurait-jamais-du-poursuivre-la-france-a-un-incroyable-talent","status":"publish","type":"post","link":"https:\/\/www.europesays.com\/fr\/574482\/","title":{"rendered":"\u00ab\u00a0Il y a eu plusieurs d\u00e9sistements\u00a0\u00bb : \u00c9ric Antoine r\u00e9v\u00e8le qu&rsquo;une candidate qualifi\u00e9e n&rsquo;aurait jamais d\u00fb poursuivre La France a un incroyable talent"},"content":{"rendered":"<p>Apr\u00e8s la d\u00e9claration d&rsquo;\u00c9ric Antoine lors des quarts de finale de La France a un incroyable talent, diffus\u00e9s ce mardi 2 d\u00e9cembre 2025 sur M6, T\u00e9l\u00e9-Loisirs a obtenu confirmation aupr\u00e8s de la production de l&rsquo;\u00e9mission du d\u00e9sistement de plusieurs candidats en cours d&rsquo;aventure.<\/p>\n<p>Les quarts de finale de <a href=\"https:\/\/www.programme-tv.net\/news\/tv\/388580-la-france-a-un-incroyable-talent-date-de-diffusion-jury-nouveautes-toutes-les-infos-sur-la-saison-20\/\" data-api-deeplink=\"teleloisirs:\/\/news\/388580\" target=\"_blank\" rel=\"noopener\">la saison 20 de La France a un incroyable talent<\/a> se poursuivent sur M6, ce mardi 2 d\u00e9cembre 2025, avant de laisser place \u00e0 la demi-finale la semaine prochaine, puis \u00e0 <a href=\"https:\/\/www.programme-tv.net\/news\/tv\/392780-la-france-a-un-incroyable-talent-voici-la-date-de-diffusion-de-la-finale-de-la-saison-20-sur-m6\/\" data-api-deeplink=\"teleloisirs:\/\/news\/392780\" target=\"_blank\" rel=\"noopener\">la grande finale, en direct, le 16 d\u00e9cembre sur la cha\u00eene<\/a>. L&rsquo;occasion de retrouver certains des talents qui avaient fait sensation sur la sc\u00e8ne du th\u00e9\u00e2tre Andr\u00e9 Malraux de Rueil-Malmaison, <a href=\"https:\/\/www.programme-tv.net\/news\/tv\/390039-la-france-a-un-incroyable-talent-les-auditions-sont-elles-diffusees-dans-l-ordre-du-tournage\/\" data-api-deeplink=\"teleloisirs:\/\/news\/390039\" target=\"_blank\" rel=\"noopener\">lors des auditions<\/a>. Parmi eux, <b>Mirabela Vian, danseuse a\u00e9rienne suspendue par des c\u00e2bles<\/b>, qui tente de d\u00e9crocher son ticket pour la suite de la comp\u00e9tition ce mardi.<\/p>\n<p>Si la prestation de l&rsquo;artiste ne semble pas avoir assez convaincu le jury pour poursuivre La France a un incroyable talent, \u00c9ric Antoine a tout de m\u00eame salu\u00e9 lors des critiques le timing restreint qui lui avait \u00e9t\u00e9 donn\u00e9 pour mettre sur pied sa performance. \u00ab\u00a0Ce num\u00e9ro est d&rsquo;autant plus fort, car quand on choisit les artistes pour passer en quart de finale, on fait une premi\u00e8re s\u00e9lection. <b>Il y a eu plusieurs d\u00e9sistements et tu as \u00e9t\u00e9 pr\u00e9venue la derni\u00e8re<\/b>, il n&rsquo;y a que dix jours, pour cr\u00e9er ce num\u00e9ro\u00a0\u00bb, a f\u00e9licit\u00e9 le jur\u00e9 du programme diffus\u00e9 sur M6. \u00ab\u00a0Et on a mont\u00e9 le num\u00e9ro en quatre jours\u00a0\u00bb, a surench\u00e9ri Mirabela Vian.<\/p>\n<p>                        La France a un incroyable talent : La production nous explique pourquoi plusieurs candidats ont abandonn\u00e9 la saison 20 de l&rsquo;\u00e9mission<\/p>\n<p>Interloqu\u00e9 par cet \u00e9change entre \u00c9ric Antoine et la candidate, <b>T\u00e9l\u00e9-Loisirs<\/b><b> a contact\u00e9 la production de <\/b><b>La France a un incroyable talent<\/b><b> <\/b>pour tenter d&rsquo;en apprendre plus sur <a href=\"https:\/\/www.programme-tv.net\/news\/tv\/392808-on-ne-va-pas-pouvoir-continuer-deux-candidats-de-la-france-a-un-incroyable-talent-2025-abandonnent-la-competition-apres-leur-numero\/\" data-api-deeplink=\"teleloisirs:\/\/news\/392808\" target=\"_blank\" rel=\"noopener\">ces d\u00e9sistements<\/a>. Cette derni\u00e8re a accept\u00e9 de nous d\u00e9voiler l&rsquo;identit\u00e9 de deux artistes qui ont refus\u00e9 de poursuivre l&rsquo;aventure sur M6, malgr\u00e9 leur qualification pour les quarts de finale. Il s&rsquo;agit d&rsquo;Invertebrate, artiste de 23 ans alliant pole dance et contorsion, qui s&rsquo;\u00e9tait illustr\u00e9 sur un num\u00e9ro digne d&rsquo;une apocalypse zombie lors de la troisi\u00e8me soir\u00e9e d&rsquo;audition. Ce dernier \u00e9tant engag\u00e9 sur un tournage \u00e0 l&rsquo;\u00e9tranger impact\u00e9 par une modification de derni\u00e8re minute, <b>il a d\u00fb c\u00e9der sa place \u00e0 Mirabela Vian dix jours avant l&rsquo;enregistrement des quarts de finale<\/b>. Autre candidate \u00e0 s&rsquo;\u00eatre d\u00e9sist\u00e9 : Fleuriane Cornet et son v\u00e9lo acrobatique \u2013\u00a0<a href=\"https:\/\/www.programme-tv.net\/news\/tv\/391769-une-candidate-lachee-par-sa-partenaire-juste-avant-le-tournage-de-la-france-a-un-incroyable-talent-elle-a-du-changer-son-numero\/\" data-api-deeplink=\"teleloisirs:\/\/news\/391769\" target=\"_blank\" rel=\"noopener\">d\u00e9j\u00e0 abandonn\u00e9e par sa partenaire de sc\u00e8ne trois jours avant les auditions<\/a>\u00a0\u2013 a depuis \u00e9t\u00e9 engag\u00e9e au Cirque du Soleil et a pr\u00e9f\u00e9r\u00e9 honorer ses engagements professionnels.<\/p>\n<p>\u00ab\u00a0Ce cas de figure ne se produit pas tous les ans \u00e9videmment. Mais comme ces artistes peuvent \u00eatre amen\u00e9s \u00e0 se produire \u00e0 l&rsquo;\u00e9tranger, <b>il peut arriver qu&rsquo;il y ait des annulations<\/b> pour cause de contrats ou de disponibilit\u00e9s, car ils signent pour des tourn\u00e9es. Cela reste anecdotique, mais \u00e7a arrive\u00a0\u00bb, nous a pr\u00e9cis\u00e9 la production. Sc\u00e8ne ou t\u00e9l\u00e9vision, il faut choisir !<\/p>\n","protected":false},"excerpt":{"rendered":"Apr\u00e8s la d\u00e9claration d&rsquo;\u00c9ric Antoine lors des quarts de finale de La France a un incroyable talent, diffus\u00e9s&hellip;\n","protected":false},"author":2,"featured_media":574483,"comment_status":"","ping_status":"","sticky":false,"template":"","format":"standard","meta":{"footnotes":""},"categories":[1356],"tags":[244,58,59,1194,1011,27,2173,5413,5366,494,252,1364],"class_list":{"0":"post-574482","1":"post","2":"type-post","3":"status-publish","4":"format-standard","5":"has-post-thumbnail","7":"category-television","8":"tag-commentaire","9":"tag-divertissement","10":"tag-entertainment","11":"tag-eric-antoine","12":"tag-fr","13":"tag-france","14":"tag-interview","15":"tag-karine-le-marchand","16":"tag-la-france-a-un-incroyable-talent","17":"tag-m6","18":"tag-television","19":"tag-tv"},"share_on_mastodon":{"url":"https:\/\/pubeurope.com\/@fr\/115653480687254087","error":""},"_links":{"self":[{"href":"https:\/\/www.europesays.com\/fr\/wp-json\/wp\/v2\/posts\/574482","targetHints":{"allow":["GET"]}}],"collection":[{"href":"https:\/\/www.europesays.com\/fr\/wp-json\/wp\/v2\/posts"}],"about":[{"href":"https:\/\/www.europesays.com\/fr\/wp-json\/wp\/v2\/types\/post"}],"author":[{"embeddable":true,"href":"https:\/\/www.europesays.com\/fr\/wp-json\/wp\/v2\/users\/2"}],"replies":[{"embeddable":true,"href":"https:\/\/www.europesays.com\/fr\/wp-json\/wp\/v2\/comments?post=574482"}],"version-history":[{"count":0,"href":"https:\/\/www.europesays.com\/fr\/wp-json\/wp\/v2\/posts\/574482\/revisions"}],"wp:featuredmedia":[{"embeddable":true,"href":"https:\/\/www.europesays.com\/fr\/wp-json\/wp\/v2\/media\/574483"}],"wp:attachment":[{"href":"https:\/\/www.europesays.com\/fr\/wp-json\/wp\/v2\/media?parent=574482"}],"wp:term":[{"taxonomy":"category","embeddable":true,"href":"https:\/\/www.europesays.com\/fr\/wp-json\/wp\/v2\/categories?post=574482"},{"taxonomy":"post_tag","embeddable":true,"href":"https:\/\/www.europesays.com\/fr\/wp-json\/wp\/v2\/tags?post=574482"}],"curies":[{"name":"wp","href":"https:\/\/api.w.org\/{rel}","templated":true}]}}