{"id":574488,"date":"2025-12-03T03:22:20","date_gmt":"2025-12-03T03:22:20","guid":{"rendered":"https:\/\/www.europesays.com\/fr\/574488\/"},"modified":"2025-12-03T03:22:20","modified_gmt":"2025-12-03T03:22:20","slug":"la-grippe-debarque-en-suisse-et-elle-pourrait-reserver-de-mauvaises-surprises","status":"publish","type":"post","link":"https:\/\/www.europesays.com\/fr\/574488\/","title":{"rendered":"La grippe d\u00e9barque en Suisse, et elle pourrait r\u00e9server de mauvaises surprises"},"content":{"rendered":"<p>    R\u00e9sum\u00e9 en 20 secondes<\/p>\n<p>        En savoir plus sur ce type de contenu<\/p>\n<p>Ce r\u00e9sum\u00e9 peut avoir \u00e9t\u00e9 \u00e9crit avec l&rsquo;assistance d\u2019une IA g\u00e9n\u00e9rative. <a href=\"https:\/\/www.letemps.ch\/cyber\/l-usage-de-l-ia-generative-par-les-journalistes-du-temps\" target=\"_blank\" rel=\"noopener\">En savoir plus<\/a><\/p>\n<p class=\"article__abstract-call-to-action\" data-ariato=\"TrackableElement\" data-trackable-element-type=\"article_abstract_cta\" data-trackable-element-location=\"article_header\" data-trackable-element-id=\"513826\">\n        <a data-event=\"click-&gt;clicked\" href=\"https:\/\/www.letemps.ch\/abonnements\" target=\"_blank\" rel=\"noopener\">Abonnez-vous<\/a> pour acc\u00e9der au r\u00e9sum\u00e9 en 20 secondes.\n      <\/p>\n<p>Fi\u00e8vre, toux, maux de gorge et de t\u00eate, douleurs musculaires\u2026 A l\u2019approche des f\u00eates de fin d\u2019ann\u00e9e, de plus en plus de personnes font l\u2019exp\u00e9rience de ces sympt\u00f4mes, typiques des virus hivernaux. La vague de Covid-19 est en reflux, apr\u00e8s un pic atteint au mois d\u2019octobre, mais c\u2019est d\u00e9sormais la grippe qui gagne du terrain en Suisse. Diff\u00e9rents indicateurs \u00e9pid\u00e9miologiques sugg\u00e8rent un d\u00e9marrage imminent et pr\u00e9coce de l\u2019\u00e9pid\u00e9mie. Et l\u2019\u00e9mergence, \u00e0 l\u2019\u00e9tranger, d\u2019une souche d\u2019un des sous-types saisonniers du virus possiblement plus transmissible suscite des pr\u00e9occupations.<\/p>\n<p>L\u2019activit\u00e9 grippale augmente nettement en Suisse, d\u2019apr\u00e8s le <a href=\"https:\/\/www.idd.bag.admin.ch\/topics\/respiratory-pathogens\/overview\" rel=\"nofollow noopener\" target=\"_blank\">dernier bulletin de l\u2019OFSP, publi\u00e9 le 26\u00a0novembre<\/a>. L\u2019office en veut pour preuve l\u2019augmentation de la charge virale d\u00e9tect\u00e9e dans les eaux us\u00e9es de plusieurs r\u00e9gions, mais aussi l\u2019accroissement du nombre de cas d\u00e9clar\u00e9s par les laboratoires de diagnostic. Les donn\u00e9es issues du syst\u00e8me de d\u00e9claration Sentinella, bas\u00e9 sur la participation volontaire de m\u00e9decins r\u00e9partis \u00e0 travers la Suisse, montrent une multiplication des consultations pour des affections grippales, en particulier chez les jeunes enfants, et dans la r\u00e9gion des Grisons et du Tessin.<\/p>\n","protected":false},"excerpt":{"rendered":"R\u00e9sum\u00e9 en 20 secondes En savoir plus sur ce type de contenu Ce r\u00e9sum\u00e9 peut avoir \u00e9t\u00e9 \u00e9crit&hellip;\n","protected":false},"author":2,"featured_media":574489,"comment_status":"","ping_status":"","sticky":false,"template":"","format":"standard","meta":{"footnotes":""},"categories":[10],"tags":[1011,27,72,301,71,41,3067],"class_list":{"0":"post-574488","1":"post","2":"type-post","3":"status-publish","4":"format-standard","5":"has-post-thumbnail","7":"category-sante","8":"tag-fr","9":"tag-france","10":"tag-health","11":"tag-premium","12":"tag-sante","13":"tag-sciences","14":"tag-suisse"},"share_on_mastodon":{"url":"https:\/\/pubeurope.com\/@fr\/115653492434594162","error":""},"_links":{"self":[{"href":"https:\/\/www.europesays.com\/fr\/wp-json\/wp\/v2\/posts\/574488","targetHints":{"allow":["GET"]}}],"collection":[{"href":"https:\/\/www.europesays.com\/fr\/wp-json\/wp\/v2\/posts"}],"about":[{"href":"https:\/\/www.europesays.com\/fr\/wp-json\/wp\/v2\/types\/post"}],"author":[{"embeddable":true,"href":"https:\/\/www.europesays.com\/fr\/wp-json\/wp\/v2\/users\/2"}],"replies":[{"embeddable":true,"href":"https:\/\/www.europesays.com\/fr\/wp-json\/wp\/v2\/comments?post=574488"}],"version-history":[{"count":0,"href":"https:\/\/www.europesays.com\/fr\/wp-json\/wp\/v2\/posts\/574488\/revisions"}],"wp:featuredmedia":[{"embeddable":true,"href":"https:\/\/www.europesays.com\/fr\/wp-json\/wp\/v2\/media\/574489"}],"wp:attachment":[{"href":"https:\/\/www.europesays.com\/fr\/wp-json\/wp\/v2\/media?parent=574488"}],"wp:term":[{"taxonomy":"category","embeddable":true,"href":"https:\/\/www.europesays.com\/fr\/wp-json\/wp\/v2\/categories?post=574488"},{"taxonomy":"post_tag","embeddable":true,"href":"https:\/\/www.europesays.com\/fr\/wp-json\/wp\/v2\/tags?post=574488"}],"curies":[{"name":"wp","href":"https:\/\/api.w.org\/{rel}","templated":true}]}}