{"id":574492,"date":"2025-12-03T03:24:27","date_gmt":"2025-12-03T03:24:27","guid":{"rendered":"https:\/\/www.europesays.com\/fr\/574492\/"},"modified":"2025-12-03T03:24:27","modified_gmt":"2025-12-03T03:24:27","slug":"david-hallyday-vole-au-secours-de-sylvie-vartan-dans-c-a-vous","status":"publish","type":"post","link":"https:\/\/www.europesays.com\/fr\/574492\/","title":{"rendered":"David Hallyday vole au secours de Sylvie Vartan dans \u00abC \u00e0 vous\u00bb"},"content":{"rendered":"<p>    Sylvie Vartan et David Hallyday<br \/>\n                Capture d&rsquo;\u00e9cran<\/p>\n<p>\n    La m\u00e8re et le fils \u00e9taient r\u00e9unis, pour la premi\u00e8re fois depuis 37 ans, sur un m\u00eame plateau de t\u00e9l\u00e9vision\u00a0: celui du talk-show de France 5. L\u2019occasion d\u2019\u00e9voquer leur carri\u00e8re respective et leurs souvenirs communs.<\/p>\n<p class=\"fig-paragraph\">L\u2019\u00e9v\u00e9nement est quasi historique.\u00a0<a href=\"https:\/\/www.lefigaro.fr\/tag\/sylvie-vartan\" target=\"_blank\" rel=\"sponsored noopener\" data-gtm-custom-categorie=\"navigation\" data-gtm-custom-action=\"crossclick\" data-gtm-custom-label=\"Contextuel\" data-gtm-event=\"customEventSPE\">Sylvie Vartan<\/a>\u00a0et\u00a0<a href=\"https:\/\/www.lefigaro.fr\/tag\/david-hallyday\" target=\"_blank\" rel=\"sponsored noopener\" data-gtm-custom-categorie=\"navigation\" data-gtm-custom-action=\"crossclick\" data-gtm-custom-label=\"Contextuel\" data-gtm-event=\"customEventSPE\">David Hallyday<\/a>, r\u00e9unis c\u00f4te \u00e0 c\u00f4te sur un m\u00eame plateau de t\u00e9l\u00e9vision. La sc\u00e8ne ne s\u2019\u00e9tait pas reproduite depuis 1988 et Anne-Elisabeth Lemoine n\u2019a pas manqu\u00e9 de le souligner ce mardi 2 d\u00e9cembre dans\u00a0<a href=\"https:\/\/www.lefigaro.fr\/tag\/c-a-vous\" target=\"_blank\" rel=\"sponsored noopener\" data-gtm-custom-categorie=\"navigation\" data-gtm-custom-action=\"crossclick\" data-gtm-custom-label=\"Contextuel\" data-gtm-event=\"customEventSPE\">\u00abC \u00e0 vous\u00bb<\/a>. La m\u00e8re et le fils, ayant respectivement une actualit\u00e9 &#8211; elle sortant son album Je tire ma r\u00e9v\u00e9rence et lui faisant ses premiers pas d\u2019acteurs dans le t\u00e9l\u00e9film de Jos\u00e9e Dayan, Ardennes &#8211; se sont pr\u00eat\u00e9s au jeu.<\/p>\n<p class=\"fig-paragraph\">Et si le d\u00e9but de \u00abC \u00e0 vous, la suite\u00bb \u00e9tait orient\u00e9e sur les talents de chanteur et d\u2019acteur de David Hallyday, l\u2019\u00e9mission est \u00e9galement revenue sur la longue carri\u00e8re de Sylvie Vartan et la mani\u00e8re dont elle a marqu\u00e9 les Fran\u00e7ais. Dont deux en particulier, avec sa chanson La Maritza\u00a0: Le\u00efla Bekhti et Jonathan Cohen. \u00abC\u2019est aussi l\u2019une de vos pr\u00e9f\u00e9r\u00e9es parce qu\u2019elle raconte votre histoire\u00bb, a soulign\u00e9 Emilie Tran Nguyen en appuyant sur le succ\u00e8s interg\u00e9n\u00e9rationnel de ce tube. \u00abC\u2019est inesp\u00e9r\u00e9, inattendu, c\u2019est une belle surprise. C\u2019est vrai que cette chanson m\u2019a marqu\u00e9e. \u00c9videmment par le fait qu\u2019elle est devenue un grand succ\u00e8s un peu partout. Mais surtout, elle m\u2019a marqu\u00e9e personnellement parce que c\u2019est la premi\u00e8re fois, quand je l\u2019ai fait \u00e9couter \u00e0 mon p\u00e8re, que je l\u2019ai vu pleurer\u00bb, a-t-elle avou\u00e9, elle-m\u00eame des tr\u00e9molos dans la voix.<\/p>\n<p>                                                                <a class=\"fig-a11y-skip\" href=\"#fig-a11y-skip-main-inarticle\" data-module=\"a11y-skip\" data-context=\"was @visible\"><br \/>\n    Passer la publicit\u00e9<br \/>\n<\/a>            <\/p>\n<p class=\"fig-paragraph\">Une \u00e9motion qui n\u2019a pas \u00e9chapp\u00e9 \u00e0 la chroniqueuse qui s\u2019est appliqu\u00e9e \u00e0 le souligner. Et alors que Sylvie Vartan tentait de masquer son trouble en se pin\u00e7ant les joues et d\u00e9tournant le regard, Anne-Elisabeth Lemoine a rench\u00e9ri en \u00e9voquant l\u2019affection de la chanteuse lorsqu\u2019elle interpr\u00e8te ledit titre en Bulgarie, son pays natal. \u00abJe n\u2019ai pas arr\u00eat\u00e9 de pleurer en Bulgarie, d\u2019ailleurs mon fils \u00e9tait t\u00e9moin\u00bb, a-t-elle d\u00e9clar\u00e9 se retournant vers David Hallyday. Et lui, de poursuivre\u00a0: \u00abBon, arr\u00eatez de faire pleurer ma m\u00e8re.\u00bb Tandis que la pr\u00e9sentatrice tentait de se justifier en \u00e9voquant le bouleversement ressenti \u00e0 l\u2019\u00e9coute du titre, son invit\u00e9 esquissait un sourire de taquinerie. \u00abQuand cette chanson est entonn\u00e9e Sylvie, il se passe quelque chose d\u2019incroyable dans la salle et dans le c\u0153ur de vos spectateurs\u00bb, a ajout\u00e9 Anne-Elisabeth Lemoine.<\/p>\n","protected":false},"excerpt":{"rendered":"Sylvie Vartan et David Hallyday Capture d&rsquo;\u00e9cran La m\u00e8re et le fils \u00e9taient r\u00e9unis, pour la premi\u00e8re fois&hellip;\n","protected":false},"author":2,"featured_media":574493,"comment_status":"","ping_status":"","sticky":false,"template":"","format":"standard","meta":{"footnotes":""},"categories":[8],"tags":[1300,58,59,1011,27,7409],"class_list":{"0":"post-574492","1":"post","2":"type-post","3":"status-publish","4":"format-standard","5":"has-post-thumbnail","7":"category-divertissement","8":"tag-david-hallyday","9":"tag-divertissement","10":"tag-entertainment","11":"tag-fr","12":"tag-france","13":"tag-sylvie-vartan"},"share_on_mastodon":{"url":"https:\/\/pubeurope.com\/@fr\/115653500189409217","error":""},"_links":{"self":[{"href":"https:\/\/www.europesays.com\/fr\/wp-json\/wp\/v2\/posts\/574492","targetHints":{"allow":["GET"]}}],"collection":[{"href":"https:\/\/www.europesays.com\/fr\/wp-json\/wp\/v2\/posts"}],"about":[{"href":"https:\/\/www.europesays.com\/fr\/wp-json\/wp\/v2\/types\/post"}],"author":[{"embeddable":true,"href":"https:\/\/www.europesays.com\/fr\/wp-json\/wp\/v2\/users\/2"}],"replies":[{"embeddable":true,"href":"https:\/\/www.europesays.com\/fr\/wp-json\/wp\/v2\/comments?post=574492"}],"version-history":[{"count":0,"href":"https:\/\/www.europesays.com\/fr\/wp-json\/wp\/v2\/posts\/574492\/revisions"}],"wp:featuredmedia":[{"embeddable":true,"href":"https:\/\/www.europesays.com\/fr\/wp-json\/wp\/v2\/media\/574493"}],"wp:attachment":[{"href":"https:\/\/www.europesays.com\/fr\/wp-json\/wp\/v2\/media?parent=574492"}],"wp:term":[{"taxonomy":"category","embeddable":true,"href":"https:\/\/www.europesays.com\/fr\/wp-json\/wp\/v2\/categories?post=574492"},{"taxonomy":"post_tag","embeddable":true,"href":"https:\/\/www.europesays.com\/fr\/wp-json\/wp\/v2\/tags?post=574492"}],"curies":[{"name":"wp","href":"https:\/\/api.w.org\/{rel}","templated":true}]}}