{"id":574494,"date":"2025-12-03T03:26:14","date_gmt":"2025-12-03T03:26:14","guid":{"rendered":"https:\/\/www.europesays.com\/fr\/574494\/"},"modified":"2025-12-03T03:26:14","modified_gmt":"2025-12-03T03:26:14","slug":"sony-alpha-a7v-le-futur-champion-de-lentree-de-gamme-24x36","status":"publish","type":"post","link":"https:\/\/www.europesays.com\/fr\/574494\/","title":{"rendered":"Sony Alpha A7V : le futur champion de l&rsquo;entr\u00e9e de gamme 24&#215;36 ?"},"content":{"rendered":"<p class=\"ed__a-p ed__bdy__l\">L\u2019Alpha A7IV a enfin son successeur ! Quatre ans apr\u00e8s son lancement, le bo\u00eetier d\u2019entr\u00e9e de gamme des Alpha 7 adoube son dauphin, fort logiquement nomm\u00e9 Alpha A7V. Cinqui\u00e8me it\u00e9ration depuis le lancement de la ligne Alpha en 2012, l\u2019A7V est un bo\u00eetier tr\u00e8s attendu, tant cette ligne de bo\u00eetiers p\u00e8se lourd dans le march\u00e9.<\/p>\n<p class=\"ed__a-p ed__bdy__l\"><img loading=\"lazy\" decoding=\"async\" src=\"data:image\/svg+xml,%3Csvg xmlns='http:\/\/www.w3.org\/2000\/svg'%3E%3C\/svg%3E\" draggable=\"false\" width=\"3000\" height=\"1667\" class=\"ed__title-xxs\" alt=\"Sony Alpha A7V : le futur champion de l'entr\u00e9e de gamme 24x36 ?\" style=\"background-color: #f2f2f2; aspect-ratio:3000\/1667;\"\/><\/p>\n<p>            Publicit\u00e9, votre contenu continue ci-dessous<\/p>\n<p>            Publicit\u00e9<\/p>\n<p class=\"ed__a-p ed__bdy__l\">\u00c0 l\u2019oppos\u00e9 d\u2019un Z5 II de Nikon qui joue la carte du prix mod\u00e9r\u00e9 gr\u00e2ce au ruissellement technologique, l\u2019A7V nouveau est un bo\u00eetier \u00ab d\u2019entr\u00e9e de gamme \u00bb fa\u00e7on Sony : un tarif de 2999\u20ac justifi\u00e9 par de nouveaux composants et l\u2019acc\u00e9l\u00e9ration de la course aux performances.<\/p>\n<p>Nouveau capteur, nouveau processeur<\/p>\n<p class=\"ed__a-p ed__bdy__l\">C\u00f4t\u00e9 d\u00e9finition, rien ne change pour ce bo\u00eetier qui repr\u00e9sente l\u2019entr\u00e9e de gamme de Sony : comme son a\u00efeul, l\u2019A7V conserve  un capteur 24&#215;36 mm d\u2019une d\u00e9finition de 33 Mpix. Pourtant, sa partition \u00e9lectronique change tant du point de vue du capteur que du processeur d\u2019image.<\/p>\n<p class=\"ed__a-p ed__bdy__l\"><img loading=\"lazy\" decoding=\"async\" src=\"data:image\/svg+xml,%3Csvg xmlns='http:\/\/www.w3.org\/2000\/svg'%3E%3C\/svg%3E\" draggable=\"false\" width=\"2347\" height=\"1132\" class=\"ed__title-xxs\" alt=\"Sony Alpha A7V : le futur champion de l'entr\u00e9e de gamme 24x36 ?\" style=\"background-color: #f2f2f2; aspect-ratio:2347\/1132;\"\/><\/p>\n<p class=\"ed__a-p ed__bdy__l\">Comme Nikon et son Z6 III, Sony int\u00e8gre un capteur semi-empil\u00e9 \u2013 qui est moins cher qu\u2019un capteur empil\u00e9 classique. Cette technologie, qui consiste \u00e0 ajouter de la m\u00e9moire vive sur le capteur (directement au dos pour les empil\u00e9s, sur le c\u00f4t\u00e9 de la partie photosensible pour les semi-empil\u00e9s), permet d\u2019acc\u00e9l\u00e9rer la vitesse de lecture. Ce qui permet \u00e0 la rafale de passer de 10 i\/s sur l\u2019A7IV, \u00e0 pas moins de 30 images par seconde !<\/p>\n<p class=\"ed__a-p ed__bdy__l\"><img loading=\"lazy\" decoding=\"async\" src=\"data:image\/svg+xml,%3Csvg xmlns='http:\/\/www.w3.org\/2000\/svg'%3E%3C\/svg%3E\" draggable=\"false\" width=\"2339\" height=\"1237\" class=\"ed__title-xxs\" alt=\"Sony Alpha A7V : le futur champion de l'entr\u00e9e de gamme 24x36 ?\" style=\"background-color: #f2f2f2; aspect-ratio:2339\/1237;\"\/><\/p>\n<p class=\"ed__a-p ed__bdy__l\">Un triplement des performances qui profite de l\u2019arriv\u00e9e dans cette gamme du coprocesseur IA, absent de l\u2019A7IV. Et qui permet donc de shooter \u00e0 30 i\/s avec le suivi AF IA actif (\u00e9chantillonnage de l\u2019AF \u00e0 60 Hz, contre 120 Hz chez l\u2019A9 III et l\u2019A1II). Mieux encore : ce super AF peut \u00eatre activ\u00e9 \u00e0 la demande par le biais d\u2019une nouvelle fonction appel\u00e9e AF Boost. Ce qui \u00e9vite de se retrouver bloqu\u00e9 \u00e0 30 i\/s en permanence.<\/p>\n<p>            Publicit\u00e9, votre contenu continue ci-dessous<\/p>\n<p>            Publicit\u00e9<\/p>\n<p class=\"ed__a-p ed__bdy__l\"><img loading=\"lazy\" decoding=\"async\" src=\"data:image\/svg+xml,%3Csvg xmlns='http:\/\/www.w3.org\/2000\/svg'%3E%3C\/svg%3E\" draggable=\"false\" width=\"2196\" height=\"1007\" class=\"ed__title-xxs\" alt=\"Sony Alpha A7V : le futur champion de l'entr\u00e9e de gamme 24x36 ?\" style=\"background-color: #f2f2f2; aspect-ratio:2196\/1007;\"\/><\/p>\n<p class=\"ed__a-p ed__bdy__l\">Autre am\u00e9lioration d\u2019imagerie, une plage dynamique qui passe de 15 diaphs (ou stops dans le jargon) \u00e0 pas moins de 16 diaphs. Une valeur qui porte en elle la promesse d\u2019une am\u00e9lioration notable de la r\u00e9cup\u00e9ration des d\u00e9tails dans les zones sous ou surexpos\u00e9es. Notez cependant que cette valeur s\u2019entend lors de l\u2019utilisation de l\u2019obturateur m\u00e9canique.<\/p>\n<p class=\"ed__a-p ed__bdy__l\">Sony profite aussi de ce bo\u00eetier pour introduire un tout nouveau processeur d\u2019image, le Bionz XR2. Un processeur qui a comme particularit\u00e9 d\u2019int\u00e9grer directement en son sein le coprocesseur IA que les A9 III et autres A7R V int\u00e8grent \u00e0 c\u00f4t\u00e9 du Bionz XR de premi\u00e8re g\u00e9n\u00e9ration. Interrog\u00e9 par Les Num\u00e9riques, Sony se refuse \u00e0 tout commentaire quant aux d\u00e9tails techniques de cette puce (finesse de gravure, nombre de c\u0153urs, puissance brute th\u00e9orique de l\u2019ISP, etc.). Mais un repr\u00e9sentant de l\u2019entreprise nous a confi\u00e9 que \u00ab les am\u00e9liorations en mati\u00e8re d\u2019AF IA, de balance des blancs, de reproduction de couleur et d\u2019endurance de la batterie sont rendues possibles par cette nouvelle puce qui int\u00e8gre directement notre coprocesseur IA \u00bb.<\/p>\n<p class=\"ed__a-p ed__bdy__l\"><img loading=\"lazy\" decoding=\"async\" src=\"data:image\/svg+xml,%3Csvg xmlns='http:\/\/www.w3.org\/2000\/svg'%3E%3C\/svg%3E\" draggable=\"false\" width=\"3000\" height=\"2227\" class=\"ed__title-xxs\" alt=\"Sony Alpha A7V : le futur champion de l'entr\u00e9e de gamme 24x36 ?\" style=\"background-color: #f2f2f2; aspect-ratio:3000\/2227;\"\/><\/p>\n<p class=\"ed__a-p ed__bdy__l\">Avec une endurance de la batterie en hausse et une dur\u00e9e de tournage sextupl\u00e9e en haute temp\u00e9rature (lire plus loin), on peut donc d\u00e9duire que la premi\u00e8re des forces de cette nouvelle est sa finesse de gravure. Finesse qui permet, \u00e0 taille sans doute \u00e0 peu pr\u00e8s \u00e9quivalente, d\u2019int\u00e9grer les circuits IA (NPU ou DSP) du coprocesseur tout en faisant baisser la chauffe et la consommation \u00e9nerg\u00e9tique. Logique : apr\u00e8s tout, les appareils photo num\u00e9riques sont des ordinateurs comme les autres !<\/p>\n<p>            Publicit\u00e9, votre contenu continue ci-dessous<\/p>\n<p>            Publicit\u00e9<\/p>\n<p>L\u2019IA au service de la balance des blancs (et pas que)<\/p>\n<p class=\"ed__a-p ed__bdy__l\"><img loading=\"lazy\" decoding=\"async\" src=\"data:image\/svg+xml,%3Csvg xmlns='http:\/\/www.w3.org\/2000\/svg'%3E%3C\/svg%3E\" draggable=\"false\" width=\"2611\" height=\"1279\" class=\"ed__title-xxs\" alt=\"Sony Alpha A7V : le futur champion de l'entr\u00e9e de gamme 24x36 ?\" style=\"background-color: #f2f2f2; aspect-ratio:2611\/1279;\"\/><\/p>\n<p class=\"ed__a-p ed__bdy__l\">R\u00e9put\u00e9 pour sa science des couleurs tr\u00e8s juste, mais tr\u00e8s clinique, Sony profite du Bionz XR2 pour faire un pas dans les couleurs \u00ab qui plaisent \u00bb. Le suppl\u00e9ment de puissance de sa nouvelle puce lui permet d\u2019ex\u00e9cuter des algorithmes am\u00e9lior\u00e9s, notamment en mati\u00e8re de balance des blancs.<\/p>\n<p class=\"ed__a-p ed__bdy__l\">Les \u00e9quipes de Sony nous ont confi\u00e9 que les \u00ab les ing\u00e9nieurs ont r\u00e9alis\u00e9 un travail d\u2019apprentissage profond (deep learning) bas\u00e9 sur des milliers d\u2019images pour g\u00e9n\u00e9rer un nouveau moteur de balance des blancs. \u00bb Sur les diapos de la pr\u00e9sentation, on per\u00e7oit entre les lignes une forme d\u2019alignement de la recherche de tons plus chauds qui touche aussi <a href=\"https:\/\/www.lesnumeriques.com\/photo\/les-styles-photographiques-de-l-iphone-16-sont-ils-la-solution-a-nos-problemes-de-peau-n227675.html \" target=\"_blank\" rel=\"noopener\">les smartphones comme nous vous en parlions ici<\/a>.<\/p>\n<p class=\"ed__a-p ed__bdy__l\">La partie \u00ab IA \u00bb de l\u2019A7V se d\u00e9porte aussi sur votre ordinateur, PC ou Mac, par le biais de l\u2019application gratuite Imaging Edge Desktop. L\u2019A7V offre en effet, en plus du Composite RAW Shooting (on shoote 16 images sur tr\u00e9pied pour g\u00e9n\u00e9rer un RAW aux couleurs am\u00e9lior\u00e9es et au bruit diminu\u00e9), un nouveau mode appel\u00e9 Extended RAW Processing. Une fonction de sur\u00e9chantillonnage de l\u2019image (upscaling) bas\u00e9 sur \u2013 vous l\u2019aurez devin\u00e9 \u2013 des algos IA.<\/p>\n<p>4K60p sans recadrage<\/p>\n<p class=\"ed__a-p ed__bdy__l\"><img loading=\"lazy\" decoding=\"async\" src=\"data:image\/svg+xml,%3Csvg xmlns='http:\/\/www.w3.org\/2000\/svg'%3E%3C\/svg%3E\" draggable=\"false\" width=\"2827\" height=\"1336\" class=\"ed__title-xxs\" alt=\"Sony Alpha A7V : le futur champion de l'entr\u00e9e de gamme 24x36 ?\" style=\"background-color: #f2f2f2; aspect-ratio:2827\/1336;\"\/><\/p>\n<p class=\"ed__a-p ed__bdy__l\">Dans le domaine vid\u00e9o aussi, l\u2019A7V offre de beaux progr\u00e8s. \u00c0 commencer par l\u2019am\u00e9lioration du mode 4K plein cadre. Limit\u00e9 \u00e0 du 4K30p sans recadrage, le mode 4K60p de l\u2019A7IV imposait un recadrage Super35 (\u00e9quivalent APS-C). L\u2019A7V dispose d\u00e9sormais du mode 4K60p sans recadrage et pousse jusqu\u2019\u00e0 4K120p\u2026 \u00c0 nouveau avec un recadrage Super35.<\/p>\n<p>            Publicit\u00e9, votre contenu continue ci-dessous<\/p>\n<p>            Publicit\u00e9<\/p>\n<p class=\"ed__a-p ed__bdy__l\">Ce qui est encore mieux concernant le mode 4K60p, c\u2019est que le fichier 4K de sortie est issu d\u2019un sur\u00e9chantillonnage 7K, ce qui promet sur le papier une excellente d\u00e9finition d\u2019image. Sony s\u2019est refus\u00e9 \u00e0 commenter la pr\u00e9sence (ou l\u2019absence) d\u2019un double circuit ISO, nous invitant \u00ab \u00e0 faire nos propres observations \u00bb. Avec un processeur plus puissant, on esp\u00e8re un processing am\u00e9lior\u00e9, notamment du bruit num\u00e9rique.<\/p>\n<p class=\"ed__a-p ed__bdy__l\"><img loading=\"lazy\" decoding=\"async\" src=\"data:image\/svg+xml,%3Csvg xmlns='http:\/\/www.w3.org\/2000\/svg'%3E%3C\/svg%3E\" draggable=\"false\" width=\"2872\" height=\"1445\" class=\"ed__title-xxs\" alt=\"Sony Alpha A7V : le futur champion de l'entr\u00e9e de gamme 24x36 ?\" style=\"background-color: #f2f2f2; aspect-ratio:2872\/1445;\"\/><\/p>\n<p class=\"ed__a-p ed__bdy__l\">Au rand des autres am\u00e9liorations, il faut noter la pr\u00e9sence d\u2019un mode S-Cinetone (rendu contrast\u00e9 certes moins flexible du log, mais pratique pour du montage rapide), l\u2019import des LUT dans le bo\u00eetier, ainsi que l\u2019ajout de la fonction de suivi et recadrage automatique Auto-Framing.<\/p>\n<p class=\"ed__a-p ed__bdy__l\">L\u2019A7V fait cependant l\u2019impasse sur la vid\u00e9o open gate \u2013 enregistrement plein capteur. Et ce pour une raison sans doute marketing : 33 Mpix correspond, peu ou prou, \u00e0 de la 8K. Une d\u00e9finition vid\u00e9o que le processeur est sans nul doute capable de prendre en charge. Mais outre le fait que le design de dissipation thermique n\u2019a sans doute pas \u00e9t\u00e9 dimensionn\u00e9 pour cela, chez Sony, la segmentation vid\u00e9o est bien plus drastique que chez certaines marques.<\/p>\n<p>Pas de passage au noir et stab 7,5 stops<\/p>\n<p class=\"ed__a-p ed__bdy__l\"><img loading=\"lazy\" decoding=\"async\" src=\"data:image\/svg+xml,%3Csvg xmlns='http:\/\/www.w3.org\/2000\/svg'%3E%3C\/svg%3E\" draggable=\"false\" width=\"2856\" height=\"1476\" class=\"ed__title-xxs\" alt=\"Sony Alpha A7V : le futur champion de l'entr\u00e9e de gamme 24x36 ?\" style=\"background-color: #f2f2f2; aspect-ratio:2856\/1476;\"\/><\/p>\n<p class=\"ed__a-p ed__bdy__l\">Pour servir au mieux la rafale de 30 i\/s en obturateur \u00e9lectronique, Sony a am\u00e9lior\u00e9 son viseur \u00e9lectronique. Si la dalle OLED a toujours la m\u00eame d\u00e9finition de 3,69 Mpix, elle n\u2019impose plus de passage au noir. Cette fonction \u00ab no blackout \u00bb que Sony avait inaugur\u00e9e avec son premier Alpha A1 transforme compl\u00e8tement l\u2019exp\u00e9rience de rafale : plus d\u2019interruption, on voit un flux vid\u00e9o continu o\u00f9 la capture de chaque image est signifi\u00e9e par l\u2019apparition rapide d\u2019un cadre blanc dans l\u2019image.<\/p>\n<p>            Publicit\u00e9, votre contenu continue ci-dessous<\/p>\n<p>            Publicit\u00e9<\/p>\n<p class=\"ed__a-p ed__bdy__l\">Pour ajouter encore aux promesses de prises de vues rapides r\u00e9ussies, Sony a aussi (sacr\u00e9ment) fait progresser son m\u00e9canisme de stabilisation du capteur. De 5,5 vitesses on est pass\u00e9 \u00e0 7,5 vitesses au centre et 6,5 vitesses en bord de cadre (la nouvelle norme CIPA impose une diff\u00e9rentiation des valeurs, NDR).<\/p>\n<p class=\"ed__a-p ed__bdy__l\">Et pour les pour lesquels encore plus exigeants sur l\u2019acquisition de LA bonne image, il faut noter l\u2019ajout de la fonction pr\u00e9-capture. Un m\u00e9canisme qui permet de param\u00e9trer une dur\u00e9e de pr\u00e9enregistrement de la rafale lorsque le d\u00e9clencheur est press\u00e9 \u00e0 mi-course. Une fonction que Sony a voulu hautement param\u00e9trable, puisque la plage d\u2019enregistrement oscille entre 0,03s et 1 seconde.<\/p>\n<p>Meilleur \u00e9cran, double USB C et Wi-Fi 6<\/p>\n<p class=\"ed__a-p ed__bdy__l\"><img loading=\"lazy\" decoding=\"async\" src=\"data:image\/svg+xml,%3Csvg xmlns='http:\/\/www.w3.org\/2000\/svg'%3E%3C\/svg%3E\" draggable=\"false\" width=\"2865\" height=\"1523\" class=\"ed__title-xxs\" alt=\"Sony Alpha A7V : le futur champion de l'entr\u00e9e de gamme 24x36 ?\" style=\"background-color: #f2f2f2; aspect-ratio:2865\/1523;\"\/><\/p>\n<p class=\"ed__a-p ed__bdy__l\">L\u2019\u00e9cran int\u00e9gr\u00e9 \u00e0 cet A7V fait lui aussi un beau bond en avant. Il double la d\u00e9finition de son a\u00efeul en passant \u00e0 2,1 Mpix et s\u2019oriente d\u00e9sormais sur 4 axes \u2013 et \u00ab oui \u00bb, il est con\u00e7u pour ne jamais obstruer les prises.<\/p>\n<p class=\"ed__a-p ed__bdy__l\">En parlant de prises, si on retrouve toujours un HDMI A (plein format), ce n\u2019est plus un, mais deux prises USB C qui sont disponibles. Deux prises qui r\u00e9pondent cependant \u00e0 des standards tr\u00e8s diff\u00e9rents. La premi\u00e8re est au standard USB-C Gen 3.2, ce qui signifie que son d\u00e9bit \u00e9lev\u00e9 (jusqu\u2019\u00e0 10 Gbit\/s) est adapt\u00e9 au shoot connect\u00e9, \u00e0 la diffusion en direct (livestream) ou encore au transfert de fichier pour d\u00e9charger la carte m\u00e9moire sur l\u2019ordinateur. La seconde prise est au standard USB 2.0 et donc bien plus lente ; on la gardera notamment pour l\u2019alimentation du bo\u00eetier ou les communications basse vitesse.<\/p>\n<p class=\"ed__a-p ed__bdy__l\"><img loading=\"lazy\" decoding=\"async\" src=\"data:image\/svg+xml,%3Csvg xmlns='http:\/\/www.w3.org\/2000\/svg'%3E%3C\/svg%3E\" draggable=\"false\" width=\"2763\" height=\"1523\" class=\"ed__title-xxs\" alt=\"Sony Alpha A7V : le futur champion de l'entr\u00e9e de gamme 24x36 ?\" style=\"background-color: #f2f2f2; aspect-ratio:2763\/1523;\"\/><\/p>\n<p class=\"ed__a-p ed__bdy__l\">Dernier progr\u00e8s, cet A7V int\u00e8gre pour la premi\u00e8re fois chez Sony une puce Wi-Fi 6E. Oui, voici enfin un bo\u00eetier compatible avec la norme IEEE 802.11ax dite Wi-Fi 6. Mieux encore, il s\u2019agit de la norme Wi-Fi 6 E, donc compatible avec la bande 6 GHz, et l\u2019animal est \u00e9quip\u00e9 non pas d\u2019une, mais de deux antennes (2&#215;2 MIMO, comme l\u2019Alpha A1 II). Cette comptabilit\u00e9 promet un Wi-Fi non seulement avec une meilleure port\u00e9e et un meilleur d\u00e9bit, mais aussi avec une plus grande stabilis\u00e9 de signal. Ce qui n\u2019est pas inutile : outre que le confort devrait \u00eatre meilleur avec l\u2019application mobile, il faut noter que ce bo\u00eetier est le premier \u00e0 offrir le streaming PC en 4K30p UAC\/UVC.<\/p>\n<p class=\"ed__a-p ed__bdy__l\"><img loading=\"lazy\" decoding=\"async\" src=\"data:image\/svg+xml,%3Csvg xmlns='http:\/\/www.w3.org\/2000\/svg'%3E%3C\/svg%3E\" draggable=\"false\" width=\"2791\" height=\"1104\" class=\"ed__title-xxs\" alt=\"Sony Alpha A7V : le futur champion de l'entr\u00e9e de gamme 24x36 ?\" style=\"background-color: #f2f2f2; aspect-ratio:2791\/1104;\"\/><\/p>\n<p class=\"ed__a-p ed__bdy__l\">Il faut noter un point important en mati\u00e8re d\u2019endurances \u2013 oui, avec un s. La r\u00e9duction de la finesse de gravure de la puce Bionz XR2 a deux vertus. La premi\u00e8re concerne le nombre de prises de vues, qui passent de 520\/580 (viseur\/\u00e9cran) sur l\u2019A7IV \u00e0 630\/750 sur l\u2019A7V, des augmentations respectives 21% et 29% \u00e0 taille de batterie \u00e9gale (il s\u2019agit de la m\u00eame NP-FZ100).<\/p>\n<p class=\"ed__a-p ed__bdy__l\"><img loading=\"lazy\" decoding=\"async\" src=\"data:image\/svg+xml,%3Csvg xmlns='http:\/\/www.w3.org\/2000\/svg'%3E%3C\/svg%3E\" draggable=\"false\" width=\"6504\" height=\"4201\" class=\"ed__title-xxs\" alt=\"Sony Alpha A7V : le futur champion de l'entr\u00e9e de gamme 24x36 ?\" style=\"background-color: #f2f2f2; aspect-ratio:6504\/4201;\"\/><\/p>\n<p class=\"ed__a-p ed__bdy__l\">La seconde endurance en hausse est celle de la dur\u00e9e d\u2019enregistrement vid\u00e9o en hautes temp\u00e9ratures. En 4K60p et \u00e0 25\u00b0C, les A7IV et A7V font jeu \u00e9gal avec une dur\u00e9e d\u2019enregistrement continu garantie de 90 min. Mais \u00e0 40\u00b0C, alors que l\u2019A7IV se met en position surchauffe d\u00e8s 10 min, l\u2019A7V promet une heure (60 min) d\u2019enregistrement. Dans les milieux chauds, l\u2019A7V sera donc bien plus fiable que son a\u00efeul pour tous les travaux vid\u00e9o.<\/p>\n<p class=\"ed__a-p ed__bdy__l\">Le Sony Alpha A7V est disponible d\u00e8s aujourd\u2019hui \u00e0 2999 \u20ac bo\u00eetier nu.<\/p>\n<p>            Publicit\u00e9, votre contenu continue ci-dessous<\/p>\n<p>            Publicit\u00e9<\/p>\n<p class=\"ed__a-p ed__bdy__l\">Envie de faire encore plus d&rsquo;\u00e9conomies ? D\u00e9couvrez <a href=\"https:\/\/www.lesnumeriques.com\/codes-promo.html\" target=\"_blank\" rel=\"noopener\">nos codes promo<\/a> s\u00e9lectionn\u00e9s pour vous.<\/p>\n","protected":false},"excerpt":{"rendered":"L\u2019Alpha A7IV a enfin son successeur ! Quatre ans apr\u00e8s son lancement, le bo\u00eetier d\u2019entr\u00e9e de gamme des&hellip;\n","protected":false},"author":2,"featured_media":574495,"comment_status":"","ping_status":"","sticky":false,"template":"","format":"standard","meta":{"footnotes":""},"categories":[7],"tags":[1011,27,43,40,41,39,42,44],"class_list":{"0":"post-574494","1":"post","2":"type-post","3":"status-publish","4":"format-standard","5":"has-post-thumbnail","7":"category-sciences-et-technologies","8":"tag-fr","9":"tag-france","10":"tag-science","11":"tag-science-and-technology","12":"tag-sciences","13":"tag-sciences-et-technologies","14":"tag-technologies","15":"tag-technology"},"share_on_mastodon":{"url":"https:\/\/pubeurope.com\/@fr\/115653508064073812","error":""},"_links":{"self":[{"href":"https:\/\/www.europesays.com\/fr\/wp-json\/wp\/v2\/posts\/574494","targetHints":{"allow":["GET"]}}],"collection":[{"href":"https:\/\/www.europesays.com\/fr\/wp-json\/wp\/v2\/posts"}],"about":[{"href":"https:\/\/www.europesays.com\/fr\/wp-json\/wp\/v2\/types\/post"}],"author":[{"embeddable":true,"href":"https:\/\/www.europesays.com\/fr\/wp-json\/wp\/v2\/users\/2"}],"replies":[{"embeddable":true,"href":"https:\/\/www.europesays.com\/fr\/wp-json\/wp\/v2\/comments?post=574494"}],"version-history":[{"count":0,"href":"https:\/\/www.europesays.com\/fr\/wp-json\/wp\/v2\/posts\/574494\/revisions"}],"wp:featuredmedia":[{"embeddable":true,"href":"https:\/\/www.europesays.com\/fr\/wp-json\/wp\/v2\/media\/574495"}],"wp:attachment":[{"href":"https:\/\/www.europesays.com\/fr\/wp-json\/wp\/v2\/media?parent=574494"}],"wp:term":[{"taxonomy":"category","embeddable":true,"href":"https:\/\/www.europesays.com\/fr\/wp-json\/wp\/v2\/categories?post=574494"},{"taxonomy":"post_tag","embeddable":true,"href":"https:\/\/www.europesays.com\/fr\/wp-json\/wp\/v2\/tags?post=574494"}],"curies":[{"name":"wp","href":"https:\/\/api.w.org\/{rel}","templated":true}]}}