{"id":574498,"date":"2025-12-03T03:28:12","date_gmt":"2025-12-03T03:28:12","guid":{"rendered":"https:\/\/www.europesays.com\/fr\/574498\/"},"modified":"2025-12-03T03:28:12","modified_gmt":"2025-12-03T03:28:12","slug":"pays-pourri-trump-se-lache-violemment-contre-la-somalie","status":"publish","type":"post","link":"https:\/\/www.europesays.com\/fr\/574498\/","title":{"rendered":"\u00ab\u00a0Pays pourri\u00a0\u00bb\u2026 Trump se l\u00e2che violemment contre la Somalie"},"content":{"rendered":"<p>Une nouvelle fois, Donald Trump n\u2019utilise pas le langage diplomatique pour dire ce qu\u2019il pense de certains pays. Probl\u00e8me, cette mani\u00e8re de s\u2019exprimer sans filtre peut flirter avec la ligne de l\u2019insulte ou du racisme, voire la d\u00e9passer. Pour le pr\u00e9sident am\u00e9ricain, elle peut aussi permettre de cimenter derri\u00e8re lui <a href=\"https:\/\/www.20minutes.fr\/diaporama\/diaporama-4174439-images-galaxie-maga-reunit-donald-trump-hommage-charlie-kirk\" target=\"_blank\" class=\"c-link c-link--is-underlined\" rel=\"noopener\">sa base \u00ab\u00a0MAGA\u00a0\u00bb<\/a> en attisant ses peurs, sur l\u2019immigration principalement.<\/p>\n<p>Et mardi, c\u2019est un pays de la Corne de l\u2019Afrique qui a fait les frais du courroux du locataire de la Maison-Blanche. Donald Trump s\u2019est en effet lanc\u00e9 dans une violente diatribe contre la <a href=\"https:\/\/www.20minutes.fr\/monde\/somalie\/\" target=\"_blank\" class=\"c-link c-link--is-underlined\" rel=\"noopener\">Somalie<\/a>, affirmant que les migrants de ce pays d\u2019Afrique ne devraient pas \u00eatre les bienvenus aux Etats-Unis. Le pr\u00e9sident am\u00e9ricain s\u2019exprimait au sujet d\u2019un scandale dans l\u2019Etat du Minnesota, o\u00f9, selon la justice locale, plus d\u2019un milliard de dollars ont \u00e9t\u00e9 vers\u00e9s \u00e0 des services sociaux inexistants, principalement par le biais de fausses factures \u00e9mises par des Am\u00e9ricains d\u2019origine somalienne.<\/p>\n<p>Une \u00e9lue d\u00e9mocrate insult\u00e9e<\/p>\n<p>En Somalie, \u00ab\u00a0ils n\u2019ont rien, ils ne font que s\u2019entre-tuer\u00a0\u00bb, a d\u00e9clar\u00e9 Donald Trump lors d\u2019une r\u00e9union de son gouvernement. \u00ab\u00a0Leur pays ne vaut rien pour une raison ou une autre. Leur pays est pourri, et nous ne voulons pas d\u2019eux chez nous\u00a0\u00bb. \u00ab\u00a0Nous sommes \u00e0 un point de bascule\u00a0\u00bb, a-t-il encore dit en relevant que les Etats-Unis feraient \u00ab\u00a0le mauvais choix si nous continuons \u00e0 accueillir des d\u00e9chets dans notre pays\u00a0\u00bb.<\/p>\n<\/p>\n<p>Soulignant que les Am\u00e9ricains d\u2019origine somalienne \u00ab\u00a0ne contribuent en rien\u00a0\u00bb, il s\u2019en est notamment pris \u00e0 une \u00e9lue d\u00e9mocrate du Minnesota, Ilhan Omar, originaire de Somalie et tr\u00e8s critique du gouvernement am\u00e9ricain. \u00ab\u00a0Ilhan Omar est une ordure. Ses amis sont des ordures\u00a0\u00bb, a dit Donald Trump. \u00ab\u00a0Qu\u2019ils retournent d\u2019o\u00f9 ils viennent et qu\u2019ils r\u00e8glent leurs probl\u00e8mes\u00a0\u00bb.<\/p>\n<p>Des restrictions de visas<\/p>\n<p>La d\u00e9mocrate, r\u00e9guli\u00e8rement vis\u00e9e par le pr\u00e9sident am\u00e9ricain, a ensuite r\u00e9pliqu\u00e9 sur X\u00a0: \u00ab\u00a0Son obsession pour moi est effrayante. J\u2019esp\u00e8re qu\u2019il va pouvoir recevoir l\u2019aide (psychologique) dont il a d\u00e9sesp\u00e9r\u00e9ment besoin.\u00a0\u00bb<\/p>\n<p><a href=\"https:\/\/www.20minutes.fr\/monde\/etats-unis\/\" target=\"_blank\" class=\"c-link c-btn c-btn--primary\" rel=\"noopener\">Notre dossier sur les Etats-Unis<\/a><\/p>\n<p>Donald Trump a annonc\u00e9 la semaine derni\u00e8re son intention de \u00ab\u00a0<a href=\"https:\/\/www.20minutes.fr\/monde\/etats-unis\/4188453-20251128-etats-unis-trump-ordonne-reexamen-visas-demandes-asile-accordes-ressortissants-pays-sensibles\" target=\"_blank\" class=\"c-link c-link--is-underlined\" rel=\"noopener\">suspendre d\u00e9finitivement l\u2019immigration en provenance de tous les pays du tiers-monde<\/a>\u00a0\u00bb. Le gouvernement am\u00e9ricain a d\u00e9j\u00e0 impos\u00e9 en juin dernier des interdictions d\u2019entr\u00e9e aux Etats-Unis ou des restrictions de visas aux ressortissants de 19 pays dont la Somalie.<\/p>\n","protected":false},"excerpt":{"rendered":"Une nouvelle fois, Donald Trump n\u2019utilise pas le langage diplomatique pour dire ce qu\u2019il pense de certains pays.&hellip;\n","protected":false},"author":2,"featured_media":574499,"comment_status":"","ping_status":"","sticky":false,"template":"","format":"standard","meta":{"footnotes":""},"categories":[5],"tags":[47,11,75,73,1011,27,1061,6734,14,51817,74,12,10162,5638,133,28],"class_list":{"0":"post-574498","1":"post","2":"type-post","3":"status-publish","4":"format-standard","5":"has-post-thumbnail","7":"category-international","8":"tag-actualite","9":"tag-actualites","10":"tag-donald-trump","11":"tag-etats-unis","12":"tag-fr","13":"tag-france","14":"tag-immigration","15":"tag-immigration-clandestine","16":"tag-international","17":"tag-maga","18":"tag-monde","19":"tag-news","20":"tag-racisme","21":"tag-somalie","22":"tag-video","23":"tag-world"},"share_on_mastodon":{"url":"https:\/\/pubeurope.com\/@fr\/115653516198803129","error":""},"_links":{"self":[{"href":"https:\/\/www.europesays.com\/fr\/wp-json\/wp\/v2\/posts\/574498","targetHints":{"allow":["GET"]}}],"collection":[{"href":"https:\/\/www.europesays.com\/fr\/wp-json\/wp\/v2\/posts"}],"about":[{"href":"https:\/\/www.europesays.com\/fr\/wp-json\/wp\/v2\/types\/post"}],"author":[{"embeddable":true,"href":"https:\/\/www.europesays.com\/fr\/wp-json\/wp\/v2\/users\/2"}],"replies":[{"embeddable":true,"href":"https:\/\/www.europesays.com\/fr\/wp-json\/wp\/v2\/comments?post=574498"}],"version-history":[{"count":0,"href":"https:\/\/www.europesays.com\/fr\/wp-json\/wp\/v2\/posts\/574498\/revisions"}],"wp:featuredmedia":[{"embeddable":true,"href":"https:\/\/www.europesays.com\/fr\/wp-json\/wp\/v2\/media\/574499"}],"wp:attachment":[{"href":"https:\/\/www.europesays.com\/fr\/wp-json\/wp\/v2\/media?parent=574498"}],"wp:term":[{"taxonomy":"category","embeddable":true,"href":"https:\/\/www.europesays.com\/fr\/wp-json\/wp\/v2\/categories?post=574498"},{"taxonomy":"post_tag","embeddable":true,"href":"https:\/\/www.europesays.com\/fr\/wp-json\/wp\/v2\/tags?post=574498"}],"curies":[{"name":"wp","href":"https:\/\/api.w.org\/{rel}","templated":true}]}}