{"id":574504,"date":"2025-12-03T03:32:20","date_gmt":"2025-12-03T03:32:20","guid":{"rendered":"https:\/\/www.europesays.com\/fr\/574504\/"},"modified":"2025-12-03T03:32:20","modified_gmt":"2025-12-03T03:32:20","slug":"saint-etienne-condamnation-de-perdriau-voici-le-candidat-de-la-majorite-pour-devenir-maire","status":"publish","type":"post","link":"https:\/\/www.europesays.com\/fr\/574504\/","title":{"rendered":"Saint-Etienne. Condamnation de Perdriau, voici le candidat de la majorit\u00e9 pour devenir maire"},"content":{"rendered":"<p>                    Par<br \/>\n        <strong><br \/>\n            <a href=\"https:\/\/actu.fr\/auteur\/mathias-souteyrat\" title=\"Consulter tous les articles de Mathias Souteyrat\" target=\"_blank\" rel=\"noopener\">Mathias Souteyrat<\/a><br \/>\n                    <\/strong><\/p>\n<p>        Publi\u00e9 le<\/p>\n<p>            2 d\u00e9c. 2025 \u00e0 10h27        <\/p>\n<p>\u00ab\u2009Monsieur vous ne pouvez plus \u00eatre le maire de la ville de Saint-Etienne.\u2009\u00bb C\u2019est un s\u00e9isme dans la vie politique fran\u00e7aise. La pr\u00e9f\u00e8te de la <a href=\"https:\/\/actu.fr\/auvergne-rhone-alpes\/loire_42\" target=\"_blank\" rel=\"noopener\">Loire<\/a> va formuler l\u2019arr\u00eat\u00e9 de d\u00e9mission d\u2019office du maire de Saint-Etienne dans les heures\/jours \u00e0 venir.<\/p>\n<p class=\" wall-content\">Apr\u00e8s le jugement de <a href=\"https:\/\/actu.fr\/auvergne-rhone-alpes\/saint-etienne_42218\/saint-etienne-proces-du-chantage-a-la-sextape-a-la-mairie-gael-perdriau-condamne_63497428.html\" target=\"_blank\" rel=\"noopener\">Ga\u00ebl Perdriau, maire de la ville, le condamnant<\/a> dans <a href=\"https:\/\/actu.fr\/auvergne-rhone-alpes\/saint-etienne_42218\/saint-etienne-proces-du-chantage-a-la-sextape-ce-qu-il-faut-retenir-des-condamnations_63511298.html\" target=\"_blank\" rel=\"noopener\">l\u2019affaire du chantage \u00e0 la sextape<\/a> \u00e0 une peine de 5\u00a0ans d\u2019emprisonnement dont 1 an de sursis et \u00e0 l\u2019in\u00e9ligibilit\u00e9<strong> pendant 5\u00a0ans avec ex\u00e9cution provisoire<\/strong>, un nouveau maire doit \u00eatre \u00e9lu.<\/p>\n<p>Un conseil municipal la semaine prochaine<\/p>\n<p class=\" wall-content\">Un conseil municipal est pr\u00e9vu la semaine prochaine.<\/p>\n<p>    <img   decoding=\"async\" loading=\"lazy\" src=\"https:\/\/www.europesays.com\/fr\/wp-content\/uploads\/2025\/12\/whatsapp-image-2025-12-02-a-102510-df79d5be-960x640.jpg\" alt=\"Marc Chassaub\u00e9n\u00e9, adjoint au maire charg\u00e9 de la culture.\" width=\"960\" height=\"640\"\/><br \/>\n    Marc Chassaub\u00e9n\u00e9, adjoint au maire charg\u00e9 de la culture. (\u00a9MATTHIEU DELATY\/ Hans Lucas\/\u00a0AFP)<\/p>\n<p class=\" wall-content\">La majorit\u00e9 municipale et les quelques rares \u00e9lus qui soutenaient encore l\u2019\u00e9dile st\u00e9phanois ont d\u00e9sign\u00e9 Marc Chassaub\u00e9n\u00e9, adjoint au maire charg\u00e9 de la culture, du patrimoine, du design, de la lutte contre les discriminations, vice-pr\u00e9sident de Saint-Etienne M\u00e9tropole pour \u00eatre le candidat \u00e0 la fonction de maire de la ville de Saint-Etienne<\/p>\n<p>Jean-Pierre Berger, 1er adjoint au maire a r\u00e9uni le conseil de majorit\u00e9<\/p>\n<p class=\" wall-content\">Selon un communiqu\u00e9 de la mairie, Jean-Pierre Berger, 1\u1d49\u02b3 adjoint au maire de Saint-Etienne, pr\u00e9sident du groupe de la majorit\u00e9 municipale, a r\u00e9uni lundi soir en conseil de majorit\u00e9, l\u2019ensemble des 33 \u00e9lus de la majorit\u00e9 municipale.<\/p>\n<blockquote class=\"ac-article-quote wall-content\">\n<p>La majorit\u00e9 municipale, toujours respectueuse de l\u2019Etat de droit sans lequel il n\u2019y a pas de vie en soci\u00e9t\u00e9 et en d\u00e9mocratie, a toujours d\u00e9fendu la pr\u00e9somption d\u2019innocence. Nous avons pris, hier, acte de de la d\u00e9cision de justice et, bien entendu, nous la respectons.<\/p>\n<p>    <strong>Jean-Pierre Berger<\/strong><br \/>\n        1er adjoint au maire    <\/p><\/blockquote>\n<p>Votre r\u00e9gion, votre actu !<\/p>\n<p>Recevez chaque jour les infos qui comptent pour vous.<\/p>\n<p>\t<a href=\"https:\/\/actu.fr\/newsletter\" class=\"ac-btn ac-btn--corner ac-btn--medium ac-btn--blue800\" target=\"_blank\" rel=\"noopener\">S&rsquo;incrire<\/a><\/p>\n<p class=\" wall-content\">Le conseil municipal qui suivra abordera les dossiers de la vie municipale, notamment du D\u00e9bat d\u2019orientation budg\u00e9taire, et quelque 80 autres d\u00e9lib\u00e9rations.<\/p>\n<p class=\" wall-content\">Personnalisez votre actualit\u00e9 en ajoutant vos villes et m\u00e9dias en favori avec <a href=\"https:\/\/moncompte.actu.fr\" title=\"D\u00e9couvez Mon Actu\" rel=\"nofollow noopener\" data-trk=\"{&quot;cta&quot;:{&quot;action&quot;:&quot;https:\\\/\\\/moncompte.actu.fr&quot;,&quot;category&quot;:&quot;mon compte&quot;,&quot;from&quot;:&quot;article footer&quot;,&quot;name&quot;:&quot;Mon actu&quot;,&quot;type&quot;:&quot;cta&quot;}}\" target=\"_blank\">Mon Actu<\/a>.<\/p>\n","protected":false},"excerpt":{"rendered":"Par Mathias Souteyrat Publi\u00e9 le 2 d\u00e9c. 2025 \u00e0 10h27 \u00ab\u2009Monsieur vous ne pouvez plus \u00eatre le maire&hellip;\n","protected":false},"author":2,"featured_media":574505,"comment_status":"","ping_status":"","sticky":false,"template":"","format":"standard","meta":{"footnotes":""},"categories":[9653],"tags":[1111,11,2430,4188,1777,674,1011,27,12242,303,12,316,25,4001],"class_list":{"0":"post-574504","1":"post","2":"type-post","3":"status-publish","4":"format-standard","5":"has-post-thumbnail","7":"category-saint-etienne","8":"tag-actu","9":"tag-actualites","10":"tag-auvergne-rhone-alpes","11":"tag-elections-municipales","12":"tag-eu","13":"tag-europe","14":"tag-fr","15":"tag-france","16":"tag-gael-perdriau","17":"tag-justice","18":"tag-news","19":"tag-politique","20":"tag-republique-francaise","21":"tag-saint-etienne"},"share_on_mastodon":{"url":"https:\/\/pubeurope.com\/@fr\/115653532386314470","error":""},"_links":{"self":[{"href":"https:\/\/www.europesays.com\/fr\/wp-json\/wp\/v2\/posts\/574504","targetHints":{"allow":["GET"]}}],"collection":[{"href":"https:\/\/www.europesays.com\/fr\/wp-json\/wp\/v2\/posts"}],"about":[{"href":"https:\/\/www.europesays.com\/fr\/wp-json\/wp\/v2\/types\/post"}],"author":[{"embeddable":true,"href":"https:\/\/www.europesays.com\/fr\/wp-json\/wp\/v2\/users\/2"}],"replies":[{"embeddable":true,"href":"https:\/\/www.europesays.com\/fr\/wp-json\/wp\/v2\/comments?post=574504"}],"version-history":[{"count":0,"href":"https:\/\/www.europesays.com\/fr\/wp-json\/wp\/v2\/posts\/574504\/revisions"}],"wp:featuredmedia":[{"embeddable":true,"href":"https:\/\/www.europesays.com\/fr\/wp-json\/wp\/v2\/media\/574505"}],"wp:attachment":[{"href":"https:\/\/www.europesays.com\/fr\/wp-json\/wp\/v2\/media?parent=574504"}],"wp:term":[{"taxonomy":"category","embeddable":true,"href":"https:\/\/www.europesays.com\/fr\/wp-json\/wp\/v2\/categories?post=574504"},{"taxonomy":"post_tag","embeddable":true,"href":"https:\/\/www.europesays.com\/fr\/wp-json\/wp\/v2\/tags?post=574504"}],"curies":[{"name":"wp","href":"https:\/\/api.w.org\/{rel}","templated":true}]}}