{"id":574512,"date":"2025-12-03T03:37:15","date_gmt":"2025-12-03T03:37:15","guid":{"rendered":"https:\/\/www.europesays.com\/fr\/574512\/"},"modified":"2025-12-03T03:37:15","modified_gmt":"2025-12-03T03:37:15","slug":"toulon-triades-la-mafia-chinoise-a-la-conquete-du-monde","status":"publish","type":"post","link":"https:\/\/www.europesays.com\/fr\/574512\/","title":{"rendered":"Toulon : \u00ab\u00a0Triades : la mafia chinoise \u00e0 la conqu\u00eate du monde\u00a0\u00bb"},"content":{"rendered":"<p>        <a href=\"https:\/\/www.tv83.info\/wp-content\/uploads\/2025\/11\/Piece-jointe.png\" data-caption=\"\" target=\"_blank\" rel=\"noopener\"><img loading=\"lazy\" decoding=\"async\" width=\"696\" height=\"696\" class=\"entry-thumb td-modal-image\" src=\"https:\/\/www.europesays.com\/fr\/wp-content\/uploads\/2025\/12\/Piece-jointe-696x696.png\"   alt=\"\" title=\"Pie\u0300ce jointe\"\/><\/a><\/p>\n<p>Conf\u00e9rence \u00ab\u00a0Triades : la mafia chinoise \u00e0 la conqu\u00eate du monde\u00a0\u00bb<\/p>\n<p>Par Antoine Vitkine, journaliste, \u00e9crivain, r\u00e9alisateur, et gagnant du prix g\u00e9opolitique FMES 2025.<\/p>\n<p>L\u2019Institut FMES a l\u2019honneur de vous inviter le jeudi 4 d\u00e9cembre de 18h30 \u00e0 20h, \u00e0 la conf\u00e9rence de son cycle 2025 qui accueillera Antoine Vitkine sur la th\u00e9matique \u00ab\u00a0Triades : la mafia chinoise \u00e0 la conqu\u00eate du monde\u00a0\u00bb.<\/p>\n<p>Une s\u00e9ance de d\u00e9dicace aura lieu, nous vous attendons d\u00e8s 18h.<\/p>\n<p><strong>Jeudi 4 d\u00e9cembre 2025<\/strong><br \/>18h30 \u2013 20h<br \/>Amphi 500<br \/>Facult\u00e9 de droit, 35 av. A. Daudet<br \/>Campus de Toulon \u2013 Porte d\u2019Italie<\/p>\n<p>Inscrivez vous d\u00e8s maintenant car les places sont limit\u00e9es et nous ne pourrons garantir des places aux personnes ne s\u2019\u00e9tant pas inscrites en amont.<br \/><a class=\"r16-r default-button\" href=\"https:\/\/5j48o.r.a.d.sendibm1.com\/mk\/cl\/f\/sh\/1t6Af4OiGsDg0hBhgq4LsModYEfU6l\/t44fPkbHo6Ej\" target=\"_blank\" rel=\"noopener\" data-btn=\"1\">Je m\u2019inscris\u00a0<\/a>\u00ad<br \/>L\u2019entr\u00e9e \u00e0 cette conf\u00e9rence co\u00fbte 8 euros et est gratuite pour les moins de 27 ans, les membres de l\u2019universit\u00e9 de Toulon ainsi que pour les adh\u00e9rents 2025 de l\u2019institut FMES. Cette action vise \u00e0 soutenir les activit\u00e9s et le fonctionnement de l\u2019institut FMES, think-tank fran\u00e7ais renomm\u00e9 au niveau national et international. En participant \u00e0 ses conf\u00e9rences, vous soutenez une recherche fran\u00e7aise de qualit\u00e9 et ind\u00e9pendante dans un contexte marqu\u00e9 par la recrudescence de multiples crises strat\u00e9giques.<\/p>\n<p><a href=\"https:\/\/www.restosducoeur.org\/associations-departementales\/les-restos-du-coeur-du-var\/\" target=\"_blank\" rel=\"noopener\"><img decoding=\"async\" style=\"height:70px;width:140px\" src=\"https:\/\/www.europesays.com\/fr\/wp-content\/uploads\/2025\/04\/restos-du-coeur.jpg\"\/><\/a>        <\/p>\n","protected":false},"excerpt":{"rendered":"Conf\u00e9rence \u00ab\u00a0Triades : la mafia chinoise \u00e0 la conqu\u00eate du monde\u00a0\u00bb Par Antoine Vitkine, journaliste, \u00e9crivain, r\u00e9alisateur, et&hellip;\n","protected":false},"author":2,"featured_media":574513,"comment_status":"","ping_status":"","sticky":false,"template":"","format":"standard","meta":{"footnotes":""},"categories":[9619],"tags":[1111,11,1777,674,1011,27,12,882,25,2310],"class_list":{"0":"post-574512","1":"post","2":"type-post","3":"status-publish","4":"format-standard","5":"has-post-thumbnail","7":"category-toulon","8":"tag-actu","9":"tag-actualites","10":"tag-eu","11":"tag-europe","12":"tag-fr","13":"tag-france","14":"tag-news","15":"tag-provence-alpes-cote-dazur","16":"tag-republique-francaise","17":"tag-toulon"},"share_on_mastodon":{"url":"","error":""},"_links":{"self":[{"href":"https:\/\/www.europesays.com\/fr\/wp-json\/wp\/v2\/posts\/574512","targetHints":{"allow":["GET"]}}],"collection":[{"href":"https:\/\/www.europesays.com\/fr\/wp-json\/wp\/v2\/posts"}],"about":[{"href":"https:\/\/www.europesays.com\/fr\/wp-json\/wp\/v2\/types\/post"}],"author":[{"embeddable":true,"href":"https:\/\/www.europesays.com\/fr\/wp-json\/wp\/v2\/users\/2"}],"replies":[{"embeddable":true,"href":"https:\/\/www.europesays.com\/fr\/wp-json\/wp\/v2\/comments?post=574512"}],"version-history":[{"count":0,"href":"https:\/\/www.europesays.com\/fr\/wp-json\/wp\/v2\/posts\/574512\/revisions"}],"wp:featuredmedia":[{"embeddable":true,"href":"https:\/\/www.europesays.com\/fr\/wp-json\/wp\/v2\/media\/574513"}],"wp:attachment":[{"href":"https:\/\/www.europesays.com\/fr\/wp-json\/wp\/v2\/media?parent=574512"}],"wp:term":[{"taxonomy":"category","embeddable":true,"href":"https:\/\/www.europesays.com\/fr\/wp-json\/wp\/v2\/categories?post=574512"},{"taxonomy":"post_tag","embeddable":true,"href":"https:\/\/www.europesays.com\/fr\/wp-json\/wp\/v2\/tags?post=574512"}],"curies":[{"name":"wp","href":"https:\/\/api.w.org\/{rel}","templated":true}]}}