{"id":574514,"date":"2025-12-03T03:38:24","date_gmt":"2025-12-03T03:38:24","guid":{"rendered":"https:\/\/www.europesays.com\/fr\/574514\/"},"modified":"2025-12-03T03:38:24","modified_gmt":"2025-12-03T03:38:24","slug":"les-4-infos-rugby-quil-ne-fallait-pas-louper-ce-mardi","status":"publish","type":"post","link":"https:\/\/www.europesays.com\/fr\/574514\/","title":{"rendered":"les 4 infos rugby qu&rsquo;il ne fallait pas louper ce mardi"},"content":{"rendered":"<p>                    Par<br \/>\n        <strong><br \/>\n            <a href=\"https:\/\/actu.fr\/auteur\/emilie-dudonfournier\" title=\"Consulter tous les articles de Emilie Dudon-Fournier\" target=\"_blank\" rel=\"noopener\">Emilie Dudon-Fournier<\/a><br \/>\n                    <\/strong><\/p>\n<p>        Publi\u00e9 le<\/p>\n<p>            2 d\u00e9c. 2025 \u00e0 18h47        <\/p>\n<p>Ce n\u2019est pas encore aujourd\u2019hui que la plan\u00e8te <strong>rugby<\/strong> s\u2019est arr\u00eat\u00e9e de tourner. <a href=\"https:\/\/actu.fr\/rugby\/\" target=\"_blank\" rel=\"noopener\">Actu Rugby\u00a0\u00a0<\/a>vous vous \u00e9vite de passer des heures \u00e0 scroller pour \u00eatre au parfum de tout ce qu\u2019il fallait savoir aujourd\u2019hui. Voici <strong>les 4 infos \u00e0 retenir<\/strong> en ce mardi 2 d\u00e9cembre.<\/p>\n<p>Pau : Gailleton out de 2 \u00e0 4 mois<\/p>\n<p class=\" wall-content\">Victime d\u2019une luxation de l\u2019\u00e9paule gauche contre La Rochelle (53-33), le centre international de Pau \u00c9milien Gailleton va \u00eatre \u00e9loign\u00e9 des terrains durant 2 \u00e0 4 mois, selon L\u2019\u00c9quipe. Cela d\u00e9pendra de la n\u00e9cessit\u00e9 d\u2019une op\u00e9ration, ou non.\u00a0Lundi soir, le joueur (22 ans, 11 s\u00e9lections) avait pos\u00e9 une photo qu\u2019il avait l\u00e9gend\u00e9e \u00ab\u00a0+ 5 points et une \u00e9paule en moins.\u00a0\u00c0 dans quelques mois \ud83d\udc4b\ud83c\udffc\u00a0\u00bb<\/p>\n<p class=\" wall-content\">Son co\u00e9quipier, le 2e ligne international Jimi Maximim (26 ans, 1 s\u00e9lection), a \u00e9t\u00e9 victime d\u2019une commotion lors de l\u2019\u00e9chauffement de la m\u00eame rencontre et devrait \u00eatre absent entre 1 et 3 semaines.<\/p>\n<p class=\" wall-content\"><a href=\"https:\/\/www.instagram.com\/p\/DRvAuT8jTyR\/embed\" title=\"Ouvrir le lien sur Instagram\" target=\"_blank\" rel=\"noopener\">Visualiser le contenu sur Instagram<\/a><\/p>\n<p>La Rochelle : Cancoriet vers Toulon<\/p>\n<p class=\" wall-content\">Selon L\u2019\u00c9quipe, Judica\u00ebl Cancoriet a trouv\u00e9 un accord avec Toulon. Le 3e ligne international (29 ans, 5 s\u00e9lections) \u00e9tait en fin de contrat avec La Rochelle, qu\u2019il avait rejoint en 2023 depuis Clermonto.<\/p>\n<p>Bayonne : Germain absent 2 \u00e0 3 mois\u00a0<\/p>\n<p class=\" wall-content\">On craignait le pire samedi \u00e0 Jean-Dauger quand Baptiste Germain a \u00e9t\u00e9 \u00e9vacu\u00e9 sur civi\u00e8re apr\u00e8s une blessure \u00e0 une cheville contre Lyon. Le demi de m\u00eal\u00e9e ne souffre finalement pas d\u2019une fracture mais d\u2019une grosse entorse. Il sera \u00e9loign\u00e9 des terrains entre 2 et 3 mois tout de m\u00eame.<\/p>\n<p>Bayonne (2) : Macharashvili arrive<\/p>\n<p class=\" wall-content\">Le pilier droit g\u00e9orgien Lasha Macharashvili rejoindra l\u2019Aviron la saison prochaine. Le joueur de 27 ans, pass\u00e9 par le Stade Montois puis le MHR et qui porte actuellement les couleurs d\u2019Agen en Pro D2, s\u2019est engag\u00e9 pour 2 ans.<\/p>\n<p class=\" wall-content\">\n<p class=\" wall-content\">Personnalisez votre actualit\u00e9 en ajoutant vos villes et m\u00e9dias en favori avec <a href=\"https:\/\/moncompte.actu.fr\" title=\"D\u00e9couvez Mon Actu\" rel=\"nofollow noopener\" data-trk=\"{&quot;cta&quot;:{&quot;action&quot;:&quot;https:\\\/\\\/moncompte.actu.fr&quot;,&quot;category&quot;:&quot;mon compte&quot;,&quot;from&quot;:&quot;article footer&quot;,&quot;name&quot;:&quot;Mon actu&quot;,&quot;type&quot;:&quot;cta&quot;}}\" target=\"_blank\">Mon Actu<\/a>.<\/p>\n<p>                    <script async src=\"\/\/www.instagram.com\/embed.js\"><\/script><\/p>\n","protected":false},"excerpt":{"rendered":"Par Emilie Dudon-Fournier Publi\u00e9 le 2 d\u00e9c. 2025 \u00e0 18h47 Ce n\u2019est pas encore aujourd\u2019hui que la plan\u00e8te&hellip;\n","protected":false},"author":2,"featured_media":574515,"comment_status":"","ping_status":"","sticky":false,"template":"","format":"standard","meta":{"footnotes":""},"categories":[9619],"tags":[1111,11,1777,674,1011,27,12,3788,882,25,479,60,6365,2310],"class_list":{"0":"post-574514","1":"post","2":"type-post","3":"status-publish","4":"format-standard","5":"has-post-thumbnail","7":"category-toulon","8":"tag-actu","9":"tag-actualites","10":"tag-eu","11":"tag-europe","12":"tag-fr","13":"tag-france","14":"tag-news","15":"tag-pro","16":"tag-provence-alpes-cote-dazur","17":"tag-republique-francaise","18":"tag-rugby","19":"tag-sports","20":"tag-stade-rochelais","21":"tag-toulon"},"share_on_mastodon":{"url":"https:\/\/pubeurope.com\/@fr\/115653555682517085","error":""},"_links":{"self":[{"href":"https:\/\/www.europesays.com\/fr\/wp-json\/wp\/v2\/posts\/574514","targetHints":{"allow":["GET"]}}],"collection":[{"href":"https:\/\/www.europesays.com\/fr\/wp-json\/wp\/v2\/posts"}],"about":[{"href":"https:\/\/www.europesays.com\/fr\/wp-json\/wp\/v2\/types\/post"}],"author":[{"embeddable":true,"href":"https:\/\/www.europesays.com\/fr\/wp-json\/wp\/v2\/users\/2"}],"replies":[{"embeddable":true,"href":"https:\/\/www.europesays.com\/fr\/wp-json\/wp\/v2\/comments?post=574514"}],"version-history":[{"count":0,"href":"https:\/\/www.europesays.com\/fr\/wp-json\/wp\/v2\/posts\/574514\/revisions"}],"wp:featuredmedia":[{"embeddable":true,"href":"https:\/\/www.europesays.com\/fr\/wp-json\/wp\/v2\/media\/574515"}],"wp:attachment":[{"href":"https:\/\/www.europesays.com\/fr\/wp-json\/wp\/v2\/media?parent=574514"}],"wp:term":[{"taxonomy":"category","embeddable":true,"href":"https:\/\/www.europesays.com\/fr\/wp-json\/wp\/v2\/categories?post=574514"},{"taxonomy":"post_tag","embeddable":true,"href":"https:\/\/www.europesays.com\/fr\/wp-json\/wp\/v2\/tags?post=574514"}],"curies":[{"name":"wp","href":"https:\/\/api.w.org\/{rel}","templated":true}]}}