{"id":574518,"date":"2025-12-03T03:40:23","date_gmt":"2025-12-03T03:40:23","guid":{"rendered":"https:\/\/www.europesays.com\/fr\/574518\/"},"modified":"2025-12-03T03:40:23","modified_gmt":"2025-12-03T03:40:23","slug":"arrives-en-france-par-avion-quatre-algeriens-arretes-a-montpellier-avec-500-paquets-de-cigarettes","status":"publish","type":"post","link":"https:\/\/www.europesays.com\/fr\/574518\/","title":{"rendered":"Arriv\u00e9s en France par avion, quatre Alg\u00e9riens arr\u00eat\u00e9s \u00e0 Montpellier avec 500 paquets de cigarettes"},"content":{"rendered":"<p class=\"p1\">Arriv\u00e9s en France \u00e0 bord d\u2019un <a href=\"https:\/\/www.visa-algerie.com\/vols-france-algerie-attention-les-passagers-perturbateurs-risquent-desormais-gros\/\" target=\"_blank\" rel=\"noopener\">vol en provenance d\u2019Alg\u00e9rie<\/a>, quatre ressortissants alg\u00e9riens ont \u00e9t\u00e9 interpell\u00e9s \u00e0 Montpellier en possession d\u2019une importante quantit\u00e9 de cigarettes issues de la contrebande.<\/p>\n<p class=\"p1\">Des voyageurs alg\u00e9riens profitent r\u00e9guli\u00e8rement de leurs voyages en France pour transporter des cigarettes destin\u00e9es \u00e0 la revente au march\u00e9 noir, avec d\u2019importantes marges en raison de l\u2019\u00e9cart entre le prix des cigarettes en Alg\u00e9rie et en France.<\/p>\n<p><strong>NOS VID\u00c9OS\u00a0<\/strong><\/p>\n<\/p>\n<p class=\"p1\">Quatre d\u2019entre eux, arriv\u00e9s en France vendredi 28 novembre, ont \u00e9t\u00e9 interpell\u00e9s \u00e0 Montpellier en possession d\u2019une quantit\u00e9 de 500 paquets de cigarettes, sans doute transport\u00e9e ill\u00e9galement lors de leur voyage en provenance d\u2019Alg\u00e9rie. <\/p>\n<p>Les policiers d\u00e9couvrent 500 paquets de cigarettes dans la voiture<\/p>\n<p class=\"p1\">\u00c0 20 h 15, rue Viollet-le-Duc, pr\u00e8s de l\u2019avenue de la R\u00e9cambale (Montpellier), des policiers aper\u00e7oivent quatre personnes dans une voiture. \u00c0 force que les agents se rapprochent, les occupants du v\u00e9hicule s\u2019enfon\u00e7aient dans leurs si\u00e8ges, rapport ce mardi 2 d\u00e9cembre le journal Midi Libre. <\/p>\n<p class=\"p1\">Ce comportement suspect, s\u2019apparentant \u00e0 de la peur \u00e0 la vue de la police, a attir\u00e9 l\u2019attention de l\u2019\u00e9quipe en patrouille. \u00c0 leur arriv\u00e9e, les policiers d\u00e9couvrent deux cartouches de cigarettes aux pieds du passager avant.<\/p>\n<p class=\"p1\">Celui-ci\u00a0soutient qu\u2019elles sont destin\u00e9es \u00e0 sa consommation personnelle. Mais les policiers d\u00e9couvrent vite une autre quantit\u00e9 de <a href=\"https:\/\/www.visa-algerie.com\/video-algerie-europe-des-voyageurs-cachent-des-cigarettes-dans-des-gateaux\/\" target=\"_blank\" rel=\"noopener\">cartouches de cigarettes<\/a>, plus importante, \u00e0 l\u2019arri\u00e8re de v\u00e9hicule\u00a0: deux valises contiennent 500 paquets.<\/p>\n<p class=\"p1\">Le conducteur, \u00e2g\u00e9 de 37 ans, a profit\u00e9 d\u2019un moment d\u2019inattention des policiers lors du contr\u00f4le pour s\u2019\u00e9chapper. Mais les policiers d\u00e9tenaient d\u00e9j\u00e0 son identit\u00e9, ce qui leur permettra de le retrouver facilement.<\/p>\n<p>Leurs passeports indiquent qu\u2019ils sont arriv\u00e9s avion \u00e0 Montpellier le matin m\u00eame<\/p>\n<p class=\"p1\">Les trois autres occupants de la voiture, \u00e2g\u00e9s de 52, 35 et 27 ans, ont \u00e9t\u00e9 interpell\u00e9s et plac\u00e9s en garde \u00e0 vue. Au cours de leur interrogatoire, ces ressortissants alg\u00e9riens se sont rejet\u00e9 la propri\u00e9t\u00e9 de la cargaison. <\/p>\n<p class=\"p1\">En inspectant les passeports alg\u00e9riens de ces individus, les policiers ont d\u00e9couvert qu\u2019ils \u00e9taient arriv\u00e9s en avion \u00e0 Montpellier le matin m\u00eame et pr\u00e9voyaient de repartir en Alg\u00e9rie d\u00e8s le dimanche suivant en apr\u00e8s-midi.<\/p>\n<p class=\"p1\">Pour expliquer cet aller-retour rapide, ils ont affirm\u00e9 qu\u2019ils souhaitaient profiter des promotions dans les centres commerciaux de Montpellier. <\/p>\n<p class=\"p1\">Bien qu\u2019ils soient remis en libert\u00e9, l\u2019enqu\u00eate de la police se poursuit encore, notamment sur leurs allers-retours r\u00e9guliers constat\u00e9s entre l\u2019Alg\u00e9rie et la France, ce qui pourrait \u00eatre li\u00e9 \u00e0 une activit\u00e9 de contrebande de cigarettes.<\/p>\n","protected":false},"excerpt":{"rendered":"Arriv\u00e9s en France \u00e0 bord d\u2019un vol en provenance d\u2019Alg\u00e9rie, quatre ressortissants alg\u00e9riens ont \u00e9t\u00e9 interpell\u00e9s \u00e0 Montpellier&hellip;\n","protected":false},"author":2,"featured_media":574519,"comment_status":"","ping_status":"","sticky":false,"template":"","format":"standard","meta":{"footnotes":""},"categories":[9599],"tags":[1111,11,68870,1777,674,1011,27,2208,12,2680,25],"class_list":{"0":"post-574518","1":"post","2":"type-post","3":"status-publish","4":"format-standard","5":"has-post-thumbnail","7":"category-montpellier","8":"tag-actu","9":"tag-actualites","10":"tag-algeriens-arretes-montpellier","11":"tag-eu","12":"tag-europe","13":"tag-fr","14":"tag-france","15":"tag-montpellier","16":"tag-news","17":"tag-occitanie","18":"tag-republique-francaise"},"share_on_mastodon":{"url":"https:\/\/pubeurope.com\/@fr\/115653563112125458","error":""},"_links":{"self":[{"href":"https:\/\/www.europesays.com\/fr\/wp-json\/wp\/v2\/posts\/574518","targetHints":{"allow":["GET"]}}],"collection":[{"href":"https:\/\/www.europesays.com\/fr\/wp-json\/wp\/v2\/posts"}],"about":[{"href":"https:\/\/www.europesays.com\/fr\/wp-json\/wp\/v2\/types\/post"}],"author":[{"embeddable":true,"href":"https:\/\/www.europesays.com\/fr\/wp-json\/wp\/v2\/users\/2"}],"replies":[{"embeddable":true,"href":"https:\/\/www.europesays.com\/fr\/wp-json\/wp\/v2\/comments?post=574518"}],"version-history":[{"count":0,"href":"https:\/\/www.europesays.com\/fr\/wp-json\/wp\/v2\/posts\/574518\/revisions"}],"wp:featuredmedia":[{"embeddable":true,"href":"https:\/\/www.europesays.com\/fr\/wp-json\/wp\/v2\/media\/574519"}],"wp:attachment":[{"href":"https:\/\/www.europesays.com\/fr\/wp-json\/wp\/v2\/media?parent=574518"}],"wp:term":[{"taxonomy":"category","embeddable":true,"href":"https:\/\/www.europesays.com\/fr\/wp-json\/wp\/v2\/categories?post=574518"},{"taxonomy":"post_tag","embeddable":true,"href":"https:\/\/www.europesays.com\/fr\/wp-json\/wp\/v2\/tags?post=574518"}],"curies":[{"name":"wp","href":"https:\/\/api.w.org\/{rel}","templated":true}]}}