{"id":574524,"date":"2025-12-03T03:45:19","date_gmt":"2025-12-03T03:45:19","guid":{"rendered":"https:\/\/www.europesays.com\/fr\/574524\/"},"modified":"2025-12-03T03:45:19","modified_gmt":"2025-12-03T03:45:19","slug":"un-soir-de-tempete-avec-253-grammes-dalcool-dans-le-sang-il-percute-une-famille","status":"publish","type":"post","link":"https:\/\/www.europesays.com\/fr\/574524\/","title":{"rendered":"un soir de temp\u00eate, avec 2,53 grammes d\u2019alcool dans le sang, il percute une famille"},"content":{"rendered":"<p>                    Par<br \/>\n        <strong><br \/>\n            <a href=\"https:\/\/actu.fr\/auteur\/stessy-robert\" title=\"Consulter tous les articles de Stessy Robert\" target=\"_blank\" rel=\"noopener\">Stessy Robert<\/a><br \/>\n                    <\/strong><\/p>\n<p>        Publi\u00e9 le<\/p>\n<p>            2 d\u00e9c. 2025 \u00e0 18h49        <\/p>\n<p>Pr\u00e9sent \u00e0 l\u2019audience au <a href=\"https:\/\/actu.fr\/tag\/tribunal-de-saint-malo\" target=\"_blank\" rel=\"noopener\">tribunal judiciaire de Saint-Malo<\/a> (<a href=\"https:\/\/actu.fr\/bretagne\/ille-et-vilaine_35\" target=\"_blank\" rel=\"noopener\">Ille-et-Vilaine<\/a>), le pr\u00e9venu, un homme de 46\u00a0ans, a d\u00fb r\u00e9pondre de trois d\u00e9lits\u2009: deux blessures involontaires et une vitesse excessive apr\u00e8s un accident survenu le 7\u00a0d\u00e9cembre 2024 \u00e0 Saint-Marcan, un soir de temp\u00eate.<\/p>\n<p>\u00ab\u00a0Vous vous sentez bien\u2009?\u00a0\u00bb<\/p>\n<p class=\" wall-content\">La juge rappelle d\u2019embl\u00e9e le d\u00e9cor de cette terrible nuit de d\u00e9cembre\u2009: rafales, arbre tomb\u00e9, route plong\u00e9e dans le noir\u2026 \u00ab\u2009Vous vous sentez bien\u2009?\u2009\u00bb, lance-t-elle soudainement au pr\u00e9venu, qui semble un peu paniqu\u00e9.<\/p>\n<p>Trois enfants dans le v\u00e9hicule d\u2019en face<\/p>\n<p class=\" wall-content\">La sc\u00e8ne se rejoue dans la salle\u2009: une famille roule lorsque leur voiture est contrainte de s\u2019arr\u00eater brusquement \u00e0 cause d\u2019un arbre couch\u00e9 sur la route. \u00c0 bord, la conductrice enceinte de 2\u00a0mois, un passager, et des enfants de trois, cinq et six ans. La femme au volant tente alors de pr\u00e9venir le v\u00e9hicule arrivant en face avec des appels de phare.<\/p>\n<p class=\" wall-content\">Le pr\u00e9venu, lui, arrive sans ralentir et percute la voiture immobilis\u00e9e. Les gendarmes d\u00e9couvriront deux v\u00e9hicules fortement endommag\u00e9s et des occupants sous le choc. \u00c0 la barre, l\u2019homme reconna\u00eet sa faute\u2009: \u00ab\u2009\u00c0 cause de l\u2019alcool, je n\u2019ai pas vu l\u2019arbre.\u2009\u00bb<\/p>\n<p>2,53 grammes d\u2019alcool<\/p>\n<p class=\" wall-content\">Le chiffre frappe l\u2019audience\u2009: 2,53 grammes d\u2019<a href=\"https:\/\/actu.fr\/tag\/alcool\" target=\"_blank\" rel=\"noopener\">alcool<\/a> dans le sang. La procureure rappelle qu\u2019il s\u2019agit d\u2019un taux \u00ab\u2009extr\u00eamement \u00e9lev\u00e9\u2009\u00bb, relev\u00e9 dans un contexte nocturne et dangereux.<\/p>\n<p class=\" wall-content\">Le conducteur s\u2019explique. Il raconte avoir pass\u00e9 \u00ab\u2009la journ\u00e9e en repas\u2009\u00bb, alternant les alcools. \u00ab\u2009Si je bois, je me fais conduire ou bien je reste chez moi\u2009\u00bb, assure-t-il aujourd\u2019hui, tout en admettant une ancienne condamnation pour alcool au volant remontant \u00e0 2012.<\/p>\n<p>Votre r\u00e9gion, votre actu !<\/p>\n<p>Recevez chaque jour les infos qui comptent pour vous.<\/p>\n<p>\t<a href=\"https:\/\/actu.fr\/newsletter\" class=\"ac-btn ac-btn--corner ac-btn--medium ac-btn--blue800\" target=\"_blank\" rel=\"noopener\">S&rsquo;incrire<\/a><br \/>\n\u00ab\u00a0On est pass\u00e9 \u00e0 c\u00f4t\u00e9 d\u2019un drame\u00a0\u00bb<\/p>\n<p class=\" wall-content\">Les victimes, elles, ont encore des s\u00e9quelles. En plus d\u2019un traumatisme encore pr\u00e9sent, le passager a souffert d\u2019une fracture \u00e0 la base du cr\u00e2ne, et de plusieurs fractures aux vert\u00e8bres cervicales. L\u2019un des enfants a saign\u00e9 du nez juste apr\u00e8s l\u2019impact, et la conductrice enceinte se plaignait de douleurs abdominales. <b>\u00ab\u2009On est pass\u00e9 \u00e0 c\u00f4t\u00e9 d\u2019un drame\u2009\u00bb<\/b>, souligne l\u2019avocate, \u00e9voquant l\u2019absence d\u2019op\u00e9ration qui rel\u00e8ve presque du miracle.<\/p>\n<p>10\u00a0mois de prison avec sursis<\/p>\n<p class=\" wall-content\">Le tribunal condamne finalement le pr\u00e9venu \u00e0 dix mois de <a href=\"https:\/\/actu.fr\/tag\/prisons\" target=\"_blank\" rel=\"noopener\">prison<\/a> avec sursis probatoire pendant deux ans, assortis d\u2019une obligation de soins, d\u2019un stage de s\u00e9curit\u00e9 routi\u00e8re et de l\u2019interdiction de fr\u00e9quenter les d\u00e9bits de boissons.<\/p>\n<p class=\" wall-content\">Son <a href=\"https:\/\/actu.fr\/tag\/permis-de-conduire\" target=\"_blank\" rel=\"noopener\">permis<\/a> est suspendu pour six mois. Il devra aussi verser plusieurs indemnisations, dont 800\u00a0\u20ac au passager bless\u00e9, 400\u00a0\u20ac \u00e0 la conductrice, ainsi que des frais d\u2019avocat et 200\u00a0\u20ac \u00e0 l\u2019association de s\u00e9curit\u00e9 routi\u00e8re.<\/p>\n<p class=\" wall-content\">Personnalisez votre actualit\u00e9 en ajoutant vos villes et m\u00e9dias en favori avec <a href=\"https:\/\/moncompte.actu.fr\" title=\"D\u00e9couvez Mon Actu\" rel=\"nofollow noopener\" data-trk=\"{&quot;cta&quot;:{&quot;action&quot;:&quot;https:\\\/\\\/moncompte.actu.fr&quot;,&quot;category&quot;:&quot;mon compte&quot;,&quot;from&quot;:&quot;article footer&quot;,&quot;name&quot;:&quot;Mon actu&quot;,&quot;type&quot;:&quot;cta&quot;}}\" target=\"_blank\">Mon Actu<\/a>.<\/p>\n","protected":false},"excerpt":{"rendered":"Par Stessy Robert Publi\u00e9 le 2 d\u00e9c. 2025 \u00e0 18h49 Pr\u00e9sent \u00e0 l\u2019audience au tribunal judiciaire de Saint-Malo&hellip;\n","protected":false},"author":2,"featured_media":574525,"comment_status":"","ping_status":"","sticky":false,"template":"","format":"standard","meta":{"footnotes":""},"categories":[2821],"tags":[119,1111,11,5702,829,1777,674,118,1011,27,12,584,25,7090],"class_list":{"0":"post-574524","1":"post","2":"type-post","3":"status-publish","4":"format-standard","5":"has-post-thumbnail","7":"category-rennes","8":"tag-accident","9":"tag-actu","10":"tag-actualites","11":"tag-alcool","12":"tag-bretagne","13":"tag-eu","14":"tag-europe","15":"tag-faits-divers","16":"tag-fr","17":"tag-france","18":"tag-news","19":"tag-rennes","20":"tag-republique-francaise","21":"tag-tribunal-de-saint-malo"},"share_on_mastodon":{"url":"https:\/\/pubeurope.com\/@fr\/115653582757622887","error":""},"_links":{"self":[{"href":"https:\/\/www.europesays.com\/fr\/wp-json\/wp\/v2\/posts\/574524","targetHints":{"allow":["GET"]}}],"collection":[{"href":"https:\/\/www.europesays.com\/fr\/wp-json\/wp\/v2\/posts"}],"about":[{"href":"https:\/\/www.europesays.com\/fr\/wp-json\/wp\/v2\/types\/post"}],"author":[{"embeddable":true,"href":"https:\/\/www.europesays.com\/fr\/wp-json\/wp\/v2\/users\/2"}],"replies":[{"embeddable":true,"href":"https:\/\/www.europesays.com\/fr\/wp-json\/wp\/v2\/comments?post=574524"}],"version-history":[{"count":0,"href":"https:\/\/www.europesays.com\/fr\/wp-json\/wp\/v2\/posts\/574524\/revisions"}],"wp:featuredmedia":[{"embeddable":true,"href":"https:\/\/www.europesays.com\/fr\/wp-json\/wp\/v2\/media\/574525"}],"wp:attachment":[{"href":"https:\/\/www.europesays.com\/fr\/wp-json\/wp\/v2\/media?parent=574524"}],"wp:term":[{"taxonomy":"category","embeddable":true,"href":"https:\/\/www.europesays.com\/fr\/wp-json\/wp\/v2\/categories?post=574524"},{"taxonomy":"post_tag","embeddable":true,"href":"https:\/\/www.europesays.com\/fr\/wp-json\/wp\/v2\/tags?post=574524"}],"curies":[{"name":"wp","href":"https:\/\/api.w.org\/{rel}","templated":true}]}}