{"id":574526,"date":"2025-12-03T03:46:37","date_gmt":"2025-12-03T03:46:37","guid":{"rendered":"https:\/\/www.europesays.com\/fr\/574526\/"},"modified":"2025-12-03T03:46:37","modified_gmt":"2025-12-03T03:46:37","slug":"deux-ans-de-prison-requis-contre-le-detenu-qui-setait-evade-a-rennes","status":"publish","type":"post","link":"https:\/\/www.europesays.com\/fr\/574526\/","title":{"rendered":"deux ans de prison requis contre le d\u00e9tenu qui s\u2019\u00e9tait \u00e9vad\u00e9 \u00e0 Rennes"},"content":{"rendered":"<p>\n    Le pr\u00e9venu de 37 ans, Emile Siegler, a r\u00e9cemment fait les gros titres lorsqu\u2019il s\u2019est \u00e9vad\u00e9 lors d\u2019une sortie au plan\u00e9tarium de Rennes le 14 novembre, avant d\u2019\u00eatre repris treize jours plus tard \u00e0 Nantes, sur son terrain au sein de la communaut\u00e9 des gens du voyage.<\/p>\n<p class=\"fig-paragraph\">L&rsquo;\u00e9vad\u00e9 de Rennes est d\u00e9j\u00e0 de retour devant la justice: deux ans de prison ont \u00e9t\u00e9 requis mardi contre lui pour avoir organis\u00e9\u00a0<a href=\"http:\/\/www.lefigaro.fr\/marseille\/une-serie-d-incendies-vise-des-restaurants-japonais-dans-le-pays-d-aix-20251121\" data-fig-type=\"NewsFlash\" data-gtm-custom-categorie=\"navigation\" data-gtm-custom-action=\"crossclick\" data-gtm-custom-label=\"Contextuel\" data-gtm-event=\"customEventSPE\" data-fig-domain=\"LEFIGARO\" target=\"_blank\" rel=\"noopener\">une s\u00e9rie d&rsquo;incendies<\/a>\u00a0ayant vis\u00e9 une cha\u00eene de magasins de chemin\u00e9es dans l&rsquo;ouest de la France \u00e0 partir de la fin 2022.<\/p>\n<p class=\"fig-paragraph\">Le pr\u00e9venu de 37 ans, Emile Siegler, a r\u00e9cemment fait les gros titres lorsqu&rsquo;il s&rsquo;est\u00a0<a href=\"https:\/\/video.lefigaro.fr\/figaro\/faits-divers\/le-detenu-qui-s-etait-evade-lors-d-une-sortie-avec-la-prison-de-rennes-a-ete-retrouve-a-nantes-20251127\" data-fig-type=\"Video\" data-gtm-custom-categorie=\"navigation\" data-gtm-custom-action=\"crossclick\" data-gtm-custom-label=\"Contextuel\" data-gtm-event=\"customEventSPE\" data-fig-domain=\"LEFIGARO\" target=\"_blank\" rel=\"noopener\">\u00e9vad\u00e9 lors d&rsquo;une sortie au plan\u00e9tarium<\/a>\u00a0de Rennes le 14 novembre, avant d&rsquo;\u00eatre repris treize jours plus tard \u00e0 Nantes, sur son terrain au sein de la communaut\u00e9 des gens du voyage. Il sera jug\u00e9 pour cette \u00e9vasion le 22 janvier devant le tribunal correctionnel de Rennes.<\/p>\n<p>                                            <a class=\"fig-a11y-skip\" href=\"#fig-a11y-skip-main-inarticle\" data-module=\"a11y-skip\" data-context=\"was @visible\"><br \/>\n    Passer la publicit\u00e9<br \/>\n<\/a>            <\/p>\n<p class=\"fig-paragraph\">Mardi c&rsquo;est d&rsquo;\u00abassociation de malfaiteurs\u00bb qu&rsquo;il devait r\u00e9pondre devant la m\u00eame juridiction: la justice lui reproche d&rsquo;avoir, depuis sa cellule, organis\u00e9 une s\u00e9rie d&rsquo;incendies et d&rsquo;actes de vandalisme contre des magasins Po\u00eales &amp; Cie pour le compte d&rsquo;un co-d\u00e9tenu qui souhaitait se venger apr\u00e8s un litige commercial avec cette cha\u00eene. La voiture des g\u00e9rants de l&rsquo;enseigne avait \u00e9galement \u00e9t\u00e9 vis\u00e9e en mai 2023 devant leur domicile.<\/p>\n<p>                                            \u00abPour une fois dans ma vie, je suis innocent\u00bb<\/p>\n<p class=\"fig-paragraph\">Au total, 24 personnes ont \u00e9t\u00e9 mises en examen dans ce dossier, dont le pr\u00e9judice a \u00e9t\u00e9 estim\u00e9 \u00e0 quelque 5 millions d&rsquo;euros. Bon nombre d&rsquo;entre elles, des ex\u00e9cutants et hommes de main qui auraient \u00e9t\u00e9 recrut\u00e9s par Emile Siegler parmi des proches et d&rsquo;anciens co-d\u00e9tenus, ont reconnu leur participation et ont \u00e9t\u00e9 condamn\u00e9es dans le cadre d&rsquo;une comparution sur reconnaissance pr\u00e9alable de culpabilit\u00e9 (CRPC).<\/p>\n<p class=\"fig-paragraph\">Le commanditaire pr\u00e9sum\u00e9, \u00abprincipal protagoniste et grand absent de ce proc\u00e8s\u00bb, a regrett\u00e9 le minist\u00e8re public, sera jug\u00e9 ult\u00e9rieurement, en correctionnelle, mais aussi par une cour d&rsquo;assises pour une partie des faits les plus graves, comme un \u00abcontrat\u00bb qu&rsquo;il aurait pass\u00e9 contre le magistrat instructeur. Emile Siegler \u00e9tait donc le seul pr\u00e9venu jug\u00e9 mardi. \u00abJe n&rsquo;ai rien \u00e0 voir l\u00e0-dedans\u00bb, a-t-il martel\u00e9, rejetant toute responsabilit\u00e9 sur le commanditaire, soulignant la dangerosit\u00e9 et le caract\u00e8re vindicatif de celui dont il a partag\u00e9 la cellule. \u00abLe criminel c&rsquo;est lui, le fou malade vous l&rsquo;avez\u00bb, s&rsquo;est-il \u00e9cri\u00e9.<\/p>\n<p class=\"fig-paragraph\">\u00abPour une fois dans ma vie, je suis innocent\u00bb, a protest\u00e9 ce multir\u00e9cidiviste qui a pass\u00e9 15 ans de sa vie en prison et affiche 27 mentions \u00e0 son casier judiciaire, dont trois pour des \u00e9vasions pr\u00e9c\u00e9dentes. Mais pour la substitute du procureur Estelle Tougait, les preuves sont accablantes contre le pr\u00e9venu, de m\u00eame que la reconnaissance de culpabilit\u00e9 des nombreux ex\u00e9cutants, dont le propre fr\u00e8re d&rsquo;Emile Siegler.<\/p>\n","protected":false},"excerpt":{"rendered":"Le pr\u00e9venu de 37 ans, Emile Siegler, a r\u00e9cemment fait les gros titres lorsqu\u2019il s\u2019est \u00e9vad\u00e9 lors d\u2019une&hellip;\n","protected":false},"author":2,"featured_media":574527,"comment_status":"","ping_status":"","sticky":false,"template":"","format":"standard","meta":{"footnotes":""},"categories":[2821],"tags":[1111,11,829,1777,674,1011,27,1310,12,584,25],"class_list":{"0":"post-574526","1":"post","2":"type-post","3":"status-publish","4":"format-standard","5":"has-post-thumbnail","7":"category-rennes","8":"tag-actu","9":"tag-actualites","10":"tag-bretagne","11":"tag-eu","12":"tag-europe","13":"tag-fr","14":"tag-france","15":"tag-incendie","16":"tag-news","17":"tag-rennes","18":"tag-republique-francaise"},"share_on_mastodon":{"url":"https:\/\/pubeurope.com\/@fr\/115653586829278365","error":""},"_links":{"self":[{"href":"https:\/\/www.europesays.com\/fr\/wp-json\/wp\/v2\/posts\/574526","targetHints":{"allow":["GET"]}}],"collection":[{"href":"https:\/\/www.europesays.com\/fr\/wp-json\/wp\/v2\/posts"}],"about":[{"href":"https:\/\/www.europesays.com\/fr\/wp-json\/wp\/v2\/types\/post"}],"author":[{"embeddable":true,"href":"https:\/\/www.europesays.com\/fr\/wp-json\/wp\/v2\/users\/2"}],"replies":[{"embeddable":true,"href":"https:\/\/www.europesays.com\/fr\/wp-json\/wp\/v2\/comments?post=574526"}],"version-history":[{"count":0,"href":"https:\/\/www.europesays.com\/fr\/wp-json\/wp\/v2\/posts\/574526\/revisions"}],"wp:featuredmedia":[{"embeddable":true,"href":"https:\/\/www.europesays.com\/fr\/wp-json\/wp\/v2\/media\/574527"}],"wp:attachment":[{"href":"https:\/\/www.europesays.com\/fr\/wp-json\/wp\/v2\/media?parent=574526"}],"wp:term":[{"taxonomy":"category","embeddable":true,"href":"https:\/\/www.europesays.com\/fr\/wp-json\/wp\/v2\/categories?post=574526"},{"taxonomy":"post_tag","embeddable":true,"href":"https:\/\/www.europesays.com\/fr\/wp-json\/wp\/v2\/tags?post=574526"}],"curies":[{"name":"wp","href":"https:\/\/api.w.org\/{rel}","templated":true}]}}