{"id":574539,"date":"2025-12-03T03:53:28","date_gmt":"2025-12-03T03:53:28","guid":{"rendered":"https:\/\/www.europesays.com\/fr\/574539\/"},"modified":"2025-12-03T03:53:28","modified_gmt":"2025-12-03T03:53:28","slug":"bordeaux-trois-concerts-dindochine-a-larena-comment-sy-rendre","status":"publish","type":"post","link":"https:\/\/www.europesays.com\/fr\/574539\/","title":{"rendered":"Bordeaux. Trois concerts d\u2019Indochine \u00e0 l\u2019Arena, comment s\u2019y rendre\u00a0?"},"content":{"rendered":"<p>Comme d\u2019habitude, le r\u00e9seau TBM met en place sa navette sp\u00e9ciale Arena sur les trois jours. Elle fonctionnera deux heures avant le d\u00e9but du spectacle et une heure apr\u00e8s sa fin, \u00e0 raison d\u2019une toutes les cinq minutes (en th\u00e9orie). Elle reliera la gare St Jean \u00e0 Stalingrad, en passant donc par l\u2019Arkea Arena. De quoi assurer les correspondances avec le tram A (\u00e0 Stalingrad) et les trams C et D (Gare St Jean).<\/p>\n<p>Attention, TBM pr\u00e9cise que \u00ab\u00a0suite aux travaux Place Stalingrad\u00a0: l\u2019arr\u00eat de mont\u00e9e Stalingrad est report\u00e9 all\u00e9e Serr (proche du cin\u00e9ma M\u00e9garama)\u00a0\u00bb. \u00c0 noter que la navette ne passe plus par la Porte de Bourgogne. Le d\u00e9tail du plan est \u00e0 retrouver <a href=\"https:\/\/www.infotbm.com\/fr\/perturbations\/ligne\/line:BMA:59\/f305556a-cec7-11f0-9a01-0a58a9feac02\" target=\"_blank\" rel=\"nofollow noopener\">ici<\/a>.<\/p>\n<p>Bus, v\u00e9los et voitures<\/p>\n<p>Les lignes de bus 6, 16, 25, 28 et H du r\u00e9seau de Transports de Bordeaux M\u00e9tropole desservent toutes la salle de concert. Pour les cyclistes, 600 emplacements v\u00e9los et une station Le V\u00e9lo M\u00e9tropole sont situ\u00e9s \u00e0 proximit\u00e9 de l\u2019Arena.<\/p>\n<p>Pour ceux qui envisagent de venir en voiture, le parking de la salle est \u00e0 r\u00e9server le plus t\u00f4t possible pour 15\u00a0euros. Le billet donne acc\u00e8s au parking de quatre heures avant le d\u00e9but du concert jusqu\u2019\u00e0 deux heures apr\u00e8s sa fin. Pour le parking PMR\u00a0\/\u00a0PSH, le service d\u00e9di\u00e9 est \u00e0 contacter au 05\u00a056\u00a048\u00a026\u00a026.<\/p>\n","protected":false},"excerpt":{"rendered":"Comme d\u2019habitude, le r\u00e9seau TBM met en place sa navette sp\u00e9ciale Arena sur les trois jours. Elle fonctionnera&hellip;\n","protected":false},"author":2,"featured_media":574540,"comment_status":"","ping_status":"","sticky":false,"template":"","format":"standard","meta":{"footnotes":""},"categories":[2817],"tags":[1111,11,1997,1777,674,1011,27,12,2219,25],"class_list":{"0":"post-574539","1":"post","2":"type-post","3":"status-publish","4":"format-standard","5":"has-post-thumbnail","7":"category-bordeaux","8":"tag-actu","9":"tag-actualites","10":"tag-bordeaux","11":"tag-eu","12":"tag-europe","13":"tag-fr","14":"tag-france","15":"tag-news","16":"tag-nouvelle-aquitaine","17":"tag-republique-francaise"},"share_on_mastodon":{"url":"https:\/\/pubeurope.com\/@fr\/115653614204954038","error":""},"_links":{"self":[{"href":"https:\/\/www.europesays.com\/fr\/wp-json\/wp\/v2\/posts\/574539","targetHints":{"allow":["GET"]}}],"collection":[{"href":"https:\/\/www.europesays.com\/fr\/wp-json\/wp\/v2\/posts"}],"about":[{"href":"https:\/\/www.europesays.com\/fr\/wp-json\/wp\/v2\/types\/post"}],"author":[{"embeddable":true,"href":"https:\/\/www.europesays.com\/fr\/wp-json\/wp\/v2\/users\/2"}],"replies":[{"embeddable":true,"href":"https:\/\/www.europesays.com\/fr\/wp-json\/wp\/v2\/comments?post=574539"}],"version-history":[{"count":0,"href":"https:\/\/www.europesays.com\/fr\/wp-json\/wp\/v2\/posts\/574539\/revisions"}],"wp:featuredmedia":[{"embeddable":true,"href":"https:\/\/www.europesays.com\/fr\/wp-json\/wp\/v2\/media\/574540"}],"wp:attachment":[{"href":"https:\/\/www.europesays.com\/fr\/wp-json\/wp\/v2\/media?parent=574539"}],"wp:term":[{"taxonomy":"category","embeddable":true,"href":"https:\/\/www.europesays.com\/fr\/wp-json\/wp\/v2\/categories?post=574539"},{"taxonomy":"post_tag","embeddable":true,"href":"https:\/\/www.europesays.com\/fr\/wp-json\/wp\/v2\/tags?post=574539"}],"curies":[{"name":"wp","href":"https:\/\/api.w.org\/{rel}","templated":true}]}}