{"id":574543,"date":"2025-12-03T03:55:18","date_gmt":"2025-12-03T03:55:18","guid":{"rendered":"https:\/\/www.europesays.com\/fr\/574543\/"},"modified":"2025-12-03T03:55:18","modified_gmt":"2025-12-03T03:55:18","slug":"le-depute-portarrieu-accueille-les-elus-a-lassemblee-nationale-haute-garonne-gratentour","status":"publish","type":"post","link":"https:\/\/www.europesays.com\/fr\/574543\/","title":{"rendered":"Le d\u00e9put\u00e9 Portarrieu accueille les \u00e9lus \u00e0 l\u2019Assembl\u00e9e nationale &#8211; Haute Garonne &#8211; Gratentour"},"content":{"rendered":"<p>                    <img width=\"854\" height=\"1280\" src=\"https:\/\/www.europesays.com\/fr\/wp-content\/uploads\/2025\/12\/591188565_841581621959321_114597948722529811_n.jpg\" class=\"img-fluid portrait wp-post-image\" alt=\"Le d\u00e9put\u00e9 avec le maire et une adjointe de Gratentour.\" itemprop=\"image\" decoding=\"async\" fetchpriority=\"high\"  \/>                    <\/p>\n<p itemprop=\"name\">\n                                                Le d\u00e9put\u00e9 avec le maire et une adjointe de Gratentour.<br \/>\n                         Cr\u00e9dits :<br \/>\n                            VLoz\n                                                <\/p>\n<p><strong>\u00c0 l\u2019occasion du Congr\u00e8s des maires, Jean-Fran\u00e7ois Portarrieu a accueilli des \u00e9lus du Nord toulousain pour leur faire visiter l\u2019Assembl\u00e9e nationale. Un moment d\u2019\u00e9change appr\u00e9ci\u00e9 dans un lieu charg\u00e9 d\u2019histoire\u2026 <\/strong>De l\u2019immeuble Chaban-Delmas du 101, rue de l\u2019Universit\u00e9 jusqu\u2019au Palais Bourbon, en passant par la cour d\u2019Honneur, le d\u00e9put\u00e9 s\u2019est charg\u00e9 lui-m\u00eame de pr\u00e9senter en d\u00e9tail ces lieux charg\u00e9s d\u2019histoire, tout en prenant le temps d\u2019\u00e9changer sur son travail \u00e0 Paris, o\u00f9 les sujets li\u00e9s au Nord toulousain restent sa priorit\u00e9. Lors de cette visite, qui s\u2019est d\u00e9roul\u00e9e en toute simplicit\u00e9, Jean-Fran\u00e7ois Portarrieu a r\u00e9pondu aux questions de ses visiteurs (maires, maires-adjoints ou conseillers municipaux) qui d\u00e9couvraient parfois l\u2019h\u00e9micycle pour la premi\u00e8re fois. Venus de Gratentour, de Merville ou encore de Saint-C\u00e9zert, tous ont \u00e9t\u00e9 marqu\u00e9s par le poids de l\u2019histoire pr\u00e9sent dans ces murs. Et le d\u00e9put\u00e9 du Nord toulousain de commenter : \u00ab Chaque ann\u00e9e, plusieurs \u00e9lus du Nord toulousain montent \u00e0 Paris pour participer fin novembre au Congr\u00e8s des maires, Porte de Versailles\u2026 \u00c0 cette occasion, j\u2019ai toujours plaisir \u00e0 les accueillir \u00e0 l\u2019Assembl\u00e9e nationale. J\u2019ai beaucoup appr\u00e9ci\u00e9 ce moment d\u2019\u00e9change avec ces acteurs du quotidien d\u2019un territoire que j\u2019ai plaisir \u00e0 d\u00e9fendre, du terrain jusqu\u2019\u00e0 l\u2019h\u00e9micycle ! \u00bb<\/p>\n<p class=\"signature\" itemscope=\"\" itemprop=\"Author\" itemtype=\"http:\/\/schema.org\/Person\">\n                VLoz\n            <\/p>\n","protected":false},"excerpt":{"rendered":"Le d\u00e9put\u00e9 avec le maire et une adjointe de Gratentour. Cr\u00e9dits : VLoz \u00c0 l\u2019occasion du Congr\u00e8s des&hellip;\n","protected":false},"author":2,"featured_media":574544,"comment_status":"","ping_status":"","sticky":false,"template":"","format":"standard","meta":{"footnotes":""},"categories":[2816],"tags":[1111,11,1777,674,1011,27,12,2680,25,2312],"class_list":{"0":"post-574543","1":"post","2":"type-post","3":"status-publish","4":"format-standard","5":"has-post-thumbnail","7":"category-toulouse","8":"tag-actu","9":"tag-actualites","10":"tag-eu","11":"tag-europe","12":"tag-fr","13":"tag-france","14":"tag-news","15":"tag-occitanie","16":"tag-republique-francaise","17":"tag-toulouse"},"share_on_mastodon":{"url":"https:\/\/pubeurope.com\/@fr\/115653622752887422","error":""},"_links":{"self":[{"href":"https:\/\/www.europesays.com\/fr\/wp-json\/wp\/v2\/posts\/574543","targetHints":{"allow":["GET"]}}],"collection":[{"href":"https:\/\/www.europesays.com\/fr\/wp-json\/wp\/v2\/posts"}],"about":[{"href":"https:\/\/www.europesays.com\/fr\/wp-json\/wp\/v2\/types\/post"}],"author":[{"embeddable":true,"href":"https:\/\/www.europesays.com\/fr\/wp-json\/wp\/v2\/users\/2"}],"replies":[{"embeddable":true,"href":"https:\/\/www.europesays.com\/fr\/wp-json\/wp\/v2\/comments?post=574543"}],"version-history":[{"count":0,"href":"https:\/\/www.europesays.com\/fr\/wp-json\/wp\/v2\/posts\/574543\/revisions"}],"wp:featuredmedia":[{"embeddable":true,"href":"https:\/\/www.europesays.com\/fr\/wp-json\/wp\/v2\/media\/574544"}],"wp:attachment":[{"href":"https:\/\/www.europesays.com\/fr\/wp-json\/wp\/v2\/media?parent=574543"}],"wp:term":[{"taxonomy":"category","embeddable":true,"href":"https:\/\/www.europesays.com\/fr\/wp-json\/wp\/v2\/categories?post=574543"},{"taxonomy":"post_tag","embeddable":true,"href":"https:\/\/www.europesays.com\/fr\/wp-json\/wp\/v2\/tags?post=574543"}],"curies":[{"name":"wp","href":"https:\/\/api.w.org\/{rel}","templated":true}]}}