{"id":574559,"date":"2025-12-03T04:07:15","date_gmt":"2025-12-03T04:07:15","guid":{"rendered":"https:\/\/www.europesays.com\/fr\/574559\/"},"modified":"2025-12-03T04:07:15","modified_gmt":"2025-12-03T04:07:15","slug":"avec-un-grand-mike-james-monaco-elimine-paris-tenant-du-titre-de-la-coupe-de-france","status":"publish","type":"post","link":"https:\/\/www.europesays.com\/fr\/574559\/","title":{"rendered":"avec un grand Mike James, Monaco \u00e9limine Paris, tenant du titre de la Coupe de France"},"content":{"rendered":"<p>\n    \u00c0 domicile, la Roca Team a pris le meilleur sur les Parisiens, ce mardi, en huiti\u00e8mes de finale de la Coupe de France.<\/p>\n<p class=\"fig-paragraph\">Le choc pour la Roca Team. Monaco a \u00e9limin\u00e9\u00a0<a href=\"http:\/\/www.lefigaro.fr\/sports\/basket\/euroligue-paris-perd-d-un-point-face-a-dubai-malgre-une-large-avance-20251125\" data-fig-type=\"NewsFlash\" data-gtm-custom-categorie=\"navigation\" data-gtm-custom-action=\"crossclick\" data-gtm-custom-label=\"Contextuel\" data-gtm-event=\"customEventSPE\" data-fig-domain=\"LEFIGARO\" target=\"_blank\" rel=\"noopener\">le Paris Basketball<\/a>, tenant du titre, en huiti\u00e8mes de finale de la Coupe de France, en remportant \u00e0 domicile (109-103) un choc entre gros bras qui a tenu toutes ses promesses mardi.<\/p>\n<p class=\"fig-paragraph\">L&rsquo;ASM, victorieuse de la comp\u00e9tition en 2023, remporte son deuxi\u00e8me succ\u00e8s de la saison contre son rival, apr\u00e8s son succ\u00e8s dans la capitale le 12 octobre en championnat (99-94). Elle visera la passe de trois d\u00e8s jeudi, de nouveau sur le Rocher, o\u00f9 les deux \u00e9quipes se retrouveront en Euroligue.<\/p>\n<p>                                            <a class=\"fig-a11y-skip\" href=\"#fig-a11y-skip-main-inarticle\" data-module=\"a11y-skip\" data-context=\"was @visible\"><br \/>\n    Passer la publicit\u00e9<br \/>\n<\/a>            <\/p>\n<p class=\"fig-paragraph\">Les Mon\u00e9gasques pourront de nouveau compter sur Mike James, toujours suspendu en \u00c9lite mais pas en Coupe de France. L&rsquo;Am\u00e9ricain \u00e9tait bien sur le terrain: il a sign\u00e9 une performance magistrale, avec un 7\/7 au tir longue distance et un total de 32 points, cependant seulement visible sur l&rsquo;application de l&rsquo;AS Monaco, o\u00f9 \u00e9tait seulement diffus\u00e9 ce choc.<\/p>\n<p>                                            Nadir Hifi exclu<\/p>\n<p class=\"fig-paragraph\">Malgr\u00e9 ce r\u00e9cital, malgr\u00e9 l&rsquo;exclusion c\u00f4t\u00e9 parisien de Nadir Hifi en d\u00e9but de troisi\u00e8me quart-temps pour deux fautes techniques pour \u00abflopping\u00bb (s&rsquo;\u00eatre laiss\u00e9 tomber), Paris est rest\u00e9 dans le match. Sans jamais mener mais en \u00e9galisant (95-95) \u00e0 trois minutes du buzzer, puis en recollant de nouveau \u00e0 une longueur (102-101) gr\u00e2ce \u00e0 Amath Mbaye (24 pts) \u00e0 43 secondes de la sir\u00e8ne.<\/p>\n<p class=\"fig-paragraph\">Mais \u00c9lie Okobo a r\u00e9ussi ses deux lancers-francs, puis Daniel Theis a chip\u00e9 le ballon dans les mains de Justin Robinson, qui derri\u00e8re \u00e0 commis une faute antisportive pour envoyer James d\u00e9finitivement mettre un couvercle sur le match, sur la ligne de r\u00e9paration.<\/p>\n","protected":false},"excerpt":{"rendered":"\u00c0 domicile, la Roca Team a pris le meilleur sur les Parisiens, ce mardi, en huiti\u00e8mes de finale&hellip;\n","protected":false},"author":2,"featured_media":574560,"comment_status":"","ping_status":"","sticky":false,"template":"","format":"standard","meta":{"footnotes":""},"categories":[1888],"tags":[1111,1928,11,1927,7540,1777,674,1011,27,12,1926,626,2179,1925,25],"class_list":{"0":"post-574559","1":"post","2":"type-post","3":"status-publish","4":"format-standard","5":"has-post-thumbnail","7":"category-paris","8":"tag-actu","9":"tag-actu-paris","10":"tag-actualites","11":"tag-actualites-paris","12":"tag-as-monaco-basket","13":"tag-eu","14":"tag-europe","15":"tag-fr","16":"tag-france","17":"tag-news","18":"tag-news-paris","19":"tag-paris","20":"tag-paris-basketball","21":"tag-paris-news","22":"tag-republique-francaise"},"share_on_mastodon":{"url":"https:\/\/pubeurope.com\/@fr\/115653669245014692","error":""},"_links":{"self":[{"href":"https:\/\/www.europesays.com\/fr\/wp-json\/wp\/v2\/posts\/574559","targetHints":{"allow":["GET"]}}],"collection":[{"href":"https:\/\/www.europesays.com\/fr\/wp-json\/wp\/v2\/posts"}],"about":[{"href":"https:\/\/www.europesays.com\/fr\/wp-json\/wp\/v2\/types\/post"}],"author":[{"embeddable":true,"href":"https:\/\/www.europesays.com\/fr\/wp-json\/wp\/v2\/users\/2"}],"replies":[{"embeddable":true,"href":"https:\/\/www.europesays.com\/fr\/wp-json\/wp\/v2\/comments?post=574559"}],"version-history":[{"count":0,"href":"https:\/\/www.europesays.com\/fr\/wp-json\/wp\/v2\/posts\/574559\/revisions"}],"wp:featuredmedia":[{"embeddable":true,"href":"https:\/\/www.europesays.com\/fr\/wp-json\/wp\/v2\/media\/574560"}],"wp:attachment":[{"href":"https:\/\/www.europesays.com\/fr\/wp-json\/wp\/v2\/media?parent=574559"}],"wp:term":[{"taxonomy":"category","embeddable":true,"href":"https:\/\/www.europesays.com\/fr\/wp-json\/wp\/v2\/categories?post=574559"},{"taxonomy":"post_tag","embeddable":true,"href":"https:\/\/www.europesays.com\/fr\/wp-json\/wp\/v2\/tags?post=574559"}],"curies":[{"name":"wp","href":"https:\/\/api.w.org\/{rel}","templated":true}]}}