{"id":574561,"date":"2025-12-03T04:08:20","date_gmt":"2025-12-03T04:08:20","guid":{"rendered":"https:\/\/www.europesays.com\/fr\/574561\/"},"modified":"2025-12-03T04:08:20","modified_gmt":"2025-12-03T04:08:20","slug":"paris-luxury-summit-12-vanessa-sitbon-daum-image","status":"publish","type":"post","link":"https:\/\/www.europesays.com\/fr\/574561\/","title":{"rendered":"Paris Luxury Summit #12 : Vanessa Sitbon (Daum) &#8211; Image"},"content":{"rendered":"<p>Pour sa 12\u00e8me \u00e9dition organis\u00e9e par CB News et Publicis Media, le Paris Luxury Summit se d\u00e9roulera le mardi 9 septembre sur le th\u00e8me \u00ab Time to reload \u00bb. Dans le cadre du th\u00e9\u00e2tre Marigny, l\u2019\u00e9v\u00e9nement propos\u00e9 en partenariat avec l\u2019ACPM, Audi, Canal+ Brand Solutions, Daum, ELLE, IFOP, LVMH, Meta et Pinterest, propose une plong\u00e9e au c\u0153ur des enjeux et des chemins de renouveau du luxe. CB News donne la parole \u00e0 ses partenaires. Aujourd&rsquo;hui, Vanessa Sitbon, directrice marque et cr\u00e9ation de Daum.\n<\/p>\n<p>Pour s\u2019inscrire \u00e0 l&rsquo;\u00e9v\u00e9nement, c\u2019est \u25ba <a href=\"https:\/\/evenements.cbnews.fr\/paris-luxury-summit-12\" rel=\"noopener\" target=\"_blank\">ici<\/a>.<\/p>\n<p><strong>CB News\u00a0: Pourquoi avoir choisi d\u2019\u00eatre partenaire du Paris Luxury Summit ?<\/strong>\n<\/p>\n<p><strong>Vanessa Sitbon<\/strong>\u00a0: Nous avons choisi de nous associer au Paris Luxury Summit car cet \u00e9v\u00e9nement incarne l\u2019excellence et l\u2019innovation dans le secteur du luxe. C\u2019est une plateforme unique pour \u00e9changer sur les grandes tendances, les d\u00e9fis et les opportunit\u00e9s qui fa\u00e7onnent notre industrie. Pour la Maison Daum, manufacture historique et cr\u00e9ative, \u00eatre pr\u00e9sent \u00e0 ce rendez-vous est une mani\u00e8re de r\u00e9affirmer notre engagement envers l\u2019artisanat d\u2019exception et la vision contemporaine du luxe.\n<\/p>\n<p><strong>CB News\u00a0: Quel regard portez-vous sur le secteur du luxe ?<\/strong>\n<\/p>\n<p><strong>Vanessa Sitbon<\/strong>\u00a0: Le luxe est en pleine mutation. Il ne se limite plus \u00e0 la raret\u00e9 ou \u00e0 la qualit\u00e9, mais s\u2019\u00e9tend \u00e0 des valeurs fortes : durabilit\u00e9, authenticit\u00e9, \u00e9motion. Les clients recherchent des exp\u00e9riences uniques et des cr\u00e9ations porteuses de sens. Nous observons \u00e9galement une hybridation entre tradition et innovation : l\u2019artisanat d\u2019art reste au c\u0153ur, mais il dialogue avec la technologie et les nouveaux usages. Cette \u00e9volution est une formidable opportunit\u00e9 pour des maisons comme Daum, qui allient savoir-faire centenaire, audace cr\u00e9ative et \u0153uvres d\u2019art uniques.\n<\/p>\n<p><strong>CB News\u00a0: Y a-t-il une initiative, un projet, un message particulier que vous souhaiteriez partager aujourd\u2019hui ?<\/strong>\n<\/p>\n<p><strong>Vanessa Sitbon<\/strong>\u00a0: Nous sommes \u00e0 l\u2019aube d\u2019une nouvelle \u00e9tape pour Daum : d\u00e8s janvier, nous d\u00e9voilerons une identit\u00e9 de marque repens\u00e9e, avec une image modernis\u00e9e et un site internet enti\u00e8rement revisit\u00e9. Cette transformation s\u2019accompagne d\u2019une strat\u00e9gie cr\u00e9ative ambitieuse : trois collections par an, des collaborations artistiques et une diversification vers l\u2019art de la table et la d\u00e9coration. Notre message est clair : continuer \u00e0 c\u00e9l\u00e9brer l\u2019art et la mati\u00e8re, tout en r\u00e9pondant aux attentes d\u2019un public en qu\u00eate de sens et d\u2019\u00e9motion sans jamais perdre l\u2019\u00e2me de la Maison.<\/p>\n","protected":false},"excerpt":{"rendered":"Pour sa 12\u00e8me \u00e9dition organis\u00e9e par CB News et Publicis Media, le Paris Luxury Summit se d\u00e9roulera le&hellip;\n","protected":false},"author":2,"featured_media":574562,"comment_status":"","ping_status":"","sticky":false,"template":"","format":"standard","meta":{"footnotes":""},"categories":[1888],"tags":[1111,1928,11,1927,1777,674,1011,27,12,1926,626,1925,25],"class_list":{"0":"post-574561","1":"post","2":"type-post","3":"status-publish","4":"format-standard","5":"has-post-thumbnail","7":"category-paris","8":"tag-actu","9":"tag-actu-paris","10":"tag-actualites","11":"tag-actualites-paris","12":"tag-eu","13":"tag-europe","14":"tag-fr","15":"tag-france","16":"tag-news","17":"tag-news-paris","18":"tag-paris","19":"tag-paris-news","20":"tag-republique-francaise"},"share_on_mastodon":{"url":"","error":""},"_links":{"self":[{"href":"https:\/\/www.europesays.com\/fr\/wp-json\/wp\/v2\/posts\/574561","targetHints":{"allow":["GET"]}}],"collection":[{"href":"https:\/\/www.europesays.com\/fr\/wp-json\/wp\/v2\/posts"}],"about":[{"href":"https:\/\/www.europesays.com\/fr\/wp-json\/wp\/v2\/types\/post"}],"author":[{"embeddable":true,"href":"https:\/\/www.europesays.com\/fr\/wp-json\/wp\/v2\/users\/2"}],"replies":[{"embeddable":true,"href":"https:\/\/www.europesays.com\/fr\/wp-json\/wp\/v2\/comments?post=574561"}],"version-history":[{"count":0,"href":"https:\/\/www.europesays.com\/fr\/wp-json\/wp\/v2\/posts\/574561\/revisions"}],"wp:featuredmedia":[{"embeddable":true,"href":"https:\/\/www.europesays.com\/fr\/wp-json\/wp\/v2\/media\/574562"}],"wp:attachment":[{"href":"https:\/\/www.europesays.com\/fr\/wp-json\/wp\/v2\/media?parent=574561"}],"wp:term":[{"taxonomy":"category","embeddable":true,"href":"https:\/\/www.europesays.com\/fr\/wp-json\/wp\/v2\/categories?post=574561"},{"taxonomy":"post_tag","embeddable":true,"href":"https:\/\/www.europesays.com\/fr\/wp-json\/wp\/v2\/tags?post=574561"}],"curies":[{"name":"wp","href":"https:\/\/api.w.org\/{rel}","templated":true}]}}