{"id":57457,"date":"2025-04-27T18:47:16","date_gmt":"2025-04-27T18:47:16","guid":{"rendered":"https:\/\/www.europesays.com\/fr\/57457\/"},"modified":"2025-04-27T18:47:16","modified_gmt":"2025-04-27T18:47:16","slug":"renan-michelucci-le-centre-de-gravite-de-lalterna-stade-poitevin","status":"publish","type":"post","link":"https:\/\/www.europesays.com\/fr\/57457\/","title":{"rendered":"Renan Michelucci, le centre de gravit\u00e9 de l\u2019Alterna Stade Poitevin"},"content":{"rendered":"<p>Cette fois, il n\u2019a pas eu besoin de sortir pour se faire masser et soigner par le kin\u00e9 comme cela avait pu \u00eatre le cas en fin de cinqui\u00e8me match \u00e0 Tourcoing. Renan Michelucci \u00e9tait trop en forme pour cela. Et les Chaumontais ont pu s\u2019en apercevoir, ce vendredi, lors de la demi-finale aller disput\u00e9e \u00e0 Palestra.<\/p>\n<p>Le central br\u00e9silien a r\u00e9gn\u00e9 au filet et si Brett Walsh a h\u00e9rit\u00e9 du titre du MVP de <a target=\"_self\" href=\"https:\/\/www.lanouvellerepublique.fr\/poitiers\/msl-on-n-arrete-plus-l-alterna-stade-poitevin-vainqueur-a-chaumont-en-demi-finale-aller-1745616650\" rel=\"nofollow noopener\">ce duel remport\u00e9 par les Stadistes (1-3)<\/a>, l&rsquo;ancien Parisien et Montpelli\u00e9rain aurait \u00e9galement pu \u00eatre d\u00e9sign\u00e9 meilleur joueur de cette rencontre. Avec ses dix attaques gagnantes, son ace avec seulement deux erreurs commises sur ses dix-huit services et ses trois blocks, le Sud-Am\u00e9ricain a \u00e9t\u00e9 tr\u00e8s solide. Trop pour les Haut-Marnais, malgr\u00e9 les 2,14\u00a0m de son homologue Lukaas Maase. \u00ab\u00a0C\u2019\u00e9tait pas mal mais j\u2019avais \u00e9t\u00e9 bon aussi contre Tourcoing\u00a0\u00bb, r\u00e9pondait-il quand on lui a demand\u00e9 s\u2019il avait disput\u00e9 l\u2019un de ses meilleurs matchs sous le maillot poitevin.<\/p>\n<p>\u00ab\u00a0Nous sommes les moutons noirs de ces demi-finales\u00a0\u00bb<\/p>\n<p>Le Br\u00e9silien avait, en effet, compil\u00e9 16 blocks lors des cinq rendez-vous disput\u00e9s face aux Nordistes. Preuve qu\u2019il semble monter en puissance physiquement et ce n\u2019est d\u2019ailleurs pas un hasard si Brett Walsh l\u2019a plus recherch\u00e9 \u00e0 l\u2019attaque, malgr\u00e9 un petit peu de d\u00e9chets (10\/15). Le jeu commence \u00e0 tourner autour de ce \u00ab\u00a0centre de gravit\u00e9\u00a0\u00bb qui p\u00e8se de plus en plus dans les rangs de l\u2019Alterna SPVB. \u00ab\u00a0On a beaucoup travaill\u00e9 pour r\u00e9cup\u00e9rer Renan et il arrive maintenant dans une bonne forme\u00a0\u00bb, appr\u00e9ciait Dan Lewis. Ce qui n\u2019a pas toujours \u00e9t\u00e9 le cas cette saison.<\/p>\n<p>Le central auriverde a, en effet, manqu\u00e9 quatorze matchs, dont onze lors de la premi\u00e8re partie de saison, \u00e0 cause de divers probl\u00e8mes physiques, dont un souci au coude. Son absence a p\u00e9nalis\u00e9 le collectif poitevin mais Renan Michelucci, jamais aussi bon que lors des grands rendez-vous comme il l\u2019avait d\u00e9j\u00e0 prouv\u00e9 \u00e0 l\u2019Arena Futuroscope face au TVB fin d\u00e9cembre, revient au meilleur moment. Pour ces matchs qui comptent qu\u2019il aime tant. Qui transcendent son c\u00f4t\u00e9 comp\u00e9titeur d\u00e9j\u00e0 bien affirm\u00e9.<\/p>\n<p>\u00ab\u00a0Nous sommes les moutons noirs de ces demi-finales, d\u00e9crivait-il. Personne ne croit en nous mais, comme je l\u2019avais d\u00e9j\u00e0 dit plus t\u00f4t dans la saison, je suis venu pour \u00eatre champion. J\u2019ai vu sur les r\u00e9seaux sociaux que nous avions seulement 2\u00a0%, 3\u00a0% de gens croient que nous pouvons gagner le titre. Nous voulons prouver \u00e0 tout le monde qu\u2019ils se trompent.\u00a0\u00bb Pas aux supporters poitevins qui ont toujours suivi l\u2019Alterna SPVB cette saison. Dans les moins bons comme dans les tr\u00e8s bons moments. Comme cela pourrait \u00eatre le cas vendredi prochain \u00e0 Lawson-Body si le central br\u00e9silien et ses partenaires venaient \u00e0 dominer une seconde fois le CVB 52.<\/p>\n<p>\u00ab\u00a0Nous sommes ensemble, on continue de se battre, et on va encore le faire pour aller en finale, glissait-il. Maintenant, un gros match nous attend la semaine prochaine \u00e0 Poitiers. Je demande aux supporters de venir pour nous pousser. On verra bien ce que \u00e7a donnera mais, n avec eux, ce sera plus dur de nous battre.\u00a0\u00bb Comme avec un Renan Michelucci en pleine forme\u2026<\/p>\n<p>\u00a0<\/p>\n","protected":false},"excerpt":{"rendered":"Cette fois, il n\u2019a pas eu besoin de sortir pour se faire masser et soigner par le kin\u00e9&hellip;\n","protected":false},"author":2,"featured_media":57458,"comment_status":"","ping_status":"","sticky":false,"template":"","format":"standard","meta":{"footnotes":""},"categories":[1417],"tags":[1392,1654,1011,27,1655,1653,60,1584,1470,1469],"class_list":{"0":"post-57457","1":"post","2":"type-post","3":"status-publish","4":"format-standard","5":"has-post-thumbnail","7":"category-volley","8":"tag-a-la-une-local","9":"tag-alterna-stade-poitevin-volley-ball","10":"tag-fr","11":"tag-france","12":"tag-ligue-a","13":"tag-poitiers","14":"tag-sports","15":"tag-vienne","16":"tag-volley","17":"tag-volleyball"},"share_on_mastodon":{"url":"https:\/\/pubeurope.com\/@fr\/114411421262330055","error":""},"_links":{"self":[{"href":"https:\/\/www.europesays.com\/fr\/wp-json\/wp\/v2\/posts\/57457","targetHints":{"allow":["GET"]}}],"collection":[{"href":"https:\/\/www.europesays.com\/fr\/wp-json\/wp\/v2\/posts"}],"about":[{"href":"https:\/\/www.europesays.com\/fr\/wp-json\/wp\/v2\/types\/post"}],"author":[{"embeddable":true,"href":"https:\/\/www.europesays.com\/fr\/wp-json\/wp\/v2\/users\/2"}],"replies":[{"embeddable":true,"href":"https:\/\/www.europesays.com\/fr\/wp-json\/wp\/v2\/comments?post=57457"}],"version-history":[{"count":0,"href":"https:\/\/www.europesays.com\/fr\/wp-json\/wp\/v2\/posts\/57457\/revisions"}],"wp:featuredmedia":[{"embeddable":true,"href":"https:\/\/www.europesays.com\/fr\/wp-json\/wp\/v2\/media\/57458"}],"wp:attachment":[{"href":"https:\/\/www.europesays.com\/fr\/wp-json\/wp\/v2\/media?parent=57457"}],"wp:term":[{"taxonomy":"category","embeddable":true,"href":"https:\/\/www.europesays.com\/fr\/wp-json\/wp\/v2\/categories?post=57457"},{"taxonomy":"post_tag","embeddable":true,"href":"https:\/\/www.europesays.com\/fr\/wp-json\/wp\/v2\/tags?post=57457"}],"curies":[{"name":"wp","href":"https:\/\/api.w.org\/{rel}","templated":true}]}}