{"id":574586,"date":"2025-12-03T04:25:15","date_gmt":"2025-12-03T04:25:15","guid":{"rendered":"https:\/\/www.europesays.com\/fr\/574586\/"},"modified":"2025-12-03T04:25:15","modified_gmt":"2025-12-03T04:25:15","slug":"super-xiii-le-derby-catalan-de-retour-a-gilbert-brutus-en-decembre-rugby-a-xiii","status":"publish","type":"post","link":"https:\/\/www.europesays.com\/fr\/574586\/","title":{"rendered":"Super XIII &#8211; Le derby catalan de retour \u00e0 Gilbert-Brutus en d\u00e9cembre &#8211; Rugby \u00e0 XIII"},"content":{"rendered":"<p style=\"text-align: justify;\"><b>Comme <a href=\"https:\/\/treizemondial.fr\/match\/st-esteve-xiii-catalan-vs-baroudeurs-de-pia-journee-20-super-xiii-2024-2025\/\" target=\"_blank\" rel=\"noopener\">la saison derni\u00e8re<\/a>, le choc entre Saint-Est\u00e8ve XIII Catalan et les Baroudeurs de Pia aura lieu dans l\u2019antre des Dragons Catalans, le stade Gilbert-Brutus, le 14 d\u00e9cembre prochain.<\/b><\/p>\n<p style=\"text-align: justify;\">C\u2019est LE gros rendez-vous du rugby catalan pour la fin de cette ann\u00e9e 2025. Puisque le dernier week-end avant la tr\u00eave laisse place \u00e0 un tour de Coupe de France Lord Derby, le Super XIII cl\u00f4turera son ann\u00e9e civile par un ultime derby. Le derby de l\u2019Aude entre Limoux et Carcassonne a d\u00e9j\u00e0 rendu son verdict. Le vice-champion de France s\u2019est impos\u00e9 (14-18) le dimanche 16 novembre.<\/p>\n<p style=\"text-align: justify;\">Alors pour finir l\u2019ann\u00e9e en beaut\u00e9, c\u2019est en Pays Catalan qu\u2019on a d\u00e9cid\u00e9 de c\u00e9l\u00e9brer le dernier week-end de championnat par un derby. Redevenu le rendez-vous incontournable des supporters catalans, le choc entre Saint-Est\u00e8ve XIII Catalan et Pia promet des \u00e9tincelles. Et, \u00e0 match exceptionnel, stade exceptionnel. Comme elles l\u2019avaient d\u00e9j\u00e0 fait la saison derni\u00e8re, les deux \u00e9quipes vont croiser le fer sur la pelouse du stade Gilbert-Brutus. Rendez-vous le dimanche 14 d\u00e9cembre \u00e0 15h30.<\/p>\n<blockquote class=\"twitter-tweet\">\n<p dir=\"ltr\" lang=\"fr\">\ud83c\udfdf\ufe0f Le \ud835\udc1d\ud835\udc1e\ud835\udc2b\ud835\udc1b\ud835\udc32 \ud835\udc1c\ud835\udc1a\ud835\udc2d\ud835\udc1a\ud835\udc25\ud835\udc1a\ud835\udc27 d\u00e9localis\u00e9 au stade Gilbert Brutus<\/p>\n<p>\ud83c\uddeb\ud83c\uddf7 <a href=\"https:\/\/t.co\/b4D0CENmiW\">https:\/\/t.co\/b4D0CENmiW<\/a><br \/>\ud83c\uddec\ud83c\udde7 <a href=\"https:\/\/t.co\/09U9G3kPVx\">https:\/\/t.co\/09U9G3kPVx<\/a> <a href=\"https:\/\/t.co\/uuVVLvL7F2\">pic.twitter.com\/uuVVLvL7F2<\/a><\/p>\n<p>\u2014 Dragons Catalans (@DragonsOfficiel) <a href=\"https:\/\/twitter.com\/DragonsOfficiel\/status\/1995503040682688821?ref_src=twsrc%5Etfw\" target=\"_blank\" rel=\"noopener\">December 1, 2025<\/a><\/p>\n<\/blockquote>\n<p>        <script async src=\"https:\/\/platform.twitter.com\/widgets.js\" charset=\"utf-8\"><\/script><\/p>\n","protected":false},"excerpt":{"rendered":"Comme la saison derni\u00e8re, le choc entre Saint-Est\u00e8ve XIII Catalan et les Baroudeurs de Pia aura lieu dans&hellip;\n","protected":false},"author":2,"featured_media":574587,"comment_status":"","ping_status":"","sticky":false,"template":"","format":"standard","meta":{"footnotes":""},"categories":[1416],"tags":[1011,27,16661,479,2228,1468,2229,2230,60,2231],"class_list":{"0":"post-574586","1":"post","2":"type-post","3":"status-publish","4":"format-standard","5":"has-post-thumbnail","7":"category-rugby","8":"tag-fr","9":"tag-france","10":"tag-pia","11":"tag-rugby","12":"tag-rugby-a-xiii","13":"tag-rugby-football","14":"tag-rugby-league","15":"tag-saint-esteve-xiii-catalan","16":"tag-sports","17":"tag-super-xiii"},"share_on_mastodon":{"url":"https:\/\/pubeurope.com\/@fr\/115653740081719379","error":""},"_links":{"self":[{"href":"https:\/\/www.europesays.com\/fr\/wp-json\/wp\/v2\/posts\/574586","targetHints":{"allow":["GET"]}}],"collection":[{"href":"https:\/\/www.europesays.com\/fr\/wp-json\/wp\/v2\/posts"}],"about":[{"href":"https:\/\/www.europesays.com\/fr\/wp-json\/wp\/v2\/types\/post"}],"author":[{"embeddable":true,"href":"https:\/\/www.europesays.com\/fr\/wp-json\/wp\/v2\/users\/2"}],"replies":[{"embeddable":true,"href":"https:\/\/www.europesays.com\/fr\/wp-json\/wp\/v2\/comments?post=574586"}],"version-history":[{"count":0,"href":"https:\/\/www.europesays.com\/fr\/wp-json\/wp\/v2\/posts\/574586\/revisions"}],"wp:featuredmedia":[{"embeddable":true,"href":"https:\/\/www.europesays.com\/fr\/wp-json\/wp\/v2\/media\/574587"}],"wp:attachment":[{"href":"https:\/\/www.europesays.com\/fr\/wp-json\/wp\/v2\/media?parent=574586"}],"wp:term":[{"taxonomy":"category","embeddable":true,"href":"https:\/\/www.europesays.com\/fr\/wp-json\/wp\/v2\/categories?post=574586"},{"taxonomy":"post_tag","embeddable":true,"href":"https:\/\/www.europesays.com\/fr\/wp-json\/wp\/v2\/tags?post=574586"}],"curies":[{"name":"wp","href":"https:\/\/api.w.org\/{rel}","templated":true}]}}