{"id":574590,"date":"2025-12-03T04:30:49","date_gmt":"2025-12-03T04:30:49","guid":{"rendered":"https:\/\/www.europesays.com\/fr\/574590\/"},"modified":"2025-12-03T04:30:49","modified_gmt":"2025-12-03T04:30:49","slug":"une-premiere-arrivee-chez-antibes-alpes-maritimes-actualite","status":"publish","type":"post","link":"https:\/\/www.europesays.com\/fr\/574590\/","title":{"rendered":"Une premi\u00e8re arriv\u00e9e chez Antibes-Alpes-Maritimes &#8211; Actualit\u00e9"},"content":{"rendered":"<p>                                                                    <img decoding=\"async\" src=\"https:\/\/www.europesays.com\/fr\/wp-content\/uploads\/2025\/12\/692ef9d3c1f1d.jpg\" height=\"auto\" loading=\"lazy\"\/><br \/>\n                                                                    Cr\u00e9dit photo Nicolas Mabyle \/ DirectVelo<\/p>\n<p class=\"images-caption\">Cr\u00e9dit photo Nicolas Mabyle \/ DirectVelo<\/p>\n<p class=\"metadata\">\n            Par<br \/>\n        <strong class=\"text-black\">    <a href=\"https:\/\/www.directvelo.com\/auteur\/2\/nicolas-gachet\" class=\"hover-underline\" rel=\"author nofollow noopener\" target=\"_blank\">NICOLAS GACHET<\/a><br \/>\n<\/strong><br \/>\n                    <br \/>Le<br \/>\n    2 d\u00e9cembre 2025, 15:50<\/p>\n<p style=\"text-align: justify;\">Apr\u00e8s deux saisons \u00e0 l&rsquo;AVC Aix Provence Dole,\u00a0<strong><a href=\"https:\/\/www.directvelo.com\/coureur\/42659\/gregoire-mahieu\" target=\"_blank\" rel=\"nofollow noopener\">Gr\u00e9goire Mahieu<\/a><\/strong> va changer de club. Il s\u2019est engag\u00e9 pour 2026 avec la N3 d\u2019<strong><a href=\"https:\/\/www.directvelo.com\/equipe\/633\/antibes-alpes-maritimes\" target=\"_blank\" rel=\"nofollow noopener\">Antibes-Alpes-Maritimes<\/a><\/strong>.<\/p>\n<p>Le coureur de 21 ans a remport\u00e9 cette ann\u00e9e le Souvenir Louis Bonassi. Il s\u2019est aussi class\u00e9 5e du Championnat R\u00e9gion Sud, 9e de la Ronde Cycliste des Grottes de Villecroze et de la Polysostranienne, 11e du Grand Prix Nocturne d&rsquo;Istres, 14e de la Gouzonnaise ou encore 15e du Grand Prix de Saint-Georges-sur-Loire.<\/p>\n<p>Retrouvez toutes les mutations de l&rsquo;intersaison\u00a0<a href=\"https:\/\/www.directvelo.com\/mutations\/2026\" target=\"_blank\" rel=\"nofollow noopener\"><strong>en cliquant ici<\/strong><\/a>.<\/p>\n<p>            En savoir plus : coureurs et \u00e9quipes associ\u00e9s<\/p>\n<p>                Coureurs<\/p>\n<p>                    <img decoding=\"async\" src=\"https:\/\/www.europesays.com\/fr\/wp-content\/uploads\/2025\/12\/67f6562039938.jpg\" height=\"auto\" loading=\"lazy\"\/><\/p>\n<p>                            Portrait de Gr\u00e9goire MAHIEU<\/p>\n<p>                \u00c9quipes<\/p>\n","protected":false},"excerpt":{"rendered":"Cr\u00e9dit photo Nicolas Mabyle \/ DirectVelo Cr\u00e9dit photo Nicolas Mabyle \/ DirectVelo Par NICOLAS GACHET Le 2 d\u00e9cembre&hellip;\n","protected":false},"author":2,"featured_media":574591,"comment_status":"","ping_status":"","sticky":false,"template":"","format":"standard","meta":{"footnotes":""},"categories":[1411],"tags":[834,828,836,829,837,827,83,826,824,823,1154,207,814,817,815,816,822,821,832,211,839,1011,27,820,818,819,835,831,830,833,838,60,212,208,825],"class_list":{"0":"post-574590","1":"post","2":"type-post","3":"status-publish","4":"format-standard","5":"has-post-thumbnail","7":"category-cyclisme","8":"tag-attaque","9":"tag-belgique","10":"tag-braquet","11":"tag-bretagne","12":"tag-chute","13":"tag-competition","14":"tag-coupe-de-france","15":"tag-coureur","16":"tag-course-cyclisme","17":"tag-course-cycliste","18":"tag-cycling","19":"tag-cyclisme","20":"tag-direct","21":"tag-direct-velo","22":"tag-directvelo","23":"tag-directvelo-com","24":"tag-epreuve","25":"tag-epreuve-cycliste","26":"tag-federation-francaise-de-cyclisme","27":"tag-ffc","28":"tag-flandres","29":"tag-fr","30":"tag-france","31":"tag-live","32":"tag-live-course","33":"tag-live-epreuve","34":"tag-peloton","35":"tag-radio-peloton","36":"tag-radio-tour","37":"tag-ravitaillement","38":"tag-relance","39":"tag-sports","40":"tag-uci","41":"tag-velo","42":"tag-velos"},"share_on_mastodon":{"url":"https:\/\/pubeurope.com\/@fr\/115653764336572007","error":""},"_links":{"self":[{"href":"https:\/\/www.europesays.com\/fr\/wp-json\/wp\/v2\/posts\/574590","targetHints":{"allow":["GET"]}}],"collection":[{"href":"https:\/\/www.europesays.com\/fr\/wp-json\/wp\/v2\/posts"}],"about":[{"href":"https:\/\/www.europesays.com\/fr\/wp-json\/wp\/v2\/types\/post"}],"author":[{"embeddable":true,"href":"https:\/\/www.europesays.com\/fr\/wp-json\/wp\/v2\/users\/2"}],"replies":[{"embeddable":true,"href":"https:\/\/www.europesays.com\/fr\/wp-json\/wp\/v2\/comments?post=574590"}],"version-history":[{"count":0,"href":"https:\/\/www.europesays.com\/fr\/wp-json\/wp\/v2\/posts\/574590\/revisions"}],"wp:featuredmedia":[{"embeddable":true,"href":"https:\/\/www.europesays.com\/fr\/wp-json\/wp\/v2\/media\/574591"}],"wp:attachment":[{"href":"https:\/\/www.europesays.com\/fr\/wp-json\/wp\/v2\/media?parent=574590"}],"wp:term":[{"taxonomy":"category","embeddable":true,"href":"https:\/\/www.europesays.com\/fr\/wp-json\/wp\/v2\/categories?post=574590"},{"taxonomy":"post_tag","embeddable":true,"href":"https:\/\/www.europesays.com\/fr\/wp-json\/wp\/v2\/tags?post=574590"}],"curies":[{"name":"wp","href":"https:\/\/api.w.org\/{rel}","templated":true}]}}