{"id":574594,"date":"2025-12-03T04:33:12","date_gmt":"2025-12-03T04:33:12","guid":{"rendered":"https:\/\/www.europesays.com\/fr\/574594\/"},"modified":"2025-12-03T04:33:12","modified_gmt":"2025-12-03T04:33:12","slug":"lea-salame-bernee-dans-son-jt-la-nouvelle-bourde-de-la-journaliste-victime-dun-prank","status":"publish","type":"post","link":"https:\/\/www.europesays.com\/fr\/574594\/","title":{"rendered":"L\u00e9a Salam\u00e9 bern\u00e9e dans son JT : la nouvelle bourde de la journaliste victime d\u2019un prank"},"content":{"rendered":"<p>Une nouvelle bourde pour <a href=\"https:\/\/www.public.fr\/tag\/lea-salame\" target=\"_blank\" rel=\"noopener\">L\u00e9a Salam\u00e9<\/a> et ses \u00e9quipes. Mais contrairement aux pr\u00e9c\u00e9dentes, il s\u2019av\u00e9rait tr\u00e8s difficile de ne pas tomber dans le panneau avec celle-ci. En effet, la pr\u00e9sentatrice du JT de France 2 a \u00e9t\u00e9 <strong>victime d\u2019un prank de la part de l\u2019humoriste Mehdi Tu Connais<\/strong> comme l&rsquo;a d\u00e9nonc\u00e9 le compte X @DestinationTele.<\/p>\n<p>C\u2019est l\u2019humoriste, lui-m\u00eame, qui a signal\u00e9 son prank sur son compte TikTok. Suite \u00e0 cette r\u00e9v\u00e9lation, nombre d\u2019internautes n\u2019ont pas h\u00e9sit\u00e9 \u00e0 se payer la t\u00eate de la compagne de <a href=\"https:\/\/vsd.fr\/tag\/raphael-glucksmann\/\" target=\"_blank\" rel=\"noopener\">Rapha\u00ebl Glucksmann<\/a> et des \u00e9quipes du journal t\u00e9l\u00e9vis\u00e9 de France 2.<\/p>\n<p>L\u00e9a Salam\u00e9 consacre un sujet au pouvoir d&rsquo;achat des Fran\u00e7ais<\/p>\n<p>Tout part d\u2019un reportage sur le pouvoir d\u2019achat. L\u00e9a Salam\u00e9 introduit son sujet en rappelant que\u00a0dans un contexte o\u00f9 chaque euro compte, <strong>\u00ab\u00a0de plus en plus de consommateurs se lancent \u00e0 la chasse aux bons plans\u00a0\u00bb<\/strong> \u00e0 l\u2019aide de \u00ab\u00a0coupons de r\u00e9duction et bons d\u2019achat\u00a0\u00bb.\u00a0 \u00ab\u00a0Comment payer moins cher au restaurant, au cin\u00e9ma, au supermarch\u00e9, voire m\u00eame comment se faire une manucure moiti\u00e9 prix ? Eh bien, <strong>ils ont accept\u00e9 de nous donner toutes leurs astuces<\/strong>\u00ab\u00a0, poursuit la journaliste avant de lancer le sujet.<\/p>\n<p>Dans celui-ci, un certain Arnaud Rolland appara\u00eet dans les rayons d\u2019un supermarch\u00e9, v\u00eatu d\u2019un b\u00e9ret, d\u2019une doudoune, d\u2019un gilet, et d\u2019une paire de lunettes sur le nez. Tout un attirail port\u00e9 par Mehdi Tu Connais, pour se grimer et <strong>ne pas se faire reconnaitre par les cam\u00e9ras<\/strong> de France 2. Avec son d\u00e9guisement, l\u2019humoriste d\u00e9voile aux \u00e9quipes de L\u00e9a Salam\u00e9 un classeur contenant plusieurs coupons de r\u00e9ductions.\u00a0<\/p>\n<p>\u00ab\u00a0Vous avez 1,80 euros sur le pack. Soit 5,66 euros le pack au lieu de 7,46 euros\u00a0\u00bb, lui indique alors un vendeur lorsqu\u2019il lui demande si un coupon sur un pack de lait est valable ou non. <strong>\u00ab\u00a0On a gagn\u00e9 le jackpot\u00a0\u00bb<\/strong>, fait alors mine de s\u2019enthousiasmer Medhi Tu Connais, avant de poursuivre : \u00ab\u00a0Donc le fait de passer les dimanches apr\u00e8s-midi, on r\u00e9colte le fruit de son travail\u00a0\u00bb. Plus tard dans le reportage, l\u2019humoriste ayant prank\u00e9 L\u00e9a Salam\u00e9 et ses \u00e9quipes passe \u00e0 la caisse et apprend qu\u2019il ne doit payer \u00ab\u00a0que\u00a0\u00bb 10 euros au lieu des 13 qu\u2019il aurait d\u00fb initialement payer sans ses coupons de r\u00e9duction.<\/p>\n<p>Toujours dans le sujet t\u00e9l\u00e9vis\u00e9, le jeune homme r\u00e9v\u00e8le aux \u00e9quipes du JT qu\u2019il passerait son temps sur une application pour d\u00e9nicher les bons plans : \u00ab\u00a0C&rsquo;est comme un d\u00e9tective qui fait son investigation, on va aller chercher un peu partout o\u00f9 trouver le meilleur prix\u00a0\u00bb.\u00a0<\/p>\n<blockquote class=\"twitter-tweet\">\n<p>\ud83d\udca5EXCLU DESTINATION T\u00c9L\u00c9<\/p>\n<p>\u2757\ufe0fVite un label \u00e0 FRANCE TV !<\/p>\n<p>Lundi 1er d\u00e9cembre 20h37<br \/>JT 20h France 2<br \/>L\u00e9a Salam\u00e9 lance un reportage sur les accros aux bons plans avec un certain\u2026 Arnaud Rolland <\/p>\n<p>Il s\u2019agit en r\u00e9alit\u00e9 d\u2019un\u2026 prank !!!<\/p>\n<p>1\/2 <a href=\"https:\/\/t.co\/IdkrQznQXd\">pic.twitter.com\/IdkrQznQXd<\/a><\/p>\n<p>\u2014 Destination T\u00e9l\u00e9 (@DestinationTele) <a href=\"https:\/\/twitter.com\/DestinationTele\/status\/1995916531486642684?ref_src=twsrc%5Etfw\" target=\"_blank\" rel=\"noopener\">December 2, 2025<\/a><\/p><\/blockquote>\n<p>Un humoriste prank la journaliste et balance tout sur ses r\u00e9seaux sociaux<\/p>\n<p>Une mani\u00e8re de faire tout \u00e0 fait banale et des astuces pratiqu\u00e9es par nombre de citoyens fran\u00e7ais. N\u00e9anmoins, il ne s\u2019agissait pas r\u00e9ellement d\u2019une personne \u00e0 la recherche du moindre bon plan. En effet, sur ses r\u00e9seaux sociaux, <strong>l\u2019humoriste a avou\u00e9 son prank \u00e0 ses abonn\u00e9s.<\/strong>\u00a0<\/p>\n<p><strong>\u00ab\u00a0Je prank le JT de 20h\u00a0\u00bb<\/strong>, a-t-il titr\u00e9 l\u2019une de ses vid\u00e9os dans laquelle il a relay\u00e9 ledit reportage, accompagn\u00e9 de plusieurs \u00e9mojis en train de pleurer de rire, visiblement satisfait de sa blague. <\/p>\n<p>Une nouvelle \u00ab\u00a0erreur\u00a0\u00bb de la part de L\u00e9a Salam\u00e9 qui lui a de nouveau valu de nombreuses critiques sur les r\u00e9seaux sociaux, quelques semaines seulement apr\u00e8s <a href=\"https:\/\/www.public.fr\/est-ce-que-vous-allez-bien-enorme-malaise-entre-lea-salame-et-marion-cotillard-dans-le-jt-de-france-2-a-cause-de-guillaume-canet\" target=\"_blank\" rel=\"noopener\">sa question jug\u00e9e g\u00eanante \u00e0 Marion Cotillard<\/a>, le fait d\u2019avoir confondu <a href=\"https:\/\/www.public.fr\/lea-salame-confond-claude-gueant-et-henri-guaino-encore-une-boulette-et-un-recadrage-au-jt-de-france-2\" target=\"_blank\" rel=\"noopener\">Henri Guaino avec Claude Gu\u00e9ant<\/a>, ou encore <a href=\"https:\/\/www.public.fr\/lea-salame-recadree-illico-par-le-patron-de-linfo-de-france-tele-apres-son-enorme-bourde-sur-dominique-bernard\" target=\"_blank\" rel=\"noopener\">Samuel Paty avec Dominique Bernard.<\/a><\/p>\n<p>N\u00e9anmoins, apr\u00e8s avoir pris connaissance de la supercherie, le service du 20h a indiqu\u00e9 avoir \u00e9t\u00e9 averti apr\u00e8s coup, soulignant que la d\u00e9claration de l\u2019homme avait \u00e9t\u00e9 donn\u00e9e \u00ab\u00a0avec une identit\u00e9 falsifi\u00e9e\u00a0\u00bb. France T\u00e9l\u00e9visions a d&rsquo;ailleurs publi\u00e9 un rectificatif apr\u00e8s la diffusion de son journal de 20 heures.<\/p>\n<blockquote class=\"twitter-tweet\">\n<p>Arnaud Rolland est en effet un\u2026 humoriste :<br \/>\u00ab\u00a0Mehdi Tu Connais\u00a0\u00bb qui a r\u00e9ussi \u00e0 duper toute la r\u00e9daction du journal de 20h de France 2 \ud83d\ude02<\/p>\n<p>France TV c\u2019est 2,5 milliards\u20ac par an, 8 820 salari\u00e9s<br \/>et des le\u00e7ons de journalisme \u00e0 la terre enti\u00e8re <br \/>Un naufrage\u2026 \ud83e\udd26\ud83c\udffb\u200d\u2642\ufe0f <a href=\"https:\/\/t.co\/vtYPbXVG2Q\">pic.twitter.com\/vtYPbXVG2Q<\/a><\/p>\n<p>\u2014 Destination T\u00e9l\u00e9 (@DestinationTele) <a href=\"https:\/\/twitter.com\/DestinationTele\/status\/1995918361826374130?ref_src=twsrc%5Etfw\" target=\"_blank\" rel=\"noopener\">December 2, 2025<\/a><\/p><\/blockquote>\n<p>\n          Hits &amp; People en continu\n        <\/p>\n<p>\n          Public Radio\n        <\/p>\n<p>      Mentionn\u00e9s dans cet article<\/p>\n<p>      Sur le m\u00eame sujet<\/p>\n<p>  <script async src=\"https:\/\/platform.twitter.com\/widgets.js\" charset=\"utf-8\"><\/script><\/p>\n","protected":false},"excerpt":{"rendered":"Une nouvelle bourde pour L\u00e9a Salam\u00e9 et ses \u00e9quipes. Mais contrairement aux pr\u00e9c\u00e9dentes, il s\u2019av\u00e9rait tr\u00e8s difficile de&hellip;\n","protected":false},"author":2,"featured_media":574595,"comment_status":"","ping_status":"","sticky":false,"template":"","format":"standard","meta":{"footnotes":""},"categories":[1359],"tags":[58,59,1011,27,594,26420,3806,973,24571],"class_list":{"0":"post-574594","1":"post","2":"type-post","3":"status-publish","4":"format-standard","5":"has-post-thumbnail","7":"category-people","8":"tag-divertissement","9":"tag-entertainment","10":"tag-fr","11":"tag-france","12":"tag-france-2","13":"tag-journal-de-20-heures-de-france-2","14":"tag-lea-salame","15":"tag-people","16":"tag-prank"},"share_on_mastodon":{"url":"","error":""},"_links":{"self":[{"href":"https:\/\/www.europesays.com\/fr\/wp-json\/wp\/v2\/posts\/574594","targetHints":{"allow":["GET"]}}],"collection":[{"href":"https:\/\/www.europesays.com\/fr\/wp-json\/wp\/v2\/posts"}],"about":[{"href":"https:\/\/www.europesays.com\/fr\/wp-json\/wp\/v2\/types\/post"}],"author":[{"embeddable":true,"href":"https:\/\/www.europesays.com\/fr\/wp-json\/wp\/v2\/users\/2"}],"replies":[{"embeddable":true,"href":"https:\/\/www.europesays.com\/fr\/wp-json\/wp\/v2\/comments?post=574594"}],"version-history":[{"count":0,"href":"https:\/\/www.europesays.com\/fr\/wp-json\/wp\/v2\/posts\/574594\/revisions"}],"wp:featuredmedia":[{"embeddable":true,"href":"https:\/\/www.europesays.com\/fr\/wp-json\/wp\/v2\/media\/574595"}],"wp:attachment":[{"href":"https:\/\/www.europesays.com\/fr\/wp-json\/wp\/v2\/media?parent=574594"}],"wp:term":[{"taxonomy":"category","embeddable":true,"href":"https:\/\/www.europesays.com\/fr\/wp-json\/wp\/v2\/categories?post=574594"},{"taxonomy":"post_tag","embeddable":true,"href":"https:\/\/www.europesays.com\/fr\/wp-json\/wp\/v2\/tags?post=574594"}],"curies":[{"name":"wp","href":"https:\/\/api.w.org\/{rel}","templated":true}]}}