{"id":574610,"date":"2025-12-03T04:43:14","date_gmt":"2025-12-03T04:43:14","guid":{"rendered":"https:\/\/www.europesays.com\/fr\/574610\/"},"modified":"2025-12-03T04:43:14","modified_gmt":"2025-12-03T04:43:14","slug":"a-100-ans-brandt-dernier-fabricant-de-gros-electromenager-en-france-joue-sa-survie","status":"publish","type":"post","link":"https:\/\/www.europesays.com\/fr\/574610\/","title":{"rendered":"\u00c0 100\u00a0ans, Brandt, dernier fabricant de gros \u00e9lectrom\u00e9nager en France, joue sa survie"},"content":{"rendered":"<p>\n    <strong>R\u00c9CIT <\/strong>&#8211; La menace de sa disparition inqui\u00e8te ses 750\u00a0salari\u00e9s en France, dont la plupart travaillent dans deux usines \u00e0 Saint-Jean-de-la-Ruelle (Loiret) et \u00e0 Vend\u00f4me (Loir-et-Cher).<\/p>\n<p class=\"fig-paragraph\">\u00ab\u00a0Vedette, m\u00e9rite votre confiance\u00a0\u00bb,\u00a0<a href=\"https:\/\/www.facebook.com\/Generations60708090\/videos\/culte-%C3%A7a-cest-vrai-%C3%A7a-la-m%C3%A8re-denis-que-de-souvenirs-dans-cette-p-u-b-datant-de-\/748786309442288\/\" target=\"_blank\" rel=\"sponsored noopener\" data-gtm-custom-categorie=\"navigation\" data-gtm-custom-action=\"crossclick\" data-gtm-custom-label=\"Contextuel\" data-gtm-event=\"customEventSPE\">martelait la M\u00e8re Denis dans les r\u00e9clames des ann\u00e9es 1970 pour son c\u00e9l\u00e8bre lave-linge<\/a>. Un demi-si\u00e8cle plus tard, la marque a surtout besoin d\u2019investisseurs. Son propri\u00e9taire,\u00a0<a href=\"http:\/\/www.lefigaro.fr\/societes\/electromenager-le-groupe-brandt-place-en-redressement-judiciaire-20251002\" data-fig-type=\"NewsFlash\" data-gtm-custom-categorie=\"navigation\" data-gtm-custom-action=\"crossclick\" data-gtm-custom-label=\"Contextuel\" data-gtm-event=\"customEventSPE\" data-fig-domain=\"LEFIGARO\" target=\"_blank\" rel=\"noopener\">le groupe Brandt,<\/a>\u00a0\u00e9galement d\u00e9tenteur de Sauter et De Dietrich, risque de ne pas passer l\u2019ann\u00e9e. Le dernier fabricant de gros \u00e9lectrom\u00e9nager en France l\u2019avait commenc\u00e9e en petite forme, en f\u00eatant ses 100\u00a0ans. Il est aujourd\u2019hui en faillite, et sans candidat \u00e0 sa reprise. La menace de sa disparition inqui\u00e8te ses 750\u00a0salari\u00e9s en France, dont la plupart travaillent dans deux usines \u00e0 Saint-Jean-de-la-Ruelle (Loiret) et \u00e0 Vend\u00f4me (Loir-et-Cher).<\/p>\n<p class=\"fig-paragraph\">Elle mobilise le gouvernement, qui cherche \u00e0 pr\u00e9server l\u2019industrie tricolore et \u00e0 promouvoir le made in France. Une audience d\u00e9cisive se tient ce mercredi \u00e0 11\u00a0heures au tribunal des activit\u00e9s \u00e9conomiques de Nanterre. Bercy tente de sauver le soldat Brandt. Plac\u00e9e en redressement judiciaire en octobre, la soci\u00e9t\u00e9 n\u2019a re\u00e7u \u00ab\u00a0aucune offre\u2026<\/p>\n<p class=\"fig-premium-paywall__infos\">\n        Cet article est r\u00e9serv\u00e9 aux abonn\u00e9s.        Il vous reste 86% \u00e0 d\u00e9couvrir.\n    <\/p>\n<p>                <img  data- alt=\"Le Figaro\" class=\"fig-img--complete fig-img\"\/><\/p>\n<p class=\"fig-premium-paywall__title\">Vous avez envie de lire la suite ?<\/p>\n<p class=\"fig-premium-paywall__subtitle\">D\u00e9bloquez tous les articles imm\u00e9diatement.<\/p>\n<p class=\"fig-premium-paywall__connect\">\n                D\u00e9j\u00e0 abonn\u00e9\u00a0?                <a class=\"fig-premium-paywall__connect-link\" href=\"https:\/\/connect.lefigaro.fr\/login?client=horizon_web&amp;type=main&amp;redirect_uri=https%3A%2F%2Fwww.lefigaro.fr%2Fsocietes%2Fa-100-ans-brandt-dernier-fabricant-de-gros-electromenager-en-france-joue-sa-survie-20251202\" data-js-gtm=\"{&quot;customCategorie&quot;: &quot;conversion&quot;, &quot;customAction&quot;: &quot;before_Landing_Connexion_paywall_auto&quot;, &quot;customLabel&quot;: &quot;bGVmaWdhcm8uZnJfXzFmMGNlYmQxLWQxZWItNmY1ZS04MTBhLWQ3OGRhNjI3YTA3Zl9fQXJ0aWNsZQ==_\u00c0 100\u00a0ans, Brandt, dernier fabricant de gros \u00e9lectrom\u00e9nager en France, joue sa survie_338&quot;, &quot;customIDSPE&quot;: &quot;bGVmaWdhcm8uZnJfXzFmMGNlYmQxLWQxZWItNmY1ZS04MTBhLWQ3OGRhNjI3YTA3Zl9fQXJ0aWNsZQ==&quot;, &quot;event&quot;: &quot;customEventSPE&quot;}\" target=\"_blank\" rel=\"noopener\"><br \/>\n                    Connectez-vous<br \/>\n                <\/a>\n            <\/p>\n","protected":false},"excerpt":{"rendered":"R\u00c9CIT &#8211; La menace de sa disparition inqui\u00e8te ses 750\u00a0salari\u00e9s en France, dont la plupart travaillent dans deux&hellip;\n","protected":false},"author":2,"featured_media":574611,"comment_status":"","ping_status":"","sticky":false,"template":"","format":"standard","meta":{"footnotes":""},"categories":[6],"tags":[35,33,34,38415,1011,27,693],"class_list":{"0":"post-574610","1":"post","2":"type-post","3":"status-publish","4":"format-standard","5":"has-post-thumbnail","7":"category-economie","8":"tag-business","9":"tag-economie","10":"tag-economy","11":"tag-electromenager","12":"tag-fr","13":"tag-france","14":"tag-industrie"},"share_on_mastodon":{"url":"https:\/\/pubeurope.com\/@fr\/115653810850382034","error":""},"_links":{"self":[{"href":"https:\/\/www.europesays.com\/fr\/wp-json\/wp\/v2\/posts\/574610","targetHints":{"allow":["GET"]}}],"collection":[{"href":"https:\/\/www.europesays.com\/fr\/wp-json\/wp\/v2\/posts"}],"about":[{"href":"https:\/\/www.europesays.com\/fr\/wp-json\/wp\/v2\/types\/post"}],"author":[{"embeddable":true,"href":"https:\/\/www.europesays.com\/fr\/wp-json\/wp\/v2\/users\/2"}],"replies":[{"embeddable":true,"href":"https:\/\/www.europesays.com\/fr\/wp-json\/wp\/v2\/comments?post=574610"}],"version-history":[{"count":0,"href":"https:\/\/www.europesays.com\/fr\/wp-json\/wp\/v2\/posts\/574610\/revisions"}],"wp:featuredmedia":[{"embeddable":true,"href":"https:\/\/www.europesays.com\/fr\/wp-json\/wp\/v2\/media\/574611"}],"wp:attachment":[{"href":"https:\/\/www.europesays.com\/fr\/wp-json\/wp\/v2\/media?parent=574610"}],"wp:term":[{"taxonomy":"category","embeddable":true,"href":"https:\/\/www.europesays.com\/fr\/wp-json\/wp\/v2\/categories?post=574610"},{"taxonomy":"post_tag","embeddable":true,"href":"https:\/\/www.europesays.com\/fr\/wp-json\/wp\/v2\/tags?post=574610"}],"curies":[{"name":"wp","href":"https:\/\/api.w.org\/{rel}","templated":true}]}}