{"id":574612,"date":"2025-12-03T04:44:12","date_gmt":"2025-12-03T04:44:12","guid":{"rendered":"https:\/\/www.europesays.com\/fr\/574612\/"},"modified":"2025-12-03T04:44:12","modified_gmt":"2025-12-03T04:44:12","slug":"la-malaisie-annonce-la-reprise-des-recherches","status":"publish","type":"post","link":"https:\/\/www.europesays.com\/fr\/574612\/","title":{"rendered":"la Malaisie annonce la reprise des recherches"},"content":{"rendered":"<p>\n    Les recherches du vol MH370 de Malaysia Airlines reprendront fin d\u00e9cembre, a annonc\u00e9 mercredi le minist\u00e8re malaisien des Transports, plus de 11 ans apr\u00e8s la disparition de l\u2019avion qui devait relier Kuala Lumpur \u00e0 P\u00e9kin.<\/p>\n<p class=\"fig-paragraph\">Les recherches du\u00a0<a href=\"https:\/\/www.lefigaro.fr\/tag\/vol-mh370\" target=\"_blank\" rel=\"sponsored noopener\" data-gtm-custom-categorie=\"navigation\" data-gtm-custom-action=\"crossclick\" data-gtm-custom-label=\"Contextuel\" data-gtm-event=\"customEventSPE\">vol MH370<\/a>\u00a0de Malaysia Airlines reprendront fin d\u00e9cembre, a annonc\u00e9 mercredi le minist\u00e8re malaisien des Transports, plus de 11 ans apr\u00e8s la disparition de l\u2019avion qui devait relier Kuala Lumpur \u00e0 P\u00e9kin.<\/p>\n<p class=\"fig-paragraph\">\u00abLes recherches en eaux profondes pour retrouver l\u2019\u00e9pave du vol MH370 de Malaysia Airlines reprendront le 30 d\u00e9cembre 2025\u00bb, a-t-il d\u00e9clar\u00e9 dans un communiqu\u00e9.<\/p>\n<p>                                            <a class=\"fig-a11y-skip\" href=\"#fig-a11y-skip-main-inarticle\" data-module=\"a11y-skip\" data-context=\"was @visible\"><br \/>\n    Passer la publicit\u00e9<br \/>\n<\/a>            <\/p>\n<p class=\"fig-paragraph\">La soci\u00e9t\u00e9 britannique d\u2019exploration maritime Ocean Infinity m\u00e8nera les recherches \u00abdans une zone cibl\u00e9e jug\u00e9e comme pr\u00e9sentant la plus forte probabilit\u00e9 de localisation de l\u2019avion\u00bb, a pr\u00e9cis\u00e9 le minist\u00e8re.<\/p>\n<p>                                            Une disparition myst\u00e9rieuse<\/p>\n<p class=\"fig-paragraph\">Le Boeing 777, qui transportait 239 personnes, a disparu des \u00e9crans radar le 8 mars 2014, alors qu\u2019il effectuait la liaison entre Kuala Lumpur et P\u00e9kin. Malgr\u00e9 les recherches entreprises dans l\u2019oc\u00e9an Indien apr\u00e8s la catastrophe, consid\u00e9r\u00e9e comme l\u2019une des plus importantes de l\u2019histoire de l\u2019aviation, l\u2019appareil n\u2019a jamais \u00e9t\u00e9 retrouv\u00e9.<\/p>\n<p class=\"fig-paragraph\">Ocean Infinity avait d\u00e9j\u00e0 tent\u00e9 de retrouver l\u2019avion en 2018, sans succ\u00e8s, avant d\u2019accepter de r\u00e9essayer cette ann\u00e9e. Les recherches avaient \u00e9t\u00e9 interrompues en avril en raison des conditions m\u00e9t\u00e9o. Auparavant, des recherches infructueuses avaient \u00e9t\u00e9 dirig\u00e9es par l\u2019Australie pendant trois ans, jusqu\u2019en janvier 2017.<\/p>\n<p class=\"fig-paragraph\">La disparition du Boeing a longtemps fait l\u2019objet de nombreuses th\u00e9ories. Un rapport rendu public par la Malaisie en 2018 a mis en exergue les d\u00e9faillances du contr\u00f4le a\u00e9rien et relev\u00e9 que la trajectoire de l\u2019avion avait \u00e9t\u00e9 modifi\u00e9e manuellement, mais n\u2019a abouti \u00e0 aucune conclusion d\u00e9finitive.<\/p>\n","protected":false},"excerpt":{"rendered":"Les recherches du vol MH370 de Malaysia Airlines reprendront fin d\u00e9cembre, a annonc\u00e9 mercredi le minist\u00e8re malaisien des&hellip;\n","protected":false},"author":2,"featured_media":574613,"comment_status":"","ping_status":"","sticky":false,"template":"","format":"standard","meta":{"footnotes":""},"categories":[5],"tags":[11,37,1011,27,14,3444,12,28],"class_list":{"0":"post-574612","1":"post","2":"type-post","3":"status-publish","4":"format-standard","5":"has-post-thumbnail","7":"category-international","8":"tag-actualites","9":"tag-avion","10":"tag-fr","11":"tag-france","12":"tag-international","13":"tag-malaisie","14":"tag-news","15":"tag-world"},"share_on_mastodon":{"url":"https:\/\/pubeurope.com\/@fr\/115653814953874015","error":""},"_links":{"self":[{"href":"https:\/\/www.europesays.com\/fr\/wp-json\/wp\/v2\/posts\/574612","targetHints":{"allow":["GET"]}}],"collection":[{"href":"https:\/\/www.europesays.com\/fr\/wp-json\/wp\/v2\/posts"}],"about":[{"href":"https:\/\/www.europesays.com\/fr\/wp-json\/wp\/v2\/types\/post"}],"author":[{"embeddable":true,"href":"https:\/\/www.europesays.com\/fr\/wp-json\/wp\/v2\/users\/2"}],"replies":[{"embeddable":true,"href":"https:\/\/www.europesays.com\/fr\/wp-json\/wp\/v2\/comments?post=574612"}],"version-history":[{"count":0,"href":"https:\/\/www.europesays.com\/fr\/wp-json\/wp\/v2\/posts\/574612\/revisions"}],"wp:featuredmedia":[{"embeddable":true,"href":"https:\/\/www.europesays.com\/fr\/wp-json\/wp\/v2\/media\/574613"}],"wp:attachment":[{"href":"https:\/\/www.europesays.com\/fr\/wp-json\/wp\/v2\/media?parent=574612"}],"wp:term":[{"taxonomy":"category","embeddable":true,"href":"https:\/\/www.europesays.com\/fr\/wp-json\/wp\/v2\/categories?post=574612"},{"taxonomy":"post_tag","embeddable":true,"href":"https:\/\/www.europesays.com\/fr\/wp-json\/wp\/v2\/tags?post=574612"}],"curies":[{"name":"wp","href":"https:\/\/api.w.org\/{rel}","templated":true}]}}