{"id":574618,"date":"2025-12-03T04:50:21","date_gmt":"2025-12-03T04:50:21","guid":{"rendered":"https:\/\/www.europesays.com\/fr\/574618\/"},"modified":"2025-12-03T04:50:21","modified_gmt":"2025-12-03T04:50:21","slug":"700-personnes-mobilisees-ce-mardi","status":"publish","type":"post","link":"https:\/\/www.europesays.com\/fr\/574618\/","title":{"rendered":"700 personnes mobilis\u00e9es ce mardi"},"content":{"rendered":"<p><img decoding=\"async\" class=\"\" style=\"width:100%\" src=\"https:\/\/www.europesays.com\/fr\/wp-content\/uploads\/2025\/12\/4ef142bc_19d9_4a94_8401_d20ea683a5d31707196093761.jpg\" alt=\"Enseignants\"\/><\/p>\n<p>Une gr\u00e8ve a d\u00e9j\u00e0 eu lieu jeudi 1er f\u00e9vrier<\/p>\n<p>Cr\u00e9dit : Photo ACTIV Radio <\/p>\n<p>Mise \u00e0 jour \u00e0 18h05 : La pr\u00e9fecture annonce que 500 personnes ont battu le pav\u00e9 \u00e0 Saint-\u00c9tienne et 210 \u00e0 Roanne.<\/p>\n<p>\u00a0<\/p>\n<p>Ils veulent \u00e0 nouveau mettre la pression sur le gouvernement ce mardi 2 d\u00e9cembre.\u00a0A l&rsquo;appel de l&rsquo;intersyndical de la Loire, un mouvement de gr\u00e8ve est pr\u00e9vu aujourd&rsquo;hui comme partout en France. \u00ab\u00a0Contre l\u2019aust\u00e9rit\u00e9, pour les salaires, pour la justice sociale et fiscale pour les services publics, pour la s\u00e9curit\u00e9 sociale ou encore pour le climat\u00a0\u00bb, ils d\u00e9noncent notamment le projet de budget 2026 qu\u2019ils d\u00e9crivent comme \u00ab antisocial \u00bb.\u00a0<\/p>\n<p>Deux manifestations sont donc pr\u00e9vues dans notre d\u00e9partement. D\u2019abord, \u00e0 Saint-Etienne, un cort\u00e8ge s\u2019\u00e9lancera \u00e0 10h30 depuis la Bourse du Travail jusqu\u2019\u00e0 la place Jean-Jaur\u00e8s. La seconde manifestation a lieu \u00e0 Roanne, \u00e0 la m\u00eame heure. Le rassemblement aura lieu devant le tribunal pour ensuite aller jusqu\u2019\u00e0 la sous-pr\u00e9fecture.\u00a0<\/p>\n<p>Des perturbations auront aussi lieu dans certaines cantines et cr\u00e8ches st\u00e9phanoises.\u00a0<\/p>\n","protected":false},"excerpt":{"rendered":"Une gr\u00e8ve a d\u00e9j\u00e0 eu lieu jeudi 1er f\u00e9vrier Cr\u00e9dit : Photo ACTIV Radio Mise \u00e0 jour \u00e0&hellip;\n","protected":false},"author":2,"featured_media":574619,"comment_status":"","ping_status":"","sticky":false,"template":"","format":"standard","meta":{"footnotes":""},"categories":[9653],"tags":[1111,11,9301,2430,10238,1777,674,1011,27,418,6151,3367,21273,2088,12,25,9838,4001],"class_list":{"0":"post-574618","1":"post","2":"type-post","3":"status-publish","4":"format-standard","5":"has-post-thumbnail","7":"category-saint-etienne","8":"tag-actu","9":"tag-actualites","10":"tag-austerite","11":"tag-auvergne-rhone-alpes","12":"tag-cortege","13":"tag-eu","14":"tag-europe","15":"tag-fr","16":"tag-france","17":"tag-gouvernement","18":"tag-greve","19":"tag-loire","20":"tag-manif","21":"tag-manifestation","22":"tag-news","23":"tag-republique-francaise","24":"tag-roanne","25":"tag-saint-etienne"},"share_on_mastodon":{"url":"https:\/\/pubeurope.com\/@fr\/115653840127395241","error":""},"_links":{"self":[{"href":"https:\/\/www.europesays.com\/fr\/wp-json\/wp\/v2\/posts\/574618","targetHints":{"allow":["GET"]}}],"collection":[{"href":"https:\/\/www.europesays.com\/fr\/wp-json\/wp\/v2\/posts"}],"about":[{"href":"https:\/\/www.europesays.com\/fr\/wp-json\/wp\/v2\/types\/post"}],"author":[{"embeddable":true,"href":"https:\/\/www.europesays.com\/fr\/wp-json\/wp\/v2\/users\/2"}],"replies":[{"embeddable":true,"href":"https:\/\/www.europesays.com\/fr\/wp-json\/wp\/v2\/comments?post=574618"}],"version-history":[{"count":0,"href":"https:\/\/www.europesays.com\/fr\/wp-json\/wp\/v2\/posts\/574618\/revisions"}],"wp:featuredmedia":[{"embeddable":true,"href":"https:\/\/www.europesays.com\/fr\/wp-json\/wp\/v2\/media\/574619"}],"wp:attachment":[{"href":"https:\/\/www.europesays.com\/fr\/wp-json\/wp\/v2\/media?parent=574618"}],"wp:term":[{"taxonomy":"category","embeddable":true,"href":"https:\/\/www.europesays.com\/fr\/wp-json\/wp\/v2\/categories?post=574618"},{"taxonomy":"post_tag","embeddable":true,"href":"https:\/\/www.europesays.com\/fr\/wp-json\/wp\/v2\/tags?post=574618"}],"curies":[{"name":"wp","href":"https:\/\/api.w.org\/{rel}","templated":true}]}}