{"id":574620,"date":"2025-12-03T04:52:48","date_gmt":"2025-12-03T04:52:48","guid":{"rendered":"https:\/\/www.europesays.com\/fr\/574620\/"},"modified":"2025-12-03T04:52:48","modified_gmt":"2025-12-03T04:52:48","slug":"a-saint-etienne-la-campagne-municipale-souvre-apres-la-condamnation-du-maire-gael-perdriau","status":"publish","type":"post","link":"https:\/\/www.europesays.com\/fr\/574620\/","title":{"rendered":"\u00e0 Saint-\u00c9tienne, la campagne municipale s\u2019ouvre apr\u00e8s la condamnation du maire Ga\u00ebl Perdriau"},"content":{"rendered":"<p>\n    \u00c0 Saint-\u00c9tienne, le calendrier judiciaire vient d\u2019acc\u00e9l\u00e9rer le temps politique. Apr\u00e8s la condamnation du maire, accus\u00e9 de chantage \u00e0 la sextape, les partis veulent tourner la page d\u2019une affaire qui a fig\u00e9 la ville pendant cinq ans. De LFI au RN, chacun croit avoir une chance de l\u2019emporter.<\/p>\n<p class=\"fig-paragraph\">La condamnation, lundi,\u00a0<a href=\"https:\/\/video.lefigaro.fr\/figaro\/lyon\/saint-etienne-le-maire-gael-perdriau-condamne-a-4-ans-de-prison-ferme-dans-l-affaire-du-chantage-a-la-sextape-20251201\" data-fig-type=\"Video\" data-gtm-custom-categorie=\"navigation\" data-gtm-custom-action=\"crossclick\" data-gtm-custom-label=\"Contextuel\" data-gtm-event=\"customEventSPE\" data-fig-domain=\"LEFIGARO\" target=\"_blank\" rel=\"noopener\">\u00e0 4 ans de prison ferme assortie d\u2019une in\u00e9ligibilit\u00e9 de cinq ans avec ex\u00e9cution provisoire<\/a>\u00a0a sonn\u00e9 le glas des ambitions politiques st\u00e9phanoises de Ga\u00ebl Perdriau. Une d\u00e9cision qui cl\u00f4t le destin municipal du maire en m\u00eame temps qu\u2019il ouvre la campagne des municipales dans l\u2019ancienne ville mini\u00e8re. \u00abUne page se tourne enfin\u00bb, se r\u00e9jouit Dino Cinieri, ancien d\u00e9put\u00e9 de la Loire pendant six mandats et candidat de la droite et du centre aux prochaines \u00e9lections.<\/p>\n<p class=\"fig-paragraph\">\u00abUn soulagement\u00bb, partag\u00e9 par l\u2019ensemble des formations politiques locales. De LFI au RN, tous esp\u00e8rent pouvoir tourner la page Perdriau et ces \u00abtrois ann\u00e9es\u00bb depuis la r\u00e9v\u00e9lation de l\u2019affaire du chantage \u00e0 la sextape. \u00abLa campagne n\u2019\u00e9tait pas compl\u00e8tement fig\u00e9e mais elle \u00e9tait en suspens. \u00c7a fait trois ans que la ville est plong\u00e9e dans ce scandale. Il y a un soulagement aujourd\u2019hui de se dire que l\u2019on va tourner la page sur le plan politique et judiciaire\u00bb, se f\u00e9licite R\u00e9gis Juanico, candidat de la gauche unie\u2026<\/p>\n<p class=\"fig-premium-paywall__infos\">\n        Cet article est r\u00e9serv\u00e9 aux abonn\u00e9s.        Il vous reste 73% \u00e0 d\u00e9couvrir.\n    <\/p>\n<p>                <img  data- alt=\"Le Figaro\" class=\"fig-img--complete fig-img\"\/><\/p>\n<p class=\"fig-premium-paywall__title\">Vous avez envie de lire la suite ?<\/p>\n<p class=\"fig-premium-paywall__subtitle\">D\u00e9bloquez tous les articles imm\u00e9diatement.<\/p>\n<p class=\"fig-premium-paywall__connect\">\n                D\u00e9j\u00e0 abonn\u00e9\u00a0?                <a class=\"fig-premium-paywall__connect-link\" href=\"https:\/\/connect.lefigaro.fr\/login?client=horizon_web&amp;type=main&amp;redirect_uri=https%3A%2F%2Fwww.lefigaro.fr%2Flyon%2Fca-clarifie-le-paysage-a-saint-etienne-la-campagne-s-ouvre-apres-la-condamnation-du-maire-gael-perdriau-20251202\" data-js-gtm=\"{&quot;customCategorie&quot;: &quot;conversion&quot;, &quot;customAction&quot;: &quot;before_Landing_Connexion_paywall_auto&quot;, &quot;customLabel&quot;: &quot;bGVmaWdhcm8uZnJfXzFmMGNmODllLWZkMTctNjY1ZS1hYmNlLWRmYWQyOTQ5MGFlN19fTmV3c0ZsYXNo_\u00ab\u00a0\u00c7a clarifie le paysage\u00a0\u00bb\u00a0: \u00e0 Saint-\u00c9tienne, la campagne municipale s\u2019ouvre apr\u00e8s la condamnation du maire Ga\u00ebl Perdriau_515&quot;, &quot;customIDSPE&quot;: &quot;bGVmaWdhcm8uZnJfXzFmMGNmODllLWZkMTctNjY1ZS1hYmNlLWRmYWQyOTQ5MGFlN19fTmV3c0ZsYXNo&quot;, &quot;event&quot;: &quot;customEventSPE&quot;}\" target=\"_blank\" rel=\"noopener\"><br \/>\n                    Connectez-vous<br \/>\n                <\/a>\n            <\/p>\n","protected":false},"excerpt":{"rendered":"\u00c0 Saint-\u00c9tienne, le calendrier judiciaire vient d\u2019acc\u00e9l\u00e9rer le temps politique. Apr\u00e8s la condamnation du maire, accus\u00e9 de chantage&hellip;\n","protected":false},"author":2,"featured_media":574621,"comment_status":"","ping_status":"","sticky":false,"template":"","format":"standard","meta":{"footnotes":""},"categories":[9653],"tags":[1111,11,2430,1777,674,1011,27,3554,12,25,4001],"class_list":{"0":"post-574620","1":"post","2":"type-post","3":"status-publish","4":"format-standard","5":"has-post-thumbnail","7":"category-saint-etienne","8":"tag-actu","9":"tag-actualites","10":"tag-auvergne-rhone-alpes","11":"tag-eu","12":"tag-europe","13":"tag-fr","14":"tag-france","15":"tag-municipales","16":"tag-news","17":"tag-republique-francaise","18":"tag-saint-etienne"},"share_on_mastodon":{"url":"https:\/\/pubeurope.com\/@fr\/115653850116817430","error":""},"_links":{"self":[{"href":"https:\/\/www.europesays.com\/fr\/wp-json\/wp\/v2\/posts\/574620","targetHints":{"allow":["GET"]}}],"collection":[{"href":"https:\/\/www.europesays.com\/fr\/wp-json\/wp\/v2\/posts"}],"about":[{"href":"https:\/\/www.europesays.com\/fr\/wp-json\/wp\/v2\/types\/post"}],"author":[{"embeddable":true,"href":"https:\/\/www.europesays.com\/fr\/wp-json\/wp\/v2\/users\/2"}],"replies":[{"embeddable":true,"href":"https:\/\/www.europesays.com\/fr\/wp-json\/wp\/v2\/comments?post=574620"}],"version-history":[{"count":0,"href":"https:\/\/www.europesays.com\/fr\/wp-json\/wp\/v2\/posts\/574620\/revisions"}],"wp:featuredmedia":[{"embeddable":true,"href":"https:\/\/www.europesays.com\/fr\/wp-json\/wp\/v2\/media\/574621"}],"wp:attachment":[{"href":"https:\/\/www.europesays.com\/fr\/wp-json\/wp\/v2\/media?parent=574620"}],"wp:term":[{"taxonomy":"category","embeddable":true,"href":"https:\/\/www.europesays.com\/fr\/wp-json\/wp\/v2\/categories?post=574620"},{"taxonomy":"post_tag","embeddable":true,"href":"https:\/\/www.europesays.com\/fr\/wp-json\/wp\/v2\/tags?post=574620"}],"curies":[{"name":"wp","href":"https:\/\/api.w.org\/{rel}","templated":true}]}}