{"id":574626,"date":"2025-12-03T04:56:14","date_gmt":"2025-12-03T04:56:14","guid":{"rendered":"https:\/\/www.europesays.com\/fr\/574626\/"},"modified":"2025-12-03T04:56:14","modified_gmt":"2025-12-03T04:56:14","slug":"107-premieres-places-de-stationnement-gratuites","status":"publish","type":"post","link":"https:\/\/www.europesays.com\/fr\/574626\/","title":{"rendered":"107 premi\u00e8res places de stationnement gratuites"},"content":{"rendered":"<p class=\"fs-5 \">Un moment fort. Et <strong>une bouff\u00e9e d\u2019oxyg\u00e8ne pour les Ollioulais<\/strong> r\u00e9sidant en centre-ville et les commer\u00e7ants, notamment. L\u2019ouverture partielle au public, le 22 novembre, du premier niveau (-1) du parking souterrain du quartier culturel La Noria, a fait entrer le pharaonique projet urbain d\u2019Ollioules dans une dimension pratique et a anim\u00e9 l\u2019ordre du jour du conseil municipal, lundi soir.<\/p>\n<p class=\"fs-5 \">R\u00e9unis salle Jean-Moulin sous la pr\u00e9sidence du maire Robert B\u00e9n\u00e9venti, les \u00e9lus ont en effet approuv\u00e9 la convention de gestion provisoire conclue entre la Ville et la m\u00e9tropole TPM pour l\u2019exploitation partielle de ce parking souterrain flambant neuf, creus\u00e9 sur quatre niveaux.<\/p>\n<p class=\"fs-5 \">\u00ab Les parkings sont une comp\u00e9tence m\u00e9tropolitaine, explique le maire. La Ville \u00e9tant d\u00e9j\u00e0 propri\u00e9taire, \u00e0 titre priv\u00e9, du quatri\u00e8me niveau, nous avons n\u00e9goci\u00e9 avec la M\u00e9tropole pour qu\u2019elle nous en d\u00e9l\u00e8gue la gestion compl\u00e8te \u00bb. Pour l\u2019heure, la commune a obtenu l\u2019autorisation de la commission de s\u00e9curit\u00e9 d\u2019ouvrir partiellement 107 places au stationnement.<\/p>\n<p class=\"fs-5 \">Les am\u00e9nagements esth\u00e9tiques sont en cours de finalisation. Sans, pour le moment, d\u2019acc\u00e8s PMR ou aux v\u00e9los, ni de bornes de recharges pour v\u00e9hicules \u00e9lectriques. Le parking, o\u00f9 un gardiennage est assur\u00e9 en journ\u00e9e, est plac\u00e9 sous vid\u00e9osurveillance.<\/p>\n<p>                                                                                \u00ab Le stationnement est gratuit et le restera \u00bb<\/p>\n<p class=\"fs-5 \">\u00ab Le stationnement est gratuit, et le restera. Le parking est ouvert de 5 h du matin \u00e0 21 h \u00bb, pr\u00e9cise Robert B\u00e9n\u00e9venti.<\/p>\n<p class=\"fs-5 \">Toutefois le stationnement est en zone bleue, c\u2019est-\u00e0-dire limit\u00e9 \u00e0 deux heures (avec barri\u00e8res et tickets).<\/p>\n<p class=\"fs-5 \">Avec le quatri\u00e8me niveau, qui sera r\u00e9serv\u00e9 aux entreprises ou aux particuliers ollioulais qui veulent louer une place, propri\u00e9t\u00e9 de la ville, les trois premiers niveaux passeront donc sous gestion communale.<\/p>\n<p class=\"fs-5 \">\u00ab La commune devait verser un fonds de concours de 9,8 millions d\u2019euros \u00e0 la M\u00e9tropole qui finance la construction de ce parking, explique le maire qui insiste sur la gratuit\u00e9 de l\u2019\u00e9quipement pour les usagers. Mais par un \u00e9change de bon proc\u00e9d\u00e9, la M\u00e9tropole nous en confie la gestion, qui sera donc \u00e0 charge de la Ville, en contrepartie de quoi TPM nous octroie une compensation et r\u00e9duit notre participation financi\u00e8re \u00e0 5,6 millions d\u2019euros \u00bb.<\/p>\n<p class=\"fs-5 \">Attendu avec impatience par de nombreux Ollioulais, l\u2019ouverture totale du parking La Noria devrait intervenir (sauf al\u00e9as de chantier) d\u2019ici fin juin, en m\u00eame temps que seront r\u00e9ceptionn\u00e9s les travaux de l\u2019ambitieux quartier culturel dans son int\u00e9gralit\u00e9. Celui-ci, \u00e0 l\u2019ext\u00e9rieur et en profondeur, transfigure le paysage du centre-ville.<\/p>\n<p class=\"fs-5 \">Autre comp\u00e9tence m\u00e9tropolitaine et autre registre, les conseillers municipaux ont \u00e9galement donn\u00e9 \u00e0 la majorit\u00e9 un avis positif sur une modification du Plan local d\u2019urbanisme de la commune. La M\u00e9tropole d\u00e9lib\u00e9rera sur ce sujet le 18 d\u00e9cembre.<\/p>\n","protected":false},"excerpt":{"rendered":"Un moment fort. Et une bouff\u00e9e d\u2019oxyg\u00e8ne pour les Ollioulais r\u00e9sidant en centre-ville et les commer\u00e7ants, notamment. L\u2019ouverture&hellip;\n","protected":false},"author":2,"featured_media":574627,"comment_status":"","ping_status":"","sticky":false,"template":"","format":"standard","meta":{"footnotes":""},"categories":[9619],"tags":[1111,11,1777,674,1011,27,12,882,25,2310],"class_list":{"0":"post-574626","1":"post","2":"type-post","3":"status-publish","4":"format-standard","5":"has-post-thumbnail","7":"category-toulon","8":"tag-actu","9":"tag-actualites","10":"tag-eu","11":"tag-europe","12":"tag-fr","13":"tag-france","14":"tag-news","15":"tag-provence-alpes-cote-dazur","16":"tag-republique-francaise","17":"tag-toulon"},"share_on_mastodon":{"url":"https:\/\/pubeurope.com\/@fr\/115653862020849957","error":""},"_links":{"self":[{"href":"https:\/\/www.europesays.com\/fr\/wp-json\/wp\/v2\/posts\/574626","targetHints":{"allow":["GET"]}}],"collection":[{"href":"https:\/\/www.europesays.com\/fr\/wp-json\/wp\/v2\/posts"}],"about":[{"href":"https:\/\/www.europesays.com\/fr\/wp-json\/wp\/v2\/types\/post"}],"author":[{"embeddable":true,"href":"https:\/\/www.europesays.com\/fr\/wp-json\/wp\/v2\/users\/2"}],"replies":[{"embeddable":true,"href":"https:\/\/www.europesays.com\/fr\/wp-json\/wp\/v2\/comments?post=574626"}],"version-history":[{"count":0,"href":"https:\/\/www.europesays.com\/fr\/wp-json\/wp\/v2\/posts\/574626\/revisions"}],"wp:featuredmedia":[{"embeddable":true,"href":"https:\/\/www.europesays.com\/fr\/wp-json\/wp\/v2\/media\/574627"}],"wp:attachment":[{"href":"https:\/\/www.europesays.com\/fr\/wp-json\/wp\/v2\/media?parent=574626"}],"wp:term":[{"taxonomy":"category","embeddable":true,"href":"https:\/\/www.europesays.com\/fr\/wp-json\/wp\/v2\/categories?post=574626"},{"taxonomy":"post_tag","embeddable":true,"href":"https:\/\/www.europesays.com\/fr\/wp-json\/wp\/v2\/tags?post=574626"}],"curies":[{"name":"wp","href":"https:\/\/api.w.org\/{rel}","templated":true}]}}