{"id":574628,"date":"2025-12-03T04:57:17","date_gmt":"2025-12-03T04:57:17","guid":{"rendered":"https:\/\/www.europesays.com\/fr\/574628\/"},"modified":"2025-12-03T04:57:17","modified_gmt":"2025-12-03T04:57:17","slug":"champions-cup-toulon-ollivon-et-gros-sont-de-retour-vers-une-surprise-sur-la-feuille-de-match-pour-edimbourg","status":"publish","type":"post","link":"https:\/\/www.europesays.com\/fr\/574628\/","title":{"rendered":"Champions Cup \u2013 Toulon\u00a0: Ollivon et Gros sont de retour, vers une surprise sur la feuille de match pour \u00c9dimbourg"},"content":{"rendered":"<p>\n                Apr\u00e8s le large succ\u00e8s face \u00e0 Montauban, les Varois ont repris l\u2019entra\u00eenement en ce mardi 2\u00a0d\u00e9cembre. Les internationaux \u00e9taient quasiment tous sur le pont et une tendance se d\u00e9gage concernant la composition pour aller d\u00e9fier \u00c9dimbourg, dimanche.\n            <\/p>\n<p>Sous un ciel couvert, le Campus <strong><a href=\"https:\/\/www.rugbyrama.fr\/equipe\/rugby-club-toulonnais\/\" target=\"_self\" rel=\"nofollow noopener\">RCT<\/a><\/strong> a accueilli une cinquantaine de personnes, dans la matin\u00e9e, pour l\u2019entra\u00eenement ouvert au public et \u00e0 la presse. La bande \u00e0 Ribbans a r\u00e9alis\u00e9 une reprise courte, mais intense sur la deuxi\u00e8me partie des exercices. La premi\u00e8re a \u00e9t\u00e9 consacr\u00e9e \u00e0 un travail concernant les sorties de camp et la mise sous pression de l\u2019adversaire \u00e0 l\u2019aide du jeu au pied.<\/p>\n<p>Apr\u00e8s avoir \u00e9volu\u00e9 \u00e0 flux tendu ces derni\u00e8res semaines durant les matchs internationaux, Toulon a retrouv\u00e9 un effectif plus fourni en quantit\u00e9 et en qualit\u00e9 \u00e0 l\u2019aube du d\u00e9but de la campagne de<strong><a href=\"https:\/\/www.rugbyrama.fr\/rugby-a-xv\/champions-cup\/\" target=\"_self\" rel=\"nofollow noopener\"> Champions Cup<\/a><\/strong>. Lors de la pr\u00e9c\u00e9dente journ\u00e9e de <strong><a href=\"https:\/\/www.rugbyrama.fr\/rugby-a-xv\/top-14\/\" target=\"_self\" rel=\"nofollow noopener\">Top 14<\/a><\/strong>, Charles Ollivon, Jean-Baptiste Gros, Ben White, Paolo Garbisi et Juan Ignacio Brex avaient b\u00e9n\u00e9fici\u00e9 d\u2019une semaine de repos. Ils postulent tous pour le d\u00e9placement en \u00c9cosse. Les deux internationaux fran\u00e7ais seront d\u2019ailleurs titularis\u00e9s. Lui aussi laiss\u00e9 en vacances ces derni\u00e8res semaines, Ma\u2019a Nonu a repris les s\u00e9ances collectives, tout comme Melvyn Jaminet. L\u2019arri\u00e8re avait \u00e9t\u00e9 secou\u00e9, il y a deux semaines, face \u00e0 Paris. Il a d\u00e9sormais retrouv\u00e9 tous ses moyens et portera le num\u00e9ro\u00a015 ce dimanche.<\/p>\n<p>Un casse-t\u00eate au poste de talonneur<\/p>\n<p>Les bonnes nouvelles s\u2019accompagnent aussi, parfois, de plus mauvaises. L\u2019international fidjien\u00a0Setariki Tuicuvu ne s\u2019est pas pr\u00e9sent\u00e9 sur le terrain du centre d\u2019entra\u00eenement. Sa participation est donc fortement compromise.\u00a0Bless\u00e9 \u00e0 un genou contre <strong><a href=\"https:\/\/www.rugbyrama.fr\/equipe\/us-montalbanaise\/\" target=\"_self\" rel=\"nofollow noopener\">Montauban<\/a><\/strong>, Pierre Damond s\u2019appr\u00eate, quant \u00e0 lui, \u00e0 rater de nombreux matchs durant les prochains mois. Ce p\u00e9pin\u00a0intervient dans un secteur d\u00e9j\u00e0 sinistr\u00e9 puisque Mickael Ivaldi, prolong\u00e9 en qualit\u00e9 de joker m\u00e9dical, n\u2019a pas jou\u00e9\u00a0la moindre minute\u00a0durant cet exercice en raison de soucis aux cervicales. Victime d\u2019une rupture d\u2019un ligament crois\u00e9 d\u2019un genou, en avril dernier, lors du huiti\u00e8me de finale gagn\u00e9 face\u00a0aux Saracens, l\u2019international italien Gianmarco Lucchesi est sur la voie d\u2019un retour.<\/p>\n<p>Pierre Mignoni n\u2019aime pas se presser avec les \u00e9l\u00e9ments qui ont connu une longue indisponibilit\u00e9. Va-t-il en \u00eatre forc\u00e9\u00a0? Lors de la mise en place, le Transalpin est rest\u00e9 avec\u00a0l\u2019\u00e9quipe des joueurs hors groupe. C\u2019est le talonneur des Espoirs J\u00e9r\u00e9my Toevalu (20 ans) qui a fait office de rempla\u00e7ant de l\u2019international fran\u00e7ais Teddy Baubigny. Le joueur pass\u00e9 par le RC Draguignan n\u2019a encore jamais figur\u00e9 sur une seule feuille de match chez les professionnels. Il pourrait donc conna\u00eetre son saut dans le grand bain dans la brume \u00e9cossaise. Ce serait alors le quatri\u00e8me jeune lanc\u00e9 cette saison par Pierre Mignoni apr\u00e8s L\u00e9o Ametlla, Mat\u00e9o Gracieux et Barnab\u00e9 M\u00e9chentel.<\/p>\n","protected":false},"excerpt":{"rendered":"Apr\u00e8s le large succ\u00e8s face \u00e0 Montauban, les Varois ont repris l\u2019entra\u00eenement en ce mardi 2\u00a0d\u00e9cembre. Les internationaux&hellip;\n","protected":false},"author":2,"featured_media":574629,"comment_status":"","ping_status":"","sticky":false,"template":"","format":"standard","meta":{"footnotes":""},"categories":[9619],"tags":[1111,11,1777,674,1011,27,68895,12,882,25,68796,2310],"class_list":{"0":"post-574628","1":"post","2":"type-post","3":"status-publish","4":"format-standard","5":"has-post-thumbnail","7":"category-toulon","8":"tag-actu","9":"tag-actualites","10":"tag-eu","11":"tag-europe","12":"tag-fr","13":"tag-france","14":"tag-investec-champions-cup","15":"tag-news","16":"tag-provence-alpes-cote-dazur","17":"tag-republique-francaise","18":"tag-rugby-u00e0-xv","19":"tag-toulon"},"share_on_mastodon":{"url":"https:\/\/pubeurope.com\/@fr\/115653865918691583","error":""},"_links":{"self":[{"href":"https:\/\/www.europesays.com\/fr\/wp-json\/wp\/v2\/posts\/574628","targetHints":{"allow":["GET"]}}],"collection":[{"href":"https:\/\/www.europesays.com\/fr\/wp-json\/wp\/v2\/posts"}],"about":[{"href":"https:\/\/www.europesays.com\/fr\/wp-json\/wp\/v2\/types\/post"}],"author":[{"embeddable":true,"href":"https:\/\/www.europesays.com\/fr\/wp-json\/wp\/v2\/users\/2"}],"replies":[{"embeddable":true,"href":"https:\/\/www.europesays.com\/fr\/wp-json\/wp\/v2\/comments?post=574628"}],"version-history":[{"count":0,"href":"https:\/\/www.europesays.com\/fr\/wp-json\/wp\/v2\/posts\/574628\/revisions"}],"wp:featuredmedia":[{"embeddable":true,"href":"https:\/\/www.europesays.com\/fr\/wp-json\/wp\/v2\/media\/574629"}],"wp:attachment":[{"href":"https:\/\/www.europesays.com\/fr\/wp-json\/wp\/v2\/media?parent=574628"}],"wp:term":[{"taxonomy":"category","embeddable":true,"href":"https:\/\/www.europesays.com\/fr\/wp-json\/wp\/v2\/categories?post=574628"},{"taxonomy":"post_tag","embeddable":true,"href":"https:\/\/www.europesays.com\/fr\/wp-json\/wp\/v2\/tags?post=574628"}],"curies":[{"name":"wp","href":"https:\/\/api.w.org\/{rel}","templated":true}]}}