{"id":574630,"date":"2025-12-03T04:58:12","date_gmt":"2025-12-03T04:58:12","guid":{"rendered":"https:\/\/www.europesays.com\/fr\/574630\/"},"modified":"2025-12-03T04:58:12","modified_gmt":"2025-12-03T04:58:12","slug":"en-occitanie-lhydrogene-arrive-dans-les-lycees-et-les-logements-sociaux","status":"publish","type":"post","link":"https:\/\/www.europesays.com\/fr\/574630\/","title":{"rendered":"En Occitanie, l&rsquo;hydrog\u00e8ne arrive dans les lyc\u00e9es et les logements sociaux"},"content":{"rendered":"<p>                    Par<br \/>\n        <strong><br \/>\n            <a href=\"https:\/\/actu.fr\/auteur\/g-martin\" title=\"Consulter tous les articles de Gil Martin\" target=\"_blank\" rel=\"noopener\">Gil Martin<\/a><br \/>\n                    <\/strong><\/p>\n<p>        Publi\u00e9 le<\/p>\n<p>            3 d\u00e9c. 2025 \u00e0 5h04        <\/p>\n<p>Fin novembre, la pr\u00e9sidente de la R\u00e9gion Occitanie, Carole Delga, s\u2019est rendue \u00e0 Fabr\u00e8gues, pr\u00e8s de Montpellier, pour visiter <strong>l\u2019entreprise Bulane, pionni\u00e8re fran\u00e7aise de l\u2019hydrog\u00e8ne<\/strong>. Cette entreprise cr\u00e9\u00e9e par Nicolas Jerez en 2009 s\u2019est d\u2019abord fait conna\u00eetre en d\u00e9veloppant et en produisant des postes \u00e0 soudure fonctionnant \u00e0 l\u2019hydrog\u00e8ne, vendus dans toute l\u2019Europe.<\/p>\n<p class=\" wall-content\"><strong>L\u2019hydrog\u00e8ne en mode hybride<\/strong><\/p>\n<p class=\" wall-content\">Si Bulane s\u2019est impos\u00e9e comme un <strong>leader national et europ\u00e9en<\/strong> <strong>de la d\u00e9carbonation<\/strong> de l\u2019industrie, elle affiche d\u00e9sormais une autre ambition : devenir un acteur majeur de la <strong>d\u00e9carbonation du chauffage collectif. <\/strong>Pour cela, l\u2019entreprise h\u00e9raultaise a mis au point une solution hydrog\u00e8ne pour adapter <strong>les chaudi\u00e8res collectives<\/strong> existantes, sans les changer, afin qu\u2019elles puissent fonctionner <strong>en mode hybride<\/strong>, l\u2019hydrog\u00e8ne suppl\u00e9ant r\u00e9guli\u00e8rement le gaz.<\/p>\n<p class=\" wall-content\">Pour parvenir \u00e0 ce r\u00e9sultat, Bulane \u00e9quipe l\u2019installation classique d\u2019un gros b\u00e2timent (HLM, lyc\u00e9e, \u00e9quipement public) d\u2019un <strong>puissant \u00e9lectrolyseur<\/strong> qui produit de l\u2019hydrog\u00e8ne gr\u00e2ce \u00e0 l\u2019eau. La chaudi\u00e8re \u00ab\u00a0nouvelle g\u00e9n\u00e9ration\u00a0\u00bb con\u00e7ue dans l\u2019H\u00e9rault parvient ainsi \u00e0 remplacer r\u00e9guli\u00e8rement le gaz par de l\u2019hydrog\u00e8ne afin de proposer un chauffage collectif l<strong>argement d\u00e9carbon\u00e9.<\/strong>\u00a0<\/p>\n<p>    <a href=\"https:\/\/www.google.com\/maps\/embed?pb=!1m18!1m12!1m3!1d2891.16974573355!2d3.7911934754468484!3d43.56134595836803!2m3!1f0!2f0!3f0!3m2!1i1024!2i768!4f13.1!3m3!1m2!1s0x12b14d11b59a7ddf%3A0xe210a5828db541c8!2sBulane!5e0!3m2!1sfr!2sfr!4v1764642951111!5m2!1sfr!2sfr\" title=\"Ouvrie le lien\" target=\"_blank\" rel=\"noopener\">Cliquez ici pour visualiser le contenu<\/a><\/p>\n<p>Exp\u00e9rimentation dans les lyc\u00e9es<\/p>\n<p class=\" wall-content\">Une technologie qui permet \u00e0 la fois de <strong>r\u00e9duire les \u00e9missions de CO2<\/strong> et de <strong>diminuer la facture \u00e9nerg\u00e9tique<\/strong>. Des arguments qui ont convaincu la R\u00e9gion Occitanie : la solution de chaudi\u00e8re hybride de Bulane est pressentie pour \u00eatre mise en place \u00ab\u00a0rapidement\u00a0\u00bb dans <strong>les logements sociaux<\/strong> et les <strong>b\u00e2timents publics<\/strong> g\u00e9r\u00e9s par la collectivit\u00e9. A ce titre, Carole Delga, pr\u00e9sidente de la R\u00e9gion Occitanie, a annonc\u00e9 le lancement d\u2019une prochaine <strong>exp\u00e9rimentation dans les lyc\u00e9es<\/strong>.<\/p>\n<p>Vid\u00e9os : en ce moment sur Actu<br \/>\n    <img   decoding=\"async\" loading=\"lazy\" src=\"https:\/\/www.europesays.com\/fr\/wp-content\/uploads\/2025\/12\/photo-bulane-avec-delga-960x640.jpg\" alt=\"Bulane a d\u00e9velopp\u00e9 un dispositif pour adapter les chaudi\u00e8res collectives existantes sans les changer afin de leurp ermettre de fonctionner, en mod\u00e8le hydride, alternant entre gaz et hydrog\u00e8ne\" width=\"960\" height=\"640\"\/><br \/>\n    Bulane a d\u00e9velopp\u00e9 un dispositif pour adapter les chaudi\u00e8res collectives existantes sans les changer afin de leur permettre de fonctionner en mod\u00e8le hybride, alternant entre gaz et hydrog\u00e8ne (\u00a9M.Alessandrini \u2013 R\u00e9gion Occitanie)Bient\u00f4t dans les logements sociaux<\/p>\n<p class=\" wall-content\">\u00ab Je souhaite en effet que <strong>ces \u00e9tablissements <\/strong>puissent b\u00e9n\u00e9ficier des chaudi\u00e8res nouvelle g\u00e9n\u00e9ration de Bulane, une avanc\u00e9e concr\u00e8te pour la <strong>transition \u00e9nerg\u00e9tique r\u00e9gionale<\/strong> \u00bb, justifie l\u2019\u00e9lue, indiquant que ces chaudi\u00e8res sont test\u00e9es avec succ\u00e8s dans des lyc\u00e9es depuis plusieurs mois et que la solution d\u00e9velopp\u00e9e par Bulane attend l<strong>e marquage CE.<\/strong> Mais les chaudi\u00e8res \u00e0 hydrog\u00e8ne de Bulane doivent aussi servir aux<strong>\u00a0logements sociaux<\/strong> : \u00ab Des discussions sont actuellement en cours avec <strong>l\u2019office public des HLM de la Haute-Garonne<\/strong> \u00bb, confirme la pr\u00e9sidente r\u00e9gionale.<\/p>\n<p>Votre r\u00e9gion, votre actu !<\/p>\n<p>Recevez chaque jour les infos qui comptent pour vous.<\/p>\n<p>\t<a href=\"https:\/\/actu.fr\/newsletter\" class=\"ac-btn ac-btn--corner ac-btn--medium ac-btn--blue800\" target=\"_blank\" rel=\"noopener\">S&rsquo;incrire<\/a><\/p>\n<blockquote class=\"ac-article-quote wall-content\">\n<p>\u00ab\u00a0L\u2019Agence R\u00e9gionale Energie Climat (AREC) et Bulane ont \u00e9t\u00e9 charg\u00e9 d&rsquo;identifier des copropri\u00e9t\u00e9s, accompagn\u00e9es par R\u00e9nov\u2019Occitanie, qui pourraient exp\u00e9rimenter les chaudi\u00e8res hydrog\u00e8nes\u00a0\u00bb<\/p>\n<p>    <strong>Carole Delga<\/strong><br \/>\n        Pr\u00e9sidente de la R\u00e9gion Occitanie    <\/p><\/blockquote>\n<p class=\" wall-content\">Pour Carole Delga, la mise en fonction de ces chaudi\u00e8res hydrog\u00e8nes doit participer activement \u00e0 l\u2019effort du territoire en mati\u00e8re de <strong>r\u00e9silience \u00e9nerg\u00e9tique,<\/strong> la R\u00e9gion Occitanie \u00e9tant engag\u00e9e dans une ambitieuse <strong>strat\u00e9gie REPOS<\/strong> visant \u00e0 faire du territoire, d\u00e8s 2050, la <strong>premi\u00e8re r\u00e9gion d\u2019Europe \u00e0 \u00e9nergie positive<\/strong>. \u00ab Je suis persuad\u00e9e que les innovations de Bulane pourront pleinement participer, demain, <strong>\u00e0 l\u2019am\u00e9lioration du quotidien des habitants<\/strong> en proposant des alternatives concr\u00e8tes aux \u00e9nergies fossiles pour le chauffage \u00bb, conclut Carole Delga.<\/p>\n<p>L\u2019hydrog\u00e8ne pour parvenir \u00e0 l\u2019objectif REPOS<\/p>\n<p>\u00ab Cela fait maintenant plus de 10 ans que la R\u00e9gion est aux c\u00f4t\u00e9s de Bulane \u00bb, rappelle Carole Delga. Depuis 2009, la R\u00e9gion a soutenu l&rsquo;entreprise pionni\u00e8re de l&rsquo;hydrog\u00e8ne \u00e0 hauteur de 540 000 \u20ac (Contrat Innovation, Export, FEDER\u2026) et a m\u00eame investi dans la soci\u00e9t\u00e9 via son Fonds Souverain R\u00e9gional. \u00ab Nous croyons au potentiel de l\u2019hydrog\u00e8ne, en la capacit\u00e9 de Bulane \u00e0 proposer \u00e0 nos habitants et \u00e0 nos industries des solutions concr\u00e8tes de d\u00e9carbonation&#8230; Les solutions que Bulane met en \u0153uvre sont autant de r\u00e9ponses concr\u00e8tes \u00e0 notre strat\u00e9gie r\u00e9gionale en faveur de la transition \u00e9nerg\u00e9tique \u00bb, estime l&rsquo;\u00e9lue r\u00e9gionale.\u00a0Plus globalement, la collectivit\u00e9 voit l\u2019hydrog\u00e8ne vert comme une \u00e9nergie d\u2019avenir en Occitanie et soutient fortement le d\u00e9veloppement de la fili\u00e8re avec l&rsquo;aide de l\u2019Europe, via le FEDER. La collectivit\u00e9 a ainsi vot\u00e9 un plan d&rsquo;investissement de 150 M\u20ac pour soutenir cette fili\u00e8re qui a d\u00e9j\u00e0 permis d&rsquo;accompagner une autre p\u00e9pite locale dans l&rsquo;H\u00e9rault, Genvia, le sp\u00e9cialiste de l&rsquo;hydrog\u00e8ne, seule entreprise fran\u00e7aise \u00e0 produire dans son usine de B\u00e9ziers des \u00e9lectrolyseurs \u00e0 haute temp\u00e9rature.<\/p>\n<p class=\" wall-content\">Personnalisez votre actualit\u00e9 en ajoutant vos villes et m\u00e9dias en favori avec <a href=\"https:\/\/moncompte.actu.fr\" title=\"D\u00e9couvez Mon Actu\" rel=\"nofollow noopener\" data-trk=\"{&quot;cta&quot;:{&quot;action&quot;:&quot;https:\\\/\\\/moncompte.actu.fr&quot;,&quot;category&quot;:&quot;mon compte&quot;,&quot;from&quot;:&quot;article footer&quot;,&quot;name&quot;:&quot;Mon actu&quot;,&quot;type&quot;:&quot;cta&quot;}}\" target=\"_blank\">Mon Actu<\/a>.<\/p>\n","protected":false},"excerpt":{"rendered":"Par Gil Martin Publi\u00e9 le 3 d\u00e9c. 2025 \u00e0 5h04 Fin novembre, la pr\u00e9sidente de la R\u00e9gion Occitanie,&hellip;\n","protected":false},"author":2,"featured_media":574631,"comment_status":"","ping_status":"","sticky":false,"template":"","format":"standard","meta":{"footnotes":""},"categories":[9599],"tags":[1111,11,1777,674,1011,27,2208,12,2680,25,2631],"class_list":{"0":"post-574630","1":"post","2":"type-post","3":"status-publish","4":"format-standard","5":"has-post-thumbnail","7":"category-montpellier","8":"tag-actu","9":"tag-actualites","10":"tag-eu","11":"tag-europe","12":"tag-fr","13":"tag-france","14":"tag-montpellier","15":"tag-news","16":"tag-occitanie","17":"tag-republique-francaise","18":"tag-sciences-technologie"},"share_on_mastodon":{"url":"https:\/\/pubeurope.com\/@fr\/115653870842505837","error":""},"_links":{"self":[{"href":"https:\/\/www.europesays.com\/fr\/wp-json\/wp\/v2\/posts\/574630","targetHints":{"allow":["GET"]}}],"collection":[{"href":"https:\/\/www.europesays.com\/fr\/wp-json\/wp\/v2\/posts"}],"about":[{"href":"https:\/\/www.europesays.com\/fr\/wp-json\/wp\/v2\/types\/post"}],"author":[{"embeddable":true,"href":"https:\/\/www.europesays.com\/fr\/wp-json\/wp\/v2\/users\/2"}],"replies":[{"embeddable":true,"href":"https:\/\/www.europesays.com\/fr\/wp-json\/wp\/v2\/comments?post=574630"}],"version-history":[{"count":0,"href":"https:\/\/www.europesays.com\/fr\/wp-json\/wp\/v2\/posts\/574630\/revisions"}],"wp:featuredmedia":[{"embeddable":true,"href":"https:\/\/www.europesays.com\/fr\/wp-json\/wp\/v2\/media\/574631"}],"wp:attachment":[{"href":"https:\/\/www.europesays.com\/fr\/wp-json\/wp\/v2\/media?parent=574630"}],"wp:term":[{"taxonomy":"category","embeddable":true,"href":"https:\/\/www.europesays.com\/fr\/wp-json\/wp\/v2\/categories?post=574630"},{"taxonomy":"post_tag","embeddable":true,"href":"https:\/\/www.europesays.com\/fr\/wp-json\/wp\/v2\/tags?post=574630"}],"curies":[{"name":"wp","href":"https:\/\/api.w.org\/{rel}","templated":true}]}}