{"id":574632,"date":"2025-12-03T04:59:14","date_gmt":"2025-12-03T04:59:14","guid":{"rendered":"https:\/\/www.europesays.com\/fr\/574632\/"},"modified":"2025-12-03T04:59:14","modified_gmt":"2025-12-03T04:59:14","slug":"des-fleurs-montpellier-a-decouvrir-en-conference","status":"publish","type":"post","link":"https:\/\/www.europesays.com\/fr\/574632\/","title":{"rendered":"Des fleurs \u00ab\u00a0Montpellier\u00a0\u00bb \u00e0 d\u00e9couvrir en conf\u00e9rence"},"content":{"rendered":"<p>L\u2019association de g\u00e9n\u00e9alogie et d\u2019histoire locale, Au fil du temps, organise une conf\u00e9rence, anim\u00e9e par R\u00e9gis Martin, lundi 8 d\u00e9cembre \u00e0 14 h 50 \u00e0 la Maison des associations. Le th\u00e8me retenu est \u00ab\u00a0Les plantes qui portent le nom de Montpellier\u00a0\u00bb.<\/p>\n<p>R\u00e9gis Martin est conf\u00e9rencier de M\u00e9moire d\u2019Oc \u00e0 l\u2019Universit\u00e9 du Tiers-temps de Montpellier. M\u00e9moire d\u2019Oc est un groupe d\u2019\u00e9tude languedocienne \u00e0 la fois historique et g\u00e9n\u00e9alogique.<\/p>\n<p>\u00ab\u00a0Un botaniste montpelli\u00e9rain, Fran\u00e7ois Boissier de la Croix de Sauvages, entretenait une correspondance assidue avec Carl von Linn\u00e9, un naturaliste su\u00e9dois du XVIIIe si\u00e8cle qui a pos\u00e9 les bases du syst\u00e8me moderne de la nomenclature binominale, une combinaison de deux mots servant \u00e0 d\u00e9signer une esp\u00e8ce. Pour le remercier, Linn\u00e9 a attribu\u00e9 le nom de Montpellier aux sp\u00e9cimens des plantes que Boissier lui envoyait\u00a0\u00bb, r\u00e9v\u00e8le le conf\u00e9rencier, pharmacien de formation universitaire.<\/p>\n<p>Apr\u00e8s avoir pos\u00e9 les bases historiques, R\u00e9gis Martin s\u2019attachera, \u00e0 l\u2019aide d\u2019un diaporama, \u00e0 d\u00e9crire la quinzaine de plantes concern\u00e9es.<\/p>\n<p>Maison des Associations, salle de conf\u00e9rences Le Labech, avenue du Golf. Entr\u00e9e libre. Renseignements au 06 24 53 89 56 ou \u00e0 <a href=\"https:\/\/www.midilibre.fr\/2025\/12\/03\/mailto:courrier@aufildutemps34.fr\" target=\"_blank\" rel=\"noopener\">courrier@aufildutemps34.fr<\/a>. Site internet : <a href=\"http:\/\/aufildutemps34.fr\" target=\"_blank\" rel=\"nofollow noopener\">aufildutemps34.fr<\/a>.<\/p>\n<p>Correspondante Midi Libre : 07 84 54 03 80<\/p>\n","protected":false},"excerpt":{"rendered":"L\u2019association de g\u00e9n\u00e9alogie et d\u2019histoire locale, Au fil du temps, organise une conf\u00e9rence, anim\u00e9e par R\u00e9gis Martin, lundi&hellip;\n","protected":false},"author":2,"featured_media":574633,"comment_status":"","ping_status":"","sticky":false,"template":"","format":"standard","meta":{"footnotes":""},"categories":[9599],"tags":[1111,11,1063,872,1777,674,1011,27,7089,68896,2208,12,2680,25],"class_list":{"0":"post-574632","1":"post","2":"type-post","3":"status-publish","4":"format-standard","5":"has-post-thumbnail","7":"category-montpellier","8":"tag-actu","9":"tag-actualites","10":"tag-animations","11":"tag-culture-et-loisirs","12":"tag-eu","13":"tag-europe","14":"tag-fr","15":"tag-france","16":"tag-herault","17":"tag-lagrandemotte","18":"tag-montpellier","19":"tag-news","20":"tag-occitanie","21":"tag-republique-francaise"},"share_on_mastodon":{"url":"https:\/\/pubeurope.com\/@fr\/115653873706498771","error":""},"_links":{"self":[{"href":"https:\/\/www.europesays.com\/fr\/wp-json\/wp\/v2\/posts\/574632","targetHints":{"allow":["GET"]}}],"collection":[{"href":"https:\/\/www.europesays.com\/fr\/wp-json\/wp\/v2\/posts"}],"about":[{"href":"https:\/\/www.europesays.com\/fr\/wp-json\/wp\/v2\/types\/post"}],"author":[{"embeddable":true,"href":"https:\/\/www.europesays.com\/fr\/wp-json\/wp\/v2\/users\/2"}],"replies":[{"embeddable":true,"href":"https:\/\/www.europesays.com\/fr\/wp-json\/wp\/v2\/comments?post=574632"}],"version-history":[{"count":0,"href":"https:\/\/www.europesays.com\/fr\/wp-json\/wp\/v2\/posts\/574632\/revisions"}],"wp:featuredmedia":[{"embeddable":true,"href":"https:\/\/www.europesays.com\/fr\/wp-json\/wp\/v2\/media\/574633"}],"wp:attachment":[{"href":"https:\/\/www.europesays.com\/fr\/wp-json\/wp\/v2\/media?parent=574632"}],"wp:term":[{"taxonomy":"category","embeddable":true,"href":"https:\/\/www.europesays.com\/fr\/wp-json\/wp\/v2\/categories?post=574632"},{"taxonomy":"post_tag","embeddable":true,"href":"https:\/\/www.europesays.com\/fr\/wp-json\/wp\/v2\/tags?post=574632"}],"curies":[{"name":"wp","href":"https:\/\/api.w.org\/{rel}","templated":true}]}}