{"id":574640,"date":"2025-12-03T05:06:15","date_gmt":"2025-12-03T05:06:15","guid":{"rendered":"https:\/\/www.europesays.com\/fr\/574640\/"},"modified":"2025-12-03T05:06:15","modified_gmt":"2025-12-03T05:06:15","slug":"on-ne-veut-pas-que-des-personnes-soient-isolees-a-cause-de-ca-rennes-lance-un-pass-stationnement-pour-les-visiteurs","status":"publish","type":"post","link":"https:\/\/www.europesays.com\/fr\/574640\/","title":{"rendered":"\u00ab\u00a0On ne veut pas que des personnes soient isol\u00e9es \u00e0 cause de \u00e7a\u00a0\u00bb\u2026 Rennes\u00a0lance un pass stationnement pour les visiteurs"},"content":{"rendered":"<p>Elle a appel\u00e9 \u00e7a le \u00ab\u00a0pass visiteur\u00a0\u00bb. Lundi soir, la ville de Rennes a adopt\u00e9 ce nouveau pass permettant \u00e0 la famille ou aux amis des personnes r\u00e9sidant dans des zones payantes de profiter d\u2019un tarif de stationnement pr\u00e9f\u00e9rentiel. A compter du 15\u00a0d\u00e9cembre, les Rennais \u00e9tablis dans ces zones pourront faire profiter leurs proches de <a href=\"https:\/\/presse.metropole.rennes.fr\/stationnement-le-pass-visiteur-un-nouveau-tarif-preferentiel-pour-faciliter-la-venue-des-proches\/\" target=\"_blank\" class=\"c-link c-link--is-underlined\" rel=\"noopener\">ce tarif unique \u00e0 3,20 euros la journ\u00e9e<\/a>. Un moyen de r\u00e9pondre \u00e0 une demande r\u00e9currente de la part de la population, et notamment des personnes \u00e2g\u00e9es. \u00ab\u00a0On a des habitants qui nous disaient qu\u2019ils voyaient moins de monde \u00e0 cause des probl\u00e8mes de stationnement. On ne veut pas que des personnes soient isol\u00e9es \u00e0 cause de \u00e7a, ce n\u2019est pas notre ADN. On ne veut pas p\u00e9naliser les gens\u00a0\u00bb, explique Val\u00e9rie Faucheux.<\/p>\n<p>Selon l\u2019adjointe aux mobilit\u00e9s de la ville, le constat serait notamment valable dans les secteurs r\u00e9sidentiels (zone verte) o\u00f9 le stationnement payant a \u00e9t\u00e9 \u00e9tendu. \u00ab\u00a0Nous le faisons <a href=\"https:\/\/www.20minutes.fr\/rennes\/3316635-20220628-rennes-quartiers-rendent-stationnement-payant-demande-habitants\" class=\"c-link c-link--is-underlined\" target=\"_blank\" rel=\"noopener\">\u00e0 chaque fois \u00e0 la demande des habitants<\/a>. Parce qu\u2019ils n\u2019en peuvent plus de pas pouvoir se garer \u00e0 cause des voitures ventouses.\u00a0\u00bb Dans ces zones, les r\u00e9sidents b\u00e9n\u00e9ficient d\u2019un tarif tr\u00e8s int\u00e9ressant de 80 centimes la journ\u00e9e. Mais leurs amis devaient payer plein pot. Pour 80 centimes, eux pouvaient rester gar\u00e9s\u2026 36 minutes.<\/p>\n<\/p>\n<p>Ce dispositif bient\u00f4t intronis\u00e9 \u00e0 Rennes est quasi unique en France. La ville de Nantes a bien mis en place un \u00ab\u00a0pass famille\u00a0\u00bb, mais il est r\u00e9serv\u00e9 aux personnes ayant souscrit un abonnement annuel \u00e0 180 euros, qui comprend 24 jours de gratuit\u00e9 pour accueillir ses proches. A Rennes, il faudra passer <a href=\"https:\/\/rennes.e-habitants.com\/\" rel=\"nofollow noopener\" target=\"_blank\" class=\"c-link c-link--is-underlined\">par le portail \u00ab\u00a0e-habitants\u00a0\u00bb<\/a> pour d\u00e9clarer la plaque d\u2019immatriculation de son visiteur, dans la limite de 52 visites par an.<\/p>\n<p>\u00ab\u00a0\u00c7a ne r\u00e9soudra pas le vrai probl\u00e8me\u00a0\u00bb<\/p>\n<p>Le \u00ab\u00a0pass visiteur\u00a0\u00bb sera \u00e9galement valable dans le centre-ville (zone rouge) et au m\u00eame prix. Un vrai soulagement dans ces zones o\u00f9 <a href=\"https:\/\/www.20minutes.fr\/societe\/4124227-20241202-fait-quartier-quartier-villes-proposent-stationnement-moins-cher-plus-modestes\" class=\"c-link c-link--is-underlined\" target=\"_blank\" rel=\"noopener\">l\u2019heure est normalement factur\u00e9e 2,40 euros<\/a>, et 14,40 euros au-del\u00e0 de 1h25 de stationnement. \u00ab\u00a0C\u2019est bien pour les gens qui veulent venir voir leur famille. Quand ma s\u0153ur venait, on devait aller garer sa voiture plus loin, o\u00f9 le stationnement \u00e9tait gratuit. Ce n\u2019\u00e9tait vraiment pas pratique. En plus, on s\u2019est fait ab\u00eemer la voiture deux fois\u00a0\u00bb, t\u00e9moigne Christophe.<\/p>\n<p><img decoding=\"async\" alt=\"Dans le quartier Villejean, le stationnement est gratuit mais il pose probl\u00e8me. Des voitures sont toujours gar\u00e9es sur les trottoirs.\" class=\"c-img\" loading=\"lazy\" fetchpriority=\"auto\" width=\"718\"  src=\"https:\/\/img.20mn.fr\/sNrLN9FyQRmi8HDELn4CrQ\/718x0\" \/>Dans le quartier Villejean, le stationnement est gratuit mais il pose probl\u00e8me. Des voitures sont toujours gar\u00e9es sur les trottoirs.\u2002-\u00a0C. Allain\/20 MInutes<\/p>\n<p>Lui qui habite \u00e0 deux pas de la gare de Rennes appr\u00e9cie l\u2019id\u00e9e de ce pass, mais temp\u00e8re. \u00ab\u00a0\u00c7a ne r\u00e9soudra pas le vrai probl\u00e8me du stationnement. On ne trouve jamais de place pour se garer autour de chez nous. Tu peux tourner une heure sans jamais en trouver une, sauf si tu as de la chance.\u00a0\u00bb Quand il accueille des proches, le Rennais \u00ab\u00a0se d\u00e9brouille\u00a0\u00bb et \u00ab\u00a0squatte des places libres\u00a0\u00bb du parking souterrain de son immeuble.<\/p>\n<p>Ce manque de place dans l\u2019hyper centre n\u2019est pas vraiment <a href=\"https:\/\/www.20minutes.fr\/rennes\/4161501-20250702-rennes-nombre-pv-stationnement-impaye-explose\" class=\"c-link c-link--is-underlined\" target=\"_blank\" rel=\"noopener\">contest\u00e9 par la municipalit\u00e9<\/a>. \u00ab\u00a0Mais dans les zones r\u00e9sidentielles, on en trouve toujours\u00a0\u00bb, assure Val\u00e9rie Faucheux. Quant \u00e0 ceux qui viennent des communes p\u00e9riph\u00e9riques, ils sont invit\u00e9s \u00e0 utiliser les parkings relais o\u00f9 le stationnement est gratuit, \u00e0 condition de prendre le m\u00e9tro.<\/p>\n","protected":false},"excerpt":{"rendered":"Elle a appel\u00e9 \u00e7a le \u00ab\u00a0pass visiteur\u00a0\u00bb. Lundi soir, la ville de Rennes a adopt\u00e9 ce nouveau pass&hellip;\n","protected":false},"author":2,"featured_media":574641,"comment_status":"","ping_status":"","sticky":false,"template":"","format":"standard","meta":{"footnotes":""},"categories":[2821],"tags":[1111,47,11,829,1777,674,1011,27,848,3047,766,12,16025,2636,2571,584,25,104,6173,4752],"class_list":{"0":"post-574640","1":"post","2":"type-post","3":"status-publish","4":"format-standard","5":"has-post-thumbnail","7":"category-rennes","8":"tag-actu","9":"tag-actualite","10":"tag-actualites","11":"tag-bretagne","12":"tag-eu","13":"tag-europe","14":"tag-fr","15":"tag-france","16":"tag-ille-et-vilaine","17":"tag-loire-atlantique","18":"tag-nantes","19":"tag-news","20":"tag-parking","21":"tag-pays-de-la-loire","22":"tag-personnes-agees","23":"tag-rennes","24":"tag-republique-francaise","25":"tag-societe","26":"tag-stationnement","27":"tag-voiture"},"share_on_mastodon":{"url":"https:\/\/pubeurope.com\/@fr\/115653902658188041","error":""},"_links":{"self":[{"href":"https:\/\/www.europesays.com\/fr\/wp-json\/wp\/v2\/posts\/574640","targetHints":{"allow":["GET"]}}],"collection":[{"href":"https:\/\/www.europesays.com\/fr\/wp-json\/wp\/v2\/posts"}],"about":[{"href":"https:\/\/www.europesays.com\/fr\/wp-json\/wp\/v2\/types\/post"}],"author":[{"embeddable":true,"href":"https:\/\/www.europesays.com\/fr\/wp-json\/wp\/v2\/users\/2"}],"replies":[{"embeddable":true,"href":"https:\/\/www.europesays.com\/fr\/wp-json\/wp\/v2\/comments?post=574640"}],"version-history":[{"count":0,"href":"https:\/\/www.europesays.com\/fr\/wp-json\/wp\/v2\/posts\/574640\/revisions"}],"wp:featuredmedia":[{"embeddable":true,"href":"https:\/\/www.europesays.com\/fr\/wp-json\/wp\/v2\/media\/574641"}],"wp:attachment":[{"href":"https:\/\/www.europesays.com\/fr\/wp-json\/wp\/v2\/media?parent=574640"}],"wp:term":[{"taxonomy":"category","embeddable":true,"href":"https:\/\/www.europesays.com\/fr\/wp-json\/wp\/v2\/categories?post=574640"},{"taxonomy":"post_tag","embeddable":true,"href":"https:\/\/www.europesays.com\/fr\/wp-json\/wp\/v2\/tags?post=574640"}],"curies":[{"name":"wp","href":"https:\/\/api.w.org\/{rel}","templated":true}]}}