{"id":574648,"date":"2025-12-03T05:11:14","date_gmt":"2025-12-03T05:11:14","guid":{"rendered":"https:\/\/www.europesays.com\/fr\/574648\/"},"modified":"2025-12-03T05:11:14","modified_gmt":"2025-12-03T05:11:14","slug":"lentraineur-franck-haise-sur-le-depart-apres-le-coup-de-pression-des-supporters-au-centre-dentrainement","status":"publish","type":"post","link":"https:\/\/www.europesays.com\/fr\/574648\/","title":{"rendered":"l\u2019entraineur Franck Haise sur le d\u00e9part apr\u00e8s le coup de pression des supporters au centre d\u2019entrainement"},"content":{"rendered":"<p class=\"fs-5 \">48 heures apr\u00e8s, l\u2019onde de choc n\u00e9e des d\u00e9bordements survenus dimanche 30\u00a0novembre au soir lors de la descente de <strong>400 supporters au centre d\u2019entra\u00eenement<\/strong>, suite \u00e0 la d\u00e9faite de trop contre Lorient (3-1), ne faiblit pas.<\/p>\n<p class=\"fs-5 \">Bien au contraire. Lundi, on apprenait que les joueurs du Gym <strong>J\u00e9r\u00e9mie Boga et Terem Moffi avaient port\u00e9 plainte contre X<\/strong> pour de potentiels coups re\u00e7us et qu\u2019ils s\u2019\u00e9taient mis en arr\u00eat maladie, rendant l\u2019hypoth\u00e8se de les voir un jour de nouveau porter le maillot de l\u2019OGC Nice difficilement imaginable.<\/p>\n<p>                                                                                L\u2019\u00e9pisode de trop<\/p>\n<p class=\"fs-5 \">Aujourd\u2019hui, c\u2019est <strong>son entra\u00eeneur que le Gym est sur le point de perdre<\/strong>. Apr\u00e8s s\u2019\u00eatre laiss\u00e9 le temps de la r\u00e9flexion, Franck Haise, marqu\u00e9 par la tournure des \u00e9v\u00e9nements mais aussi <strong>fatigu\u00e9 par sa perte d\u2019influence aupr\u00e8s de son groupe<\/strong>, a act\u00e9 qu\u2019il ne poursuivrait pas plus longtemps sa mission entam\u00e9e \u00e0 Nice \u00e0 l\u2019\u00e9t\u00e9 2024.<\/p>\n<p class=\"fs-5 \">Une d\u00e9cision valid\u00e9e par ses dirigeants, qu\u2019il devrait expliquer \u00e0 ses joueurs aujourd\u2019hui.<\/p>\n<p class=\"fs-5 \">Acclam\u00e9 par<strong> les supporters aupr\u00e8s desquels il garde un grand cr\u00e9dit<\/strong> et avec qui il a longuement \u00e9chang\u00e9 au fil de la soir\u00e9e de dimanche, l\u2019entra\u00eeneur ni\u00e7ois n\u2019avait pris conscience de la gravit\u00e9 de la situation que plus tard lundi au gr\u00e9 des t\u00e9moignages de ses hommes, confiant aupr\u00e8s de proches \u00eatre tr\u00e8s touch\u00e9.<\/p>\n<p class=\"fs-5 \">L\u2019\u00e9pisode de trop dans un deuxi\u00e8me chapitre ni\u00e7ois qu\u2019il imaginait bien diff\u00e9rent, apr\u00e8s la 4e place acquise l\u2019an dernier en championnat. Sa deuxi\u00e8me saison, avec un effectif qui a perdu en qualit\u00e9, avait d\u00e9but\u00e9 de fa\u00e7on bien plus compliqu\u00e9e avec une 10e place bien fragile en Ligue 1 et un z\u00e9ro point\u00e9 en Ligue Europa.<\/p>\n<p>            <img src=\"https:\/\/www.europesays.com\/fr\/wp-content\/uploads\/2025\/12\/1764738674_469_bef009b_ftp-1-kceo1sgtqhzi-rcaxxq48-supporters-ogcnice.jpg\"   loading=\"lazy\" decoding=\"async\" alt=\"L\u2019OGC Nice \u00e9tait toujours secou\u00e9 mardi par les graves incidents provoqu\u00e9s dimanche soir par quelque 200\u00a0de ses supporters, qui ont entra\u00een\u00e9 des condamnations politiques et l\u2019ouverture d\u2019une enqu\u00eate pour violences aggrav\u00e9es apr\u00e8s les plaintes d\u00e9pos\u00e9es par deux joueurs.&#10;&#10;\" class=\"img-fluid position-absolute w-100 object-fit-cover rounded-2\" width=\"600\" height=\"400\"\/><\/p>\n<p>                                                                                Une communication de moins en moins ma\u00eetris\u00e9e<\/p>\n<p class=\"fs-5 \">Depuis plusieurs semaines, alors que les d\u00e9faites s\u2019accumulaient (6 cons\u00e9cutives d\u00e9sormais) il semblait avoir perdu son vestiaire et le fil, avec une communication de moins en moins ma\u00eetris\u00e9e et empreinte de frustration.<\/p>\n<p class=\"fs-5 \">Apr\u00e8s les lourds revers contre l\u2019OM (1-5) puis Porto (3-0), Franck Haise avait r\u00e9v\u00e9l\u00e9 avoir propos\u00e9 \u00e0 son pr\u00e9sident Fabrice Bocquet, avec qui les relations sont devenues glaciales, d<strong>\u2019\u00eatre l\u2019\u00e9lectrochoc pour se sortir de la crise<\/strong> de r\u00e9sultats dans laquelle \u00e9tait plong\u00e9 le club.<\/p>\n<p class=\"fs-5 \">Sa proposition d\u2019\u00eatre limog\u00e9, alors que son contrat a \u00e9t\u00e9 prolong\u00e9 cet \u00e9t\u00e9 jusqu\u2019en 2029, n\u2019avait pas \u00e9t\u00e9 retenue par l\u2019\u00e9tat-major ni\u00e7ois.<\/p>\n<p>                                                                                Bocquet et Maurice devraient, eux, rester<\/p>\n<p class=\"fs-5 \">Les r\u00e9cents incidents, qui ont fait r\u00e9agir bien au-del\u00e0 de la sc\u00e8ne nationale, et sur lesquels la justice devra faire toute la lumi\u00e8re, ont visiblement chang\u00e9 la donne. Franck Haise a de nouveau fait part de sa volont\u00e9 de quitter le club et <strong>ses dirigeants ont cette fois accept\u00e9<\/strong>.<\/p>\n<p class=\"fs-5 \"><strong>Un accord financier devrait rapidement \u00eatre trouv\u00e9<\/strong>. Le Normand de 54 ans avait d\u00e8s dimanche soir offert deux jours de repos \u00e0 ses hommes, leur conc\u00e9dant \u00ab ne plus en pouvoir \u00bb.<\/p>\n<p class=\"fs-5 \"><strong>Le directeur du centre de formation Julien Sabl\u00e9<\/strong> pourrait \u00eatre une solution pour assurer l\u2019int\u00e9rim contre Angers dimanche \u00e0 l\u2019Allianz Riviera (15h). Seulement \u00e0 court terme ?<\/p>\n<p class=\"fs-5 \">Tout est aujourd\u2019hui possible au sein d\u2019un club qui va devoir \u00eatre fort pour redresser la barre. Le patron d\u2019Ineos Sport Jean-Claude Blanc a fait le d\u00e9placement hier \u00e0 Nice pour aider tout le monde \u00e0 y voir plus clair.<\/p>\n<p class=\"fs-5 \">Si<strong> le directeur sportif Florian Mauric<\/strong>e, qui aurait aussi re\u00e7u des coups dans la cohue sans <strong>porter plainte<\/strong>, et le pr\u00e9sident-directeur g\u00e9n\u00e9ral Fabrice Bocquet, ont pu se poser des questions sur leur avenir au sein du club, <strong>ils ne devraient pas bouger<\/strong>, d\u00e9termin\u00e9s \u00e0 mener leur mission \u00e0 bien, malgr\u00e9 les erreurs qui ont pu \u00eatre commises, et remettre le Gym sur les bons rails. Ils gardent la confiance d\u2019INEOS.<\/p>\n<p class=\"fs-5 \">La principale interrogation est de savoir comment le vestiaire aura dig\u00e9r\u00e9 les derniers \u00e9v\u00e9nements.<\/p>\n<p>                                                                                Un climat pesant<\/p>\n<p class=\"fs-5 \">Lundi, plusieurs joueurs (Abdul Samed, Bard, Louchet, Bombito&#8230;) ont \u00e9chang\u00e9 avec Fabrice Bocquet et partag\u00e9 leur col\u00e8re et leur incompr\u00e9hension quant au d\u00e9roul\u00e9 d\u2019une soir\u00e9e durant laquelle ils estiment ne pas avoir \u00e9t\u00e9 assez prot\u00e9g\u00e9s par le club.<\/p>\n<p class=\"fs-5 \"><strong>Attendu \u00e0 l\u2019entra\u00eenement ce matin<\/strong>, le groupe, encore tr\u00e8s touch\u00e9, a pr\u00e9vu de se r\u00e9unir, sans le staff, pour \u00e9voquer la suite. Plusieurs agents nous ont fait part hier d\u2019une confiance tr\u00e8s entam\u00e9e, voire d\u00e9sormais rompue, entre les joueurs et les d\u00e9cideurs ni\u00e7ois. L\u2019absence d\u2019accompagnement psychologique aurait par exemple \u00e9t\u00e9 tr\u00e8s mal v\u00e9cue.<\/p>\n<p class=\"fs-5 \">C\u2019est dans ce climat pesant et sans Franck Haise, donc, que l\u2019OGC Nice va tenter de pr\u00e9parer au mieux son prochain match. Devant son public et contre un concurrent direct au maintien. Au vu du chaos actuel, le Gym ne se bat pour rien d\u2019autre.<\/p>\n<p class=\"fs-5 \">Elle a \u00e9t\u00e9 <strong>saisie \u00e0 la suite de deux plaintes<\/strong> d\u00e9pos\u00e9es lundi par deux joueurs, Terem Moffi et J\u00e9r\u00e9mie Boga. Leur club leur a finalement embo\u00eet\u00e9 le pas hier en d\u00e9posant plainte contre X, en accord avec le propri\u00e9taire du Gym, le groupe INEOS.Cons\u00e9quence ?<\/p>\n<p class=\"fs-5 \">Le procureur de la R\u00e9publique de Nice, Damien Martinelli, a annonc\u00e9 l\u2019ouverture d\u2019une enqu\u00eate pour \u00ab violences aggrav\u00e9es, participation \u00e0 un groupement pr\u00e9parant des violences ou d\u00e9gradations et non-emp\u00eachement d\u2019un d\u00e9lit contre l\u2019int\u00e9grit\u00e9 corporelle \u00bb.<\/p>\n","protected":false},"excerpt":{"rendered":"48 heures apr\u00e8s, l\u2019onde de choc n\u00e9e des d\u00e9bordements survenus dimanche 30\u00a0novembre au soir lors de la descente&hellip;\n","protected":false},"author":2,"featured_media":574649,"comment_status":"","ping_status":"","sticky":false,"template":"","format":"standard","meta":{"footnotes":""},"categories":[2819],"tags":[1111,11,1777,674,1011,27,12,2401,54521,882,25],"class_list":{"0":"post-574648","1":"post","2":"type-post","3":"status-publish","4":"format-standard","5":"has-post-thumbnail","7":"category-nice","8":"tag-actu","9":"tag-actualites","10":"tag-eu","11":"tag-europe","12":"tag-fr","13":"tag-france","14":"tag-news","15":"tag-nice","16":"tag-ogcnice","17":"tag-provence-alpes-cote-dazur","18":"tag-republique-francaise"},"share_on_mastodon":{"url":"https:\/\/pubeurope.com\/@fr\/115653921561668562","error":""},"_links":{"self":[{"href":"https:\/\/www.europesays.com\/fr\/wp-json\/wp\/v2\/posts\/574648","targetHints":{"allow":["GET"]}}],"collection":[{"href":"https:\/\/www.europesays.com\/fr\/wp-json\/wp\/v2\/posts"}],"about":[{"href":"https:\/\/www.europesays.com\/fr\/wp-json\/wp\/v2\/types\/post"}],"author":[{"embeddable":true,"href":"https:\/\/www.europesays.com\/fr\/wp-json\/wp\/v2\/users\/2"}],"replies":[{"embeddable":true,"href":"https:\/\/www.europesays.com\/fr\/wp-json\/wp\/v2\/comments?post=574648"}],"version-history":[{"count":0,"href":"https:\/\/www.europesays.com\/fr\/wp-json\/wp\/v2\/posts\/574648\/revisions"}],"wp:featuredmedia":[{"embeddable":true,"href":"https:\/\/www.europesays.com\/fr\/wp-json\/wp\/v2\/media\/574649"}],"wp:attachment":[{"href":"https:\/\/www.europesays.com\/fr\/wp-json\/wp\/v2\/media?parent=574648"}],"wp:term":[{"taxonomy":"category","embeddable":true,"href":"https:\/\/www.europesays.com\/fr\/wp-json\/wp\/v2\/categories?post=574648"},{"taxonomy":"post_tag","embeddable":true,"href":"https:\/\/www.europesays.com\/fr\/wp-json\/wp\/v2\/tags?post=574648"}],"curies":[{"name":"wp","href":"https:\/\/api.w.org\/{rel}","templated":true}]}}