{"id":574650,"date":"2025-12-03T05:13:08","date_gmt":"2025-12-03T05:13:08","guid":{"rendered":"https:\/\/www.europesays.com\/fr\/574650\/"},"modified":"2025-12-03T05:13:08","modified_gmt":"2025-12-03T05:13:08","slug":"dans-cette-commune-au-sud-de-nantes-le-feu-dartifice-du-14-juillet-sera-tire-ce-vendredi","status":"publish","type":"post","link":"https:\/\/www.europesays.com\/fr\/574650\/","title":{"rendered":"Dans cette commune au sud de Nantes, le feu d\u2019artifice du 14\u00a0juillet sera tir\u00e9\u2026 ce vendredi"},"content":{"rendered":"<p>Comme de nombreuses communes, Vertou avait d\u00fb annuler son traditionnel feu d\u2019artifice du 14\u00a0juillet en raison des risques importants de feux de v\u00e9g\u00e9tation li\u00e9s \u00e0 la chaleur. La mairie a d\u00e9cid\u00e9 de le reporter \u00e0 ce vendredi 5\u00a0d\u00e9cembre, comme coup d\u2019envoi d\u2019un week-end de festivit\u00e9s \u00e0 quelques semaines de No\u00ebl.<\/p>\n<p>Le feu sera tir\u00e9 \u00e0 19\u00a0h\u00a030, au parc du Loiry. Le lendemain, \u00e0 partir de 16\u00a0h, place Saint-Martin, l\u2019association de commer\u00e7ants Vertou, les commerces que j\u2019aime, pr\u00e9sentera sa mascotte du P\u00e8re No\u00ebl.<\/p>\n<p>Le Secours populaire sera \u00e9galement pr\u00e9sent\u00a0: l\u2019occasion de faire don d\u2019un cadeau \u00e0 l\u2019association. \u00c0 17\u00a0h\u00a045, les chorales du Ch\u0153ur du ch\u00eane, de La Cl\u00e9 des chants et le ch\u0153ur d\u2019enfants de l\u2019\u00e9cole de musique accompagneront en chansons le traditionnel allumage des illuminations de No\u00ebl. Celui-ci sera suivi d\u2019une distribution de vin chaud, chocolat chaud et brioches.<\/p>\n<p>\u00a0<\/p>\n","protected":false},"excerpt":{"rendered":"Comme de nombreuses communes, Vertou avait d\u00fb annuler son traditionnel feu d\u2019artifice du 14\u00a0juillet en raison des risques&hellip;\n","protected":false},"author":2,"featured_media":574651,"comment_status":"","ping_status":"","sticky":false,"template":"","format":"standard","meta":{"footnotes":""},"categories":[2818],"tags":[5659,9638,1111,11,38471,7052,49832,1777,674,1312,1011,27,2868,766,12,2636,25,7053,19455,6949],"class_list":{"0":"post-574650","1":"post","2":"type-post","3":"status-publish","4":"format-standard","5":"has-post-thumbnail","7":"category-nantes","8":"tag-5659","9":"tag-9638","10":"tag-actu","11":"tag-actualites","12":"tag-artifice","13":"tag-commune","14":"tag-decembre","15":"tag-eu","16":"tag-europe","17":"tag-feu","18":"tag-fr","19":"tag-france","20":"tag-juillet","21":"tag-nantes","22":"tag-news","23":"tag-pays-de-la-loire","24":"tag-republique-francaise","25":"tag-sud","26":"tag-tire","27":"tag-vendredi"},"share_on_mastodon":{"url":"","error":""},"_links":{"self":[{"href":"https:\/\/www.europesays.com\/fr\/wp-json\/wp\/v2\/posts\/574650","targetHints":{"allow":["GET"]}}],"collection":[{"href":"https:\/\/www.europesays.com\/fr\/wp-json\/wp\/v2\/posts"}],"about":[{"href":"https:\/\/www.europesays.com\/fr\/wp-json\/wp\/v2\/types\/post"}],"author":[{"embeddable":true,"href":"https:\/\/www.europesays.com\/fr\/wp-json\/wp\/v2\/users\/2"}],"replies":[{"embeddable":true,"href":"https:\/\/www.europesays.com\/fr\/wp-json\/wp\/v2\/comments?post=574650"}],"version-history":[{"count":0,"href":"https:\/\/www.europesays.com\/fr\/wp-json\/wp\/v2\/posts\/574650\/revisions"}],"wp:featuredmedia":[{"embeddable":true,"href":"https:\/\/www.europesays.com\/fr\/wp-json\/wp\/v2\/media\/574651"}],"wp:attachment":[{"href":"https:\/\/www.europesays.com\/fr\/wp-json\/wp\/v2\/media?parent=574650"}],"wp:term":[{"taxonomy":"category","embeddable":true,"href":"https:\/\/www.europesays.com\/fr\/wp-json\/wp\/v2\/categories?post=574650"},{"taxonomy":"post_tag","embeddable":true,"href":"https:\/\/www.europesays.com\/fr\/wp-json\/wp\/v2\/tags?post=574650"}],"curies":[{"name":"wp","href":"https:\/\/api.w.org\/{rel}","templated":true}]}}