{"id":574654,"date":"2025-12-03T05:15:13","date_gmt":"2025-12-03T05:15:13","guid":{"rendered":"https:\/\/www.europesays.com\/fr\/574654\/"},"modified":"2025-12-03T05:15:13","modified_gmt":"2025-12-03T05:15:13","slug":"la-meteo-a-bordeaux-du-mercredi-3-decembre-2025","status":"publish","type":"post","link":"https:\/\/www.europesays.com\/fr\/574654\/","title":{"rendered":"La m\u00e9t\u00e9o \u00e0 Bordeaux du mercredi 3 d\u00e9cembre 2025"},"content":{"rendered":"<p><strong>Pr\u00e9visions M\u00e9t\u00e9o \u00e0 Bordeaux demain<\/strong><\/p>\n<p>Des pr\u00e9cipitations diffuses sont attendues demain. La temp\u00e9rature enregistrera une moyenne de 10\u00b0C. On sentira une brise de 15 km\/h. La temp\u00e9rature ext\u00e9rieure \u00e9galera les 10\u00b0C le matin. Nous pr\u00e9voyons 11\u00b0C en moyenne demain apr\u00e8s-midi, une temp\u00e9rature moyenne au-dessus des valeurs normales en cette saison. Demain soir, le mercure sera autour de 9\u00b0C.<\/p>\n<p><strong>M\u00e9t\u00e9o \u00e0 Bordeaux pour les prochains jours<\/strong><\/p>\n","protected":false},"excerpt":{"rendered":"Pr\u00e9visions M\u00e9t\u00e9o \u00e0 Bordeaux demain Des pr\u00e9cipitations diffuses sont attendues demain. La temp\u00e9rature enregistrera une moyenne de 10\u00b0C.&hellip;\n","protected":false},"author":2,"featured_media":574655,"comment_status":"","ping_status":"","sticky":false,"template":"","format":"standard","meta":{"footnotes":""},"categories":[2817],"tags":[1111,11,1997,1777,674,1011,27,12,2219,25],"class_list":{"0":"post-574654","1":"post","2":"type-post","3":"status-publish","4":"format-standard","5":"has-post-thumbnail","7":"category-bordeaux","8":"tag-actu","9":"tag-actualites","10":"tag-bordeaux","11":"tag-eu","12":"tag-europe","13":"tag-fr","14":"tag-france","15":"tag-news","16":"tag-nouvelle-aquitaine","17":"tag-republique-francaise"},"share_on_mastodon":{"url":"https:\/\/pubeurope.com\/@fr\/115653936769102733","error":""},"_links":{"self":[{"href":"https:\/\/www.europesays.com\/fr\/wp-json\/wp\/v2\/posts\/574654","targetHints":{"allow":["GET"]}}],"collection":[{"href":"https:\/\/www.europesays.com\/fr\/wp-json\/wp\/v2\/posts"}],"about":[{"href":"https:\/\/www.europesays.com\/fr\/wp-json\/wp\/v2\/types\/post"}],"author":[{"embeddable":true,"href":"https:\/\/www.europesays.com\/fr\/wp-json\/wp\/v2\/users\/2"}],"replies":[{"embeddable":true,"href":"https:\/\/www.europesays.com\/fr\/wp-json\/wp\/v2\/comments?post=574654"}],"version-history":[{"count":0,"href":"https:\/\/www.europesays.com\/fr\/wp-json\/wp\/v2\/posts\/574654\/revisions"}],"wp:featuredmedia":[{"embeddable":true,"href":"https:\/\/www.europesays.com\/fr\/wp-json\/wp\/v2\/media\/574655"}],"wp:attachment":[{"href":"https:\/\/www.europesays.com\/fr\/wp-json\/wp\/v2\/media?parent=574654"}],"wp:term":[{"taxonomy":"category","embeddable":true,"href":"https:\/\/www.europesays.com\/fr\/wp-json\/wp\/v2\/categories?post=574654"},{"taxonomy":"post_tag","embeddable":true,"href":"https:\/\/www.europesays.com\/fr\/wp-json\/wp\/v2\/tags?post=574654"}],"curies":[{"name":"wp","href":"https:\/\/api.w.org\/{rel}","templated":true}]}}