{"id":574664,"date":"2025-12-03T05:22:14","date_gmt":"2025-12-03T05:22:14","guid":{"rendered":"https:\/\/www.europesays.com\/fr\/574664\/"},"modified":"2025-12-03T05:22:14","modified_gmt":"2025-12-03T05:22:14","slug":"des-tiers-lieux-comme-a-la-maison-pour-les-etudiants","status":"publish","type":"post","link":"https:\/\/www.europesays.com\/fr\/574664\/","title":{"rendered":"Des tiers-lieux \u00ab\u00a0comme \u00e0 la maison\u00a0\u00bb pour les \u00e9tudiants"},"content":{"rendered":"<p>                <strong>Pour lutter contre l\u2019isolement que peuvent ressentir certains \u00e9tudiants, le Crous a ouvert des tiers-lieux \u00e0 Marseille et Aix-en-Provence. Am\u00e9nag\u00e9s de sorte qu\u2019ils s\u2019y sentent \u00e0 l\u2019aise et comme chez eux, ils sont \u00e9galement le th\u00e9\u00e2tre de nombreuses activit\u00e9s qui favorisent les rencontres et la cr\u00e9ation de liens entre jeunes.<\/strong><\/p>\n<p>Tous les soirs, du dimanche au jeudi, c\u2019est l\u2019effervescence \u00e0 l\u2019(S)pace Galinat de Marseille., Install\u00e9 au-dessus du resto universitaire du m\u00eame nom, \u00e0 quelques pas du campus de la Timone (5earrondissement), ce tiers-lieu accueille une bonne cinquantaine d\u2019\u00e9tudiants d\u00e8s la fin de la journ\u00e9e et jusqu\u2019au d\u00e9but de soir\u00e9e. Ils sont m\u00eame encore plus nombreux ce mercredi de novembre, attir\u00e9s par la friperie bisannuelle. \u00ab\u00a0On allait manger quand on a vu la pancarte indiquant l\u2019\u00e9v\u00e9nement. \u00c7a nous a donn\u00e9 envie de venir \u00bb, explique L\u00e9na. La future m\u00e9decin n\u2019a pas trouv\u00e9 son bonheur parmi la multitude de fringues \u00e0 disposition. Elle a n\u00e9anmoins prolong\u00e9 sa visite en participant \u00e0 l\u2019atelier upcycling. Avec Anna et Milla, le trio de copines se confectionne une trousse dans ce qui \u00e9tait autrefois un jean, sous les conseils avis\u00e9s de Maria, l\u2019animatrice.\u00ab\u00a0On pourra y mettre nos Stabilos\u00a0\u00bb,plaisantent les jeunes femmes.<\/p>\n<p><strong>\u2666 Lire aussi l\u2019article <\/strong><a style=\"color: #ff6600;\" href=\"https:\/\/www.marcelle.media\/colocation-etudiante-version-solidaire\/\" target=\"_blank\" rel=\"noopener\"><strong>\u00ab\u00a0Colocation \u00e9tudiante, version solidaire\u00a0\u00bb<\/strong><\/a><br \/>\n<strong>Karaok\u00e9, poterie, cuisine\u2026<\/strong><br \/>\n<a href=\"https:\/\/www.marcelle.media\/wp-content\/uploads\/2025\/12\/tiers-lieu-etudiant-aix-marseille.jpg\" target=\"_blank\" rel=\"noopener\"><img fetchpriority=\"high\" decoding=\"async\" class=\"wp-image-59552\" src=\"data:image\/svg+xml,%3Csvg%20xmlns=\" http:=\"\" alt=\"tiers-lieu-etudiant-aix-marseille\" width=\"500\" height=\"286\" data-lazy- data-lazy- data-lazy-src=\"https:\/\/www.europesays.com\/fr\/wp-content\/uploads\/2025\/12\/tiers-lieu-etudiant-aix-marseille-825x472.jpg\"\/><\/a>Plus de 150 r\u00e9f\u00e9rences de jeux de soci\u00e9t\u00e9 sont disponibles \u00a9 Agathe Perrier<\/p>\n<p>Cet atelier, programm\u00e9 une fois par semaine depuis octobre, se r\u00e9v\u00e8le particuli\u00e8rement pl\u00e9biscit\u00e9 par les \u00e9tudiants. \u00ab\u00a0On l\u2019a test\u00e9 \u00e0 plusieurs reprises l\u2019ann\u00e9e derni\u00e8re et chaque fois il y a eu du monde, donc on l\u2019a p\u00e9rennis\u00e9\u00a0\u00bb, expose \u00c9lisabeth Aktas, responsable du p\u00f4le vie \u00e9tudiante et de campus du Crous Aix-Marseille Avignon, propri\u00e9taire et gestionnaire des murs (lire <strong>bonus<\/strong>). Et c\u2019est loin d\u2019\u00eatre le seul \u00e0 afficher r\u00e9guli\u00e8rement complet. Les soir\u00e9es karaok\u00e9 font aussi fureur tout comme, globalement, les sessions manuelles telles que la poterie ou la peinture.<\/p>\n<p>Les id\u00e9es de nouvelles activit\u00e9s \u00e9manent de l\u2019\u00e9quipe, souvent inspir\u00e9e par les remont\u00e9es du terrain. \u00ab\u00a0Notre but est de proposer des animations qui plaisent aux jeunes, mais aussi qu\u2019ils en d\u00e9couvrent d\u2019autres auxquelles ils n\u2019ont pas forc\u00e9ment pens\u00e9 ou pas acc\u00e8s\u00a0\u00bb, compl\u00e8te Medhi Metwaly, charg\u00e9 de projet au Crous. C\u2019est ainsi que des ateliers culinaires ont \u00e9t\u00e9 lanc\u00e9s, assur\u00e9s par un prestataire nutritionniste. En plus d\u2019\u00eatre sensibilis\u00e9s sur l\u2019importance d\u2019une alimentation saine et \u00e9quilibr\u00e9e, les jeunes apprennent \u00e0 r\u00e9aliser des recettes go\u00fbteuses, pas ch\u00e8res et faciles \u00e0 reproduire dans un appart\u2019 \u00e9tudiant. Avant de s\u2019attabler tous ensemble pour partager les bons petits plats concoct\u00e9s.<\/p>\n<p><strong>\u2666\u00a0Venir aux (S)pace du Crous \u2013 <\/strong>Ils sont ouverts du dimanche au jeudi, de 18h \u00e0 22h. Entr\u00e9e libre et gratuite. Le planning des animations figure sur leur compte Instagram : <a style=\"color: #333399;\" href=\"https:\/\/www.instagram.com\/spacegalinat\/\" target=\"_blank\" rel=\"noopener\">en cliquant ici pour celui de Marseille<\/a>, pr\u00e8s du campus de la Timone, <a style=\"color: #333399;\" href=\"https:\/\/www.instagram.com\/spacelesgazelles\/\" target=\"_blank\" rel=\"noopener\">et ici pour celui d\u2019Aix-en-Provence<\/a>, au campus des Gazelles.<br \/>\n<strong>Participer ou juste chiller<\/strong><\/p>\n<p>Chaque soir d\u2019ouverture est rythm\u00e9 par deux \u00e0 trois activit\u00e9s (<strong>bonus<\/strong>). Mais c\u2019est juste une option. Les \u00e9tudiants peuvent venir simplement pour \u00ab chiller \u00bb (prendre du bon temps, pour ceux qui ne pratiquent pas la novlangue). L\u2019espace a ainsi \u00e9t\u00e9 am\u00e9nag\u00e9 selon diff\u00e9rentes atmosph\u00e8res. \u00c0 l\u2019entr\u00e9e, c\u2019est ambiance de pub avec billard, baby-foot et fl\u00e9chettes. Plus loin, un grand placard renferme des dizaines de jeux de soci\u00e9t\u00e9, fournis gracieusement par la maison d\u2019\u00e9dition Asmodee dans le cadre d\u2019un partenariat nou\u00e9 avec le Crous. Et le coin t\u00e9l\u00e9 est l\u2019occasion de soir\u00e9es conviviales devant un film ou un match de foot. Voire de parties de jeux vid\u00e9o endiabl\u00e9es gr\u00e2ce \u00e0 la console qui l\u2019accompagne.<\/p>\n<p>C\u00f4t\u00e9 d\u00e9co, des \u00e9clairages indirects, par le biais de lampes d\u2019appoint et de lampadaires, cassent l\u2019effet froid des n\u00e9ons d\u2019origine \u2013 l\u2019endroit est une ancienne caf\u00e9t\u00e9ria. Un grand canap\u00e9 fleuri c\u00f4toie de larges fauteuils capitonn\u00e9s ainsi que des chaises et des tables en bois d\u00e9pareill\u00e9es.\u00ab On a fait appel \u00e0 un tapissier d\u2019ameublement qui a sp\u00e9cialement chin\u00e9 pour nous du mobilier et l\u2019a remis \u00e0 neuf \u00bb, pr\u00e9cise \u00c9lisabeth Aktas. Un univers qui rappelle celui du c\u00e9l\u00e8bre \u00ab\u00a0Central Perk\u00a0\u00bb, le caf\u00e9 fictif de la s\u00e9rie \u00ab\u00a0Friends\u00a0\u00bb o\u00f9 les personnages aiment se retrouver. \u00ab\u00a0Nous voulions que les \u00e9tudiants se sentent \u00e0 l\u2019aise et comme \u00e0 la maison\u00a0\u00bb, glisse Medhi Metwaly.<\/p>\n<p><strong>\u2666 Lire aussi l\u2019article <\/strong><a style=\"color: #ff6600;\" href=\"https:\/\/www.marcelle.media\/clarnie-rapproche-agriculteurs-et-main-doeuvre-etudiante\/\" target=\"_blank\" rel=\"noopener\"><strong>\u00ab Clarnie rapproche agriculteurs et main-d\u2019\u0153uvre \u00e9tudiante \u00bb<\/strong><\/a><br \/>\n<strong>Rompre l\u2019isolement<\/strong><br \/>\n<a href=\"https:\/\/www.marcelle.media\/wp-content\/uploads\/2025\/12\/tiers-lieu-space-crous-aix-marseille-avignon-rotated.jpg\" target=\"_blank\" rel=\"noopener\"><img loading=\"lazy\" decoding=\"async\" class=\"wp-image-59557\" src=\"data:image\/svg+xml,%3Csvg%20xmlns=\" http:=\"\" alt=\"tiers-lieu-space-crous-aix-marseille-avignon\" width=\"500\" height=\"333\" data-lazy- data-lazy- data-lazy-src=\"https:\/\/www.europesays.com\/fr\/wp-content\/uploads\/2025\/12\/tiers-lieu-space-crous-aix-marseille-avignon-825x550.jpg\"\/><\/a>Milla, L\u00e9na et Anna ont profit\u00e9 des conseils de Maria lors de l\u2019atelier upcycling \u00a9 AP<\/p>\n<p>Pari r\u00e9ussi, en t\u00e9moigne la fr\u00e9quentation. Stessi y vient au moins une fois par semaine, selon le planning des activit\u00e9s. Parfois accompagn\u00e9e de Lola, comme aujourd\u2019hui, parfois non. \u00ab\u00a0On est tout de suite bien int\u00e9gr\u00e9, m\u00eame si on n\u2019est jamais venu\u00a0\u00bb, assure celle qui, comme son sweat \u00e0 capuche le laisse supposer, suit un cursus en pharmacie. Et son amie, qui se pr\u00e9destine au m\u00e9tier de kin\u00e9, d\u2019ajouter\u00a0: \u00ab C\u2019est un peu intimidant la premi\u00e8re fois, mais on se rend vite compte qu\u2019on est juste entre gens du m\u00eame \u00e2ge et qu\u2019il n\u2019y a pas de raison de se sentir g\u00ean\u00e9 \u00bb.<\/p>\n<p>Nombre d\u2019\u00e9tudiants n\u2019h\u00e9sitent d\u2019ailleurs pas \u00e0 franchir la porte de l\u2019(S)pace Galinat seuls pour rencontrer d\u2019autres jeunes. C\u2019est justement l\u2019une des raisons d\u2019\u00eatre de ce lieu de vie, qui s\u2019est impos\u00e9 parmi les projets du Crous lorsque la pand\u00e9mie de Covid-19 a mis en lumi\u00e8re le sentiment d\u2019isolement ressenti par certains \u00e9tudiants. \u00ab\u00a0C\u2019est plus facile de cr\u00e9er des liens au cours d\u2019un atelier que sur un banc d\u2019amphi\u00a0\u00bb, souligne \u00c9lisabeth Aktas. Et ce ne sont pas les concern\u00e9s qui diront le contraire.<\/p>\n<p><strong>Un mod\u00e8le \u00e0 dupliquer<\/strong><\/p>\n<p>Le Crous a ouvert son premier tiers-lieu \u00e0 Aix-en-Provence en septembre 2023 (<strong>bonus<\/strong>). Puis le site marseillais en f\u00e9vrier 2025. Prochain objectif\u00a0: Avignon. \u00ab Il devrait voir le jour dans une extension de notre site sur l\u2019Agroparc\u00a0(ndlr\u00a0: le technop\u00f4le de la ville). On propose en attendant des animations et des ateliers aux \u00e9tudiants \u00bb, indiquent les responsables. Le succ\u00e8s \u00e9tant d\u00e9j\u00e0 au rendez-vous, le futur (S)pace de la Cit\u00e9 des papes est promis, lui aussi, \u00e0 ne pas d\u00e9semplir. \u2666<\/p>\n<p><strong>* La Cri\u00e9e \u2013 Th\u00e9\u00e2tre national de Marseille, parraine la rubrique \u00e9ducation et vous offre la lecture de cet article *<\/strong><\/p>\n<p><strong>Bonus\u00a0<\/strong><\/p>\n<p><strong>[pour les abonn\u00e9s]<\/strong> Le financement de ces tiers-lieux \u2013 Les missions du Crous \u2013 La pr\u00e9carit\u00e9 \u00e9tudiante en 2025 \u2013<\/p>\n<p>            <script async src=\"\/\/www.instagram.com\/embed.js\"><\/script><\/p>\n","protected":false},"excerpt":{"rendered":"Pour lutter contre l\u2019isolement que peuvent ressentir certains \u00e9tudiants, le Crous a ouvert des tiers-lieux \u00e0 Marseille et&hellip;\n","protected":false},"author":2,"featured_media":574665,"comment_status":"","ping_status":"","sticky":false,"template":"","format":"standard","meta":{"footnotes":""},"categories":[2814],"tags":[1111,11,1777,674,1011,27,884,12,882,25],"class_list":{"0":"post-574664","1":"post","2":"type-post","3":"status-publish","4":"format-standard","5":"has-post-thumbnail","7":"category-marseille","8":"tag-actu","9":"tag-actualites","10":"tag-eu","11":"tag-europe","12":"tag-fr","13":"tag-france","14":"tag-marseille","15":"tag-news","16":"tag-provence-alpes-cote-dazur","17":"tag-republique-francaise"},"share_on_mastodon":{"url":"","error":""},"_links":{"self":[{"href":"https:\/\/www.europesays.com\/fr\/wp-json\/wp\/v2\/posts\/574664","targetHints":{"allow":["GET"]}}],"collection":[{"href":"https:\/\/www.europesays.com\/fr\/wp-json\/wp\/v2\/posts"}],"about":[{"href":"https:\/\/www.europesays.com\/fr\/wp-json\/wp\/v2\/types\/post"}],"author":[{"embeddable":true,"href":"https:\/\/www.europesays.com\/fr\/wp-json\/wp\/v2\/users\/2"}],"replies":[{"embeddable":true,"href":"https:\/\/www.europesays.com\/fr\/wp-json\/wp\/v2\/comments?post=574664"}],"version-history":[{"count":0,"href":"https:\/\/www.europesays.com\/fr\/wp-json\/wp\/v2\/posts\/574664\/revisions"}],"wp:featuredmedia":[{"embeddable":true,"href":"https:\/\/www.europesays.com\/fr\/wp-json\/wp\/v2\/media\/574665"}],"wp:attachment":[{"href":"https:\/\/www.europesays.com\/fr\/wp-json\/wp\/v2\/media?parent=574664"}],"wp:term":[{"taxonomy":"category","embeddable":true,"href":"https:\/\/www.europesays.com\/fr\/wp-json\/wp\/v2\/categories?post=574664"},{"taxonomy":"post_tag","embeddable":true,"href":"https:\/\/www.europesays.com\/fr\/wp-json\/wp\/v2\/tags?post=574664"}],"curies":[{"name":"wp","href":"https:\/\/api.w.org\/{rel}","templated":true}]}}