{"id":574670,"date":"2025-12-03T05:25:16","date_gmt":"2025-12-03T05:25:16","guid":{"rendered":"https:\/\/www.europesays.com\/fr\/574670\/"},"modified":"2025-12-03T05:25:16","modified_gmt":"2025-12-03T05:25:16","slug":"marseille-nantes-lyon-rennes-grenoble-ces-villes-ou-ps-et-ecolos-ont-deja-opte-pour-le-mariage-de-raison-liberation","status":"publish","type":"post","link":"https:\/\/www.europesays.com\/fr\/574670\/","title":{"rendered":"Marseille, Nantes, Lyon, Rennes, Grenoble\u2026 Ces villes o\u00f9 PS et \u00e9colos ont d\u00e9j\u00e0 opt\u00e9 pour le mariage de raison \u2013 Lib\u00e9ration"},"content":{"rendered":"<p class=\"sc-cPiKLX AiZTS text-element\">Le nuancier prend forme. A trois mois et demi du premier tour des \u00e9lections municipales des 15 et 22 mars, le rose, le vert et m\u00eame souvent le rouge se marient finalement plut\u00f4t bien \u00e0 gauche : si <a href=\"https:\/\/www.liberation.fr\/politique\/la-longue-marche-des-insoumis-va-franchir-une-etape-en-seine-saint-denis-jean-luc-melenchon-lance-son-offensive-pour-les-elections-municipales-20251123_DQDHWFZ7TZBN7DQOC77UQERQXE\/\" target=\"_blank\" rel=\"noreferrer noopener\" title=\"https:\/\/www.liberation.fr\/politique\/la-longue-marche-des-insoumis-va-franchir-une-etape-en-seine-saint-denis-jean-luc-melenchon-lance-son-offensive-pour-les-elections-municipales-20251123_DQDHWFZ7TZBN7DQOC77UQERQXE\/\">les insoumis multiplient, contrairement \u00e0 leurs habitudes pass\u00e9es, les listes en leur nom propre<\/a>, socialistes, \u00e9cologistes et communistes font cause commune dans la majorit\u00e9 des grandes villes qu\u2019ils dirigent d\u00e9j\u00e0 ou qu\u2019ils veulent prendre \u00e0 la droite. De Lyon \u00e0 Nantes en passant par Rennes, Grenoble et Marseille (sans parler <a href=\"https:\/\/www.liberation.fr\/politique\/municipales-2026-au-havre-la-gauche-fera-presque-front-commun-face-a-edouard-philippe-20251114_BVMAOTI7NZAFJBYQ7NKK3FBTZ4\/\" target=\"_blank\" rel=\"noreferrer noopener\" title=\"https:\/\/www.liberation.fr\/politique\/municipales-2026-au-havre-la-gauche-fera-presque-front-commun-face-a-edouard-philippe-20251114_BVMAOTI7NZAFJBYQ7NKK3FBTZ4\/\">du Havre<\/a>, de Toulouse, de Saint-Etienne ou, bient\u00f4t, de Bordeaux), finie la concurrence au premier tour : entre ma<\/p>\n","protected":false},"excerpt":{"rendered":"Le nuancier prend forme. A trois mois et demi du premier tour des \u00e9lections municipales des 15 et&hellip;\n","protected":false},"author":2,"featured_media":574671,"comment_status":"","ping_status":"","sticky":false,"template":"","format":"standard","meta":{"footnotes":""},"categories":[1889],"tags":[1111,11,2430,6469,9607,1777,674,1011,27,2428,5945,68899,68759,12,25],"class_list":{"0":"post-574670","1":"post","2":"type-post","3":"status-publish","4":"format-standard","5":"has-post-thumbnail","7":"category-lyon","8":"tag-actu","9":"tag-actualites","10":"tag-auvergne-rhone-alpes","11":"tag-benoit-payan","12":"tag-eric-piolle","13":"tag-eu","14":"tag-europe","15":"tag-fr","16":"tag-france","17":"tag-lyon","18":"tag-municipales-elections","19":"tag-municipales-elections-lyon","20":"tag-municipales-elections-marseille","21":"tag-news","22":"tag-republique-francaise"},"share_on_mastodon":{"url":"https:\/\/pubeurope.com\/@fr\/115653975977079734","error":""},"_links":{"self":[{"href":"https:\/\/www.europesays.com\/fr\/wp-json\/wp\/v2\/posts\/574670","targetHints":{"allow":["GET"]}}],"collection":[{"href":"https:\/\/www.europesays.com\/fr\/wp-json\/wp\/v2\/posts"}],"about":[{"href":"https:\/\/www.europesays.com\/fr\/wp-json\/wp\/v2\/types\/post"}],"author":[{"embeddable":true,"href":"https:\/\/www.europesays.com\/fr\/wp-json\/wp\/v2\/users\/2"}],"replies":[{"embeddable":true,"href":"https:\/\/www.europesays.com\/fr\/wp-json\/wp\/v2\/comments?post=574670"}],"version-history":[{"count":0,"href":"https:\/\/www.europesays.com\/fr\/wp-json\/wp\/v2\/posts\/574670\/revisions"}],"wp:featuredmedia":[{"embeddable":true,"href":"https:\/\/www.europesays.com\/fr\/wp-json\/wp\/v2\/media\/574671"}],"wp:attachment":[{"href":"https:\/\/www.europesays.com\/fr\/wp-json\/wp\/v2\/media?parent=574670"}],"wp:term":[{"taxonomy":"category","embeddable":true,"href":"https:\/\/www.europesays.com\/fr\/wp-json\/wp\/v2\/categories?post=574670"},{"taxonomy":"post_tag","embeddable":true,"href":"https:\/\/www.europesays.com\/fr\/wp-json\/wp\/v2\/tags?post=574670"}],"curies":[{"name":"wp","href":"https:\/\/api.w.org\/{rel}","templated":true}]}}