{"id":574674,"date":"2025-12-03T05:28:13","date_gmt":"2025-12-03T05:28:13","guid":{"rendered":"https:\/\/www.europesays.com\/fr\/574674\/"},"modified":"2025-12-03T05:28:13","modified_gmt":"2025-12-03T05:28:13","slug":"dans-le-tennessee-une-victoire-republicaine-etriquee-lors-dune-election-partielle-envoie-un-mauvais-signal-au-camp-trumpiste","status":"publish","type":"post","link":"https:\/\/www.europesays.com\/fr\/574674\/","title":{"rendered":"Dans le Tennessee, une victoire r\u00e9publicaine \u00e9triqu\u00e9e lors d\u2019une \u00e9lection partielle envoie un mauvais signal au camp trumpiste"},"content":{"rendered":"<p>                     <img loading=\"lazy\" decoding=\"async\" src=\"https:\/\/www.europesays.com\/fr\/wp-content\/uploads\/2025\/12\/cdea6b9_ftp-1-8vxfte0sjve7-5583561-01-06.jpg\" alt=\"Le repr\u00e9sentant \u00e0 la Chambre r\u00e9publicain nouvellement \u00e9lu Matt Van Epps prononce son discours de victoire, \u00e0 Nashville, Tennessee, le 2\u00a0d\u00e9cembre\u00a02025.\"   width=\"664\" height=\"443\"\/>    Le repr\u00e9sentant \u00e0 la Chambre r\u00e9publicain nouvellement \u00e9lu Matt Van Epps prononce son discours de victoire, \u00e0 Nashville, Tennessee, le 2\u00a0d\u00e9cembre\u00a02025.  BRETT CARLSEN \/ AFP                 <\/p>\n<p class=\"article__paragraph  \">Certaines victoires rassurent surtout le camp d\u00e9fait. Ainsi peut se lire le r\u00e9sultat de l\u2019\u00e9lection pour un poste \u00e0 la Chambre des repr\u00e9sentants, tenue mardi 2\u00a0d\u00e9cembre dans le 7e district du Tennessee. La logique a \u00e9t\u00e9 respect\u00e9e\u00a0: un r\u00e9publicain, Matt Van Epps, l\u2019a emport\u00e9 dans cette circonscription extr\u00eamement conservatrice, largement rurale, comprenant Nashville et 13\u00a0comt\u00e9s \u00e0 l\u2019ouest de cette ville. Mais dans ce scrutin \u00e0 la dimension nationale, suivie par toutes les cha\u00eenes d\u2019information et les \u00e9tats-majors, la marge de cette victoire \u2013 un peu moins de 9\u00a0% \u2013 face \u00e0 la d\u00e9mocrate Aftyn Behn, constitue un avertissement cinglant adress\u00e9 \u00e0 la Maison Blanche. Dans ce m\u00eame 7e district, Donald Trump l\u2019avait emport\u00e9 il y a un an, avec 22\u00a0points d\u2019avance sur Kamala Harris. Sa marge \u00e9tait de 15\u00a0points en\u00a02020.<\/p>\n<p class=\"article__paragraph  \">Dans la derni\u00e8re ligne droite, les deux camps ont soudain commenc\u00e9 \u00e0 pr\u00eater attention \u00e0 cette \u00e9lection, tandis que les sondages dessinaient une course de plus en plus serr\u00e9e. Une mobilisation ultime, le jour m\u00eame du scrutin, des \u00e9lecteurs conservateurs a permis d\u2019assurer la victoire.<\/p>\n<p class=\"reading-mode-only \"><strong>Il vous reste 80.68% de cet article \u00e0 lire. La suite est r\u00e9serv\u00e9e aux abonn\u00e9s.<\/strong><\/p>\n","protected":false},"excerpt":{"rendered":"Le repr\u00e9sentant \u00e0 la Chambre r\u00e9publicain nouvellement \u00e9lu Matt Van Epps prononce son discours de victoire, \u00e0 Nashville,&hellip;\n","protected":false},"author":2,"featured_media":574675,"comment_status":"","ping_status":"","sticky":false,"template":"","format":"standard","meta":{"footnotes":""},"categories":[1888],"tags":[1111,1928,11,1927,1777,674,1011,27,12,1926,626,1925,25],"class_list":{"0":"post-574674","1":"post","2":"type-post","3":"status-publish","4":"format-standard","5":"has-post-thumbnail","7":"category-paris","8":"tag-actu","9":"tag-actu-paris","10":"tag-actualites","11":"tag-actualites-paris","12":"tag-eu","13":"tag-europe","14":"tag-fr","15":"tag-france","16":"tag-news","17":"tag-news-paris","18":"tag-paris","19":"tag-paris-news","20":"tag-republique-francaise"},"share_on_mastodon":{"url":"https:\/\/pubeurope.com\/@fr\/115653989374581880","error":""},"_links":{"self":[{"href":"https:\/\/www.europesays.com\/fr\/wp-json\/wp\/v2\/posts\/574674","targetHints":{"allow":["GET"]}}],"collection":[{"href":"https:\/\/www.europesays.com\/fr\/wp-json\/wp\/v2\/posts"}],"about":[{"href":"https:\/\/www.europesays.com\/fr\/wp-json\/wp\/v2\/types\/post"}],"author":[{"embeddable":true,"href":"https:\/\/www.europesays.com\/fr\/wp-json\/wp\/v2\/users\/2"}],"replies":[{"embeddable":true,"href":"https:\/\/www.europesays.com\/fr\/wp-json\/wp\/v2\/comments?post=574674"}],"version-history":[{"count":0,"href":"https:\/\/www.europesays.com\/fr\/wp-json\/wp\/v2\/posts\/574674\/revisions"}],"wp:featuredmedia":[{"embeddable":true,"href":"https:\/\/www.europesays.com\/fr\/wp-json\/wp\/v2\/media\/574675"}],"wp:attachment":[{"href":"https:\/\/www.europesays.com\/fr\/wp-json\/wp\/v2\/media?parent=574674"}],"wp:term":[{"taxonomy":"category","embeddable":true,"href":"https:\/\/www.europesays.com\/fr\/wp-json\/wp\/v2\/categories?post=574674"},{"taxonomy":"post_tag","embeddable":true,"href":"https:\/\/www.europesays.com\/fr\/wp-json\/wp\/v2\/tags?post=574674"}],"curies":[{"name":"wp","href":"https:\/\/api.w.org\/{rel}","templated":true}]}}