{"id":574676,"date":"2025-12-03T05:29:19","date_gmt":"2025-12-03T05:29:19","guid":{"rendered":"https:\/\/www.europesays.com\/fr\/574676\/"},"modified":"2025-12-03T05:29:19","modified_gmt":"2025-12-03T05:29:19","slug":"paris-quatre-hommes-soupconnes-du-viol-dune-adolescente-de-13-ans-dans-les-toilettes-dun-kfc-aux-halles","status":"publish","type":"post","link":"https:\/\/www.europesays.com\/fr\/574676\/","title":{"rendered":"Paris : Quatre hommes soup\u00e7onn\u00e9s du viol d\u2019une adolescente de 13 ans dans les toilettes d\u2019un KFC aux Halles"},"content":{"rendered":"<p class=\"mb-4 text-lg md:leading-8 break-words\"><strong>Cauchemar &#8211; La jeune fille a indiqu\u00e9 aux policiers qu\u2019elle passait la soir\u00e9e dans le centre de Paris avant d\u2019\u00eatre agress\u00e9e et viol\u00e9e par quatre hommes qui ont, par la suite, \u00e9t\u00e9 interpell\u00e9s<\/strong><\/p>\n<p class=\"mb-4 text-lg md:leading-8 break-words\">Le Forum des Halles est confront\u00e9 <a href=\"https:\/\/www.20minutes.fr\/faits_divers\/2201275-20180113-paris-jeune-homme-meurt-poignarde-station-metro-chatelet-halles?at_medium=RSS%20feed&amp;at_campaign=ynews&amp;utm_source=yahoo&amp;utm_medium=rss&amp;utm_campaign=news_feed&amp;utm_content=in_article_link\" rel=\"nofollow noopener\" target=\"_blank\" data-ylk=\"slk:depuis plusieurs mois \u00e0 une hausse importante de la d\u00e9linquance;elm:context_link;itc:0;sec:content-canvas\" class=\"link \">depuis plusieurs mois \u00e0 une hausse importante de la d\u00e9linquance<\/a>. Malheureusement une nouvelle affaire vient d\u2019\u00eatre r\u00e9v\u00e9l\u00e9e. Quatre hommes \u00e2g\u00e9s de 18 \u00e0 24 ans ont \u00e9t\u00e9 interpell\u00e9s, soup\u00e7onn\u00e9s du <a href=\"https:\/\/www.20minutes.fr\/dossier\/viol?at_medium=RSS%20feed&amp;at_campaign=ynews&amp;utm_source=yahoo&amp;utm_medium=rss&amp;utm_campaign=news_feed&amp;utm_content=in_article_link\" rel=\"nofollow noopener\" target=\"_blank\" data-ylk=\"slk:viol;elm:context_link;itc:0;sec:content-canvas\" class=\"link \">viol<\/a> d\u2019une adolescente de 13 ans dans les toilettes d\u2019un restaurant KFC du centre de <a href=\"https:\/\/www.20minutes.fr\/paris\/?at_medium=RSS%20feed&amp;at_campaign=ynews&amp;utm_source=yahoo&amp;utm_medium=rss&amp;utm_campaign=news_feed&amp;utm_content=in_article_link\" rel=\"nofollow noopener\" target=\"_blank\" data-ylk=\"slk:Paris;elm:context_link;itc:0;sec:content-canvas\" class=\"link \">Paris<\/a>, indique \u00e0 20 Minutes le <a href=\"https:\/\/www.20minutes.fr\/dossier\/parquet_de_paris?at_medium=RSS%20feed&amp;at_campaign=ynews&amp;utm_source=yahoo&amp;utm_medium=rss&amp;utm_campaign=news_feed&amp;utm_content=in_article_link\" rel=\"nofollow noopener\" target=\"_blank\" data-ylk=\"slk:parquet de Paris;elm:context_link;itc:0;sec:content-canvas\" class=\"link \">parquet de Paris<\/a>.<\/p>\n<p class=\"mb-4 text-lg md:leading-8 break-words\">Les faits se sont d\u00e9roul\u00e9s ce lundi vers 22h45, les <a href=\"https:\/\/www.20minutes.fr\/dossier\/police?at_medium=RSS%20feed&amp;at_campaign=ynews&amp;utm_source=yahoo&amp;utm_medium=rss&amp;utm_campaign=news_feed&amp;utm_content=in_article_link\" rel=\"nofollow noopener\" target=\"_blank\" data-ylk=\"slk:policiers;elm:context_link;itc:0;sec:content-canvas\" class=\"link \">policiers<\/a> du commissariat \u00ab\u00a0Centre\u00a0\u00bb ont \u00e9t\u00e9 avis\u00e9s par des passants du secteur des Halles qu\u2019une jeune fille venait d\u2019\u00eatre viol\u00e9e.<\/p>\n<p>Les auteurs du viol reconnus et interpell\u00e9s<\/p>\n<p class=\"mb-4 text-lg md:leading-8 break-words\">La jeune victime avait commenc\u00e9 la soir\u00e9e avec une amie et un groupe de personnes, pr\u00e8s du restaurant <a href=\"https:\/\/www.20minutes.fr\/dossier\/mcdonald_s?at_medium=RSS%20feed&amp;at_campaign=ynews&amp;utm_source=yahoo&amp;utm_medium=rss&amp;utm_campaign=news_feed&amp;utm_content=in_article_link\" rel=\"nofollow noopener\" target=\"_blank\" data-ylk=\"slk:McDonald\u2019s;elm:context_link;itc:0;sec:content-canvas\" class=\"link \">McDonald\u2019s<\/a> du quartier de Ch\u00e2telet-Les Halles dans le centre de la capitale. Sur place, le groupe a \u00e9t\u00e9 contr\u00f4l\u00e9 par la police. Apr\u00e8s ce contr\u00f4le, l\u2019amie est rest\u00e9e avec les policiers, tandis que la victime a \u00ab\u00a0suivi le groupe au <a href=\"https:\/\/www.20minutes.fr\/dossier\/kfc?at_medium=RSS%20feed&amp;at_campaign=ynews&amp;utm_source=yahoo&amp;utm_medium=rss&amp;utm_campaign=news_feed&amp;utm_content=in_article_link\" rel=\"nofollow noopener\" target=\"_blank\" data-ylk=\"slk:KFC;elm:context_link;itc:0;sec:content-canvas\" class=\"link \">KFC<\/a>\u00a0\u00bb, d\u00e9taille le parquet de Paris.<\/p>\n<p class=\"mb-4 text-lg md:leading-8 break-words\">\u00ab\u00a0La jeune fille a indiqu\u00e9 avoir subi des actes sexuels dans les toilettes, impos\u00e9s par quatre hommes du groupe\u00a0\u00bb, a ajout\u00e9 cette source. Ensuite, \u00ab\u00a0les policiers l\u2019ont emmen\u00e9e en patrouille et ont interpell\u00e9 sur sa reconnaissance quatre personnes dans un groupe toujours pr\u00e9sent au Forum des Halles\u00a0\u00bb.<\/p>\n<p>L\u2019enqu\u00eate a \u00e9t\u00e9 confi\u00e9e \u00e0 la Brigade de protection des mineurs<\/p>\n<p class=\"mb-4 text-lg md:leading-8 break-words\">La jeune fille a \u00e9t\u00e9 prise en charge pour des soins \u00e0 l\u2019h\u00f4pital Necker, avant de porter plainte, tandis que ses agresseurs pr\u00e9sum\u00e9s ont \u00e9t\u00e9 plac\u00e9s en garde \u00e0 vue, a pr\u00e9cis\u00e9 l(&#8230;)<\/p>\n<p class=\"mb-4 text-lg md:leading-8 break-words\"><a href=\"https:\/\/www.20minutes.fr\/faits_divers\/4189289-20251202-paris-quatre-hommes-soupconnes-viol-adolescente-13-ans-toilettes-kfc-halles?at_medium=RSS%20feed&amp;at_campaign=ynews&amp;utm_source=yahoo&amp;utm_medium=rss&amp;utm_campaign=news_feed&amp;utm_content=read_more_link&quot;\" rel=\"nofollow noopener\" target=\"_blank\" data-ylk=\"slk:Lire la suite sur 20minutes;elm:context_link;itc:0;sec:content-canvas\" class=\"link \">Lire la suite sur 20minutes<\/a><\/p>\n<p>\u00c0 lire aussi :<br \/><a href=\"https:\/\/www.20minutes.fr\/societe\/4175128-20250925-nord-trente-heures-apres-entree-kfc-homme-retrouve-mort-toilettes?at_medium=RSS%20feed&amp;at_campaign=ynews&amp;utm_source=yahoo&amp;utm_medium=rss&amp;utm_campaign=news_feed&amp;utm_content=related_content_link\" rel=\"nofollow noopener\" target=\"_blank\" data-ylk=\"slk:Nord\u00a0: Trente heures apr\u00e8s son entr\u00e9e dans le KFC, un homme retrouv\u00e9 mort dans les toilettes;elm:context_link;itc:0;sec:content-canvas\" class=\"link \">Nord\u00a0: Trente heures apr\u00e8s son entr\u00e9e dans le KFC, un homme retrouv\u00e9 mort dans les toilettes<\/a><br \/><a href=\"https:\/\/www.20minutes.fr\/societe\/4185533-20251113-paris-controle-judiciaire-leve-influenceur-maire-paname-peut-revenir-halles-tiktok?at_medium=RSS%20feed&amp;at_campaign=ynews&amp;utm_source=yahoo&amp;utm_medium=rss&amp;utm_campaign=news_feed&amp;utm_content=related_content_link\" rel=\"nofollow noopener\" target=\"_blank\" data-ylk=\"slk:Paris\u00a0: Contr\u00f4le judiciaire lev\u00e9 pour l\u2019influenceur \u00ab\u00a0Le maire de Paname\u00a0\u00bb, qui peut revenir aux Halles et sur TikTok;elm:context_link;itc:0;sec:content-canvas\" class=\"link \">Paris\u00a0: Contr\u00f4le judiciaire lev\u00e9 pour l\u2019influenceur \u00ab\u00a0Le maire de Paname\u00a0\u00bb, qui peut revenir aux Halles et sur TikTok<\/a><\/p>\n","protected":false},"excerpt":{"rendered":"Cauchemar &#8211; La jeune fille a indiqu\u00e9 aux policiers qu\u2019elle passait la soir\u00e9e dans le centre de Paris&hellip;\n","protected":false},"author":2,"featured_media":574677,"comment_status":"","ping_status":"","sticky":false,"template":"","format":"standard","meta":{"footnotes":""},"categories":[1888],"tags":[1111,1928,11,1927,65856,1777,674,49951,1011,27,25335,12,1926,626,1925,10857,25],"class_list":{"0":"post-574676","1":"post","2":"type-post","3":"status-publish","4":"format-standard","5":"has-post-thumbnail","7":"category-paris","8":"tag-actu","9":"tag-actu-paris","10":"tag-actualites","11":"tag-actualites-paris","12":"tag-brigade-de-protection-des-mineurs","13":"tag-eu","14":"tag-europe","15":"tag-forum-des-halles","16":"tag-fr","17":"tag-france","18":"tag-kfc","19":"tag-news","20":"tag-news-paris","21":"tag-paris","22":"tag-paris-news","23":"tag-parquet-de-paris","24":"tag-republique-francaise"},"share_on_mastodon":{"url":"https:\/\/pubeurope.com\/@fr\/115653991833569941","error":""},"_links":{"self":[{"href":"https:\/\/www.europesays.com\/fr\/wp-json\/wp\/v2\/posts\/574676","targetHints":{"allow":["GET"]}}],"collection":[{"href":"https:\/\/www.europesays.com\/fr\/wp-json\/wp\/v2\/posts"}],"about":[{"href":"https:\/\/www.europesays.com\/fr\/wp-json\/wp\/v2\/types\/post"}],"author":[{"embeddable":true,"href":"https:\/\/www.europesays.com\/fr\/wp-json\/wp\/v2\/users\/2"}],"replies":[{"embeddable":true,"href":"https:\/\/www.europesays.com\/fr\/wp-json\/wp\/v2\/comments?post=574676"}],"version-history":[{"count":0,"href":"https:\/\/www.europesays.com\/fr\/wp-json\/wp\/v2\/posts\/574676\/revisions"}],"wp:featuredmedia":[{"embeddable":true,"href":"https:\/\/www.europesays.com\/fr\/wp-json\/wp\/v2\/media\/574677"}],"wp:attachment":[{"href":"https:\/\/www.europesays.com\/fr\/wp-json\/wp\/v2\/media?parent=574676"}],"wp:term":[{"taxonomy":"category","embeddable":true,"href":"https:\/\/www.europesays.com\/fr\/wp-json\/wp\/v2\/categories?post=574676"},{"taxonomy":"post_tag","embeddable":true,"href":"https:\/\/www.europesays.com\/fr\/wp-json\/wp\/v2\/tags?post=574676"}],"curies":[{"name":"wp","href":"https:\/\/api.w.org\/{rel}","templated":true}]}}