{"id":574680,"date":"2025-12-03T05:31:17","date_gmt":"2025-12-03T05:31:17","guid":{"rendered":"https:\/\/www.europesays.com\/fr\/574680\/"},"modified":"2025-12-03T05:31:17","modified_gmt":"2025-12-03T05:31:17","slug":"le-silence-de-lautorite-judiciaire-impose-aux-parents-liberation","status":"publish","type":"post","link":"https:\/\/www.europesays.com\/fr\/574680\/","title":{"rendered":"le silence de l\u2019autorit\u00e9 judiciaire impos\u00e9 aux parents \u2013 Lib\u00e9ration"},"content":{"rendered":"<p class=\"sc-cPiKLX AiZTS text-element\">Comme des milliers de parents parisiens, nous avons lu avec attention l\u2019entretien accord\u00e9 par Lisa-Lou Wipf, procureure charg\u00e9e du parquet des mineurs, \u00e0 Lib\u00e9ration le 22 novembre, \u00e9voquant quinze enqu\u00eates ouvertes en 2025 pour des violences sexuelles dans des \u00e9coles. <\/p>\n<p class=\"sc-cPiKLX AiZTS text-element\">Ces faits et ces chiffres constituent un traumatisme absolu pour les enfants, un choc pour leurs familles et une blessure profonde pour toute la communaut\u00e9 \u00e9ducative.<\/p>\n<p class=\"sc-cPiKLX AiZTS text-element\">Derri\u00e8re ces violences inacceptables, il y a aujourd\u2019hui une autre d\u00e9tresse que nous nous devons de vous faire entendre : celle de parents auxquels l\u2019on annonce, parfois brutalement, que leur enfant pourrait \u00eatre victime, tout en leur interdisant de poser la moindre question. <\/p>\n<p class=\"sc-cPiKLX AiZTS text-element\">Ces derniers mois, nous avons assist\u00e9 \u00e0 la m\u00eame sc\u00e8ne : des \u00e9quipes \u00e9ducatives et des dizaines de parents r\u00e9unis en urgence et toujours cette phrase : \u00abNous ne pouvons rien dire pour ne pas entraver l\u2019enqu\u00eate.\u00bb<\/p>\n<p class=\"sc-cPiKLX AiZTS text-element\">Dans ces r\u00e9unions, directeurs, inspecteurs, \u00e9lus locaux, repr\u00e9sentants de la ville ou du rectorat se retrouvent dans une posture intenable : affronter l\u2019angoisse des parents sans pouvoir donner ni information ni explication. Ils portent une parole qui n\u2019est pas la leur, une responsabilit\u00e9 qui devrait revenir \u00e0 l\u2019autorit\u00e9 judiciaire.<\/p>\n<p class=\"sc-cPiKLX AiZTS text-element\">Ce silence cr\u00e9e pr\u00e9cis\u00e9ment tout ce que la justice souhaite \u00e9viter : il nourrit les rumeurs, fait monter les angoisses l\u00e9gitimes des familles, laisse prosp\u00e9rer des interpr\u00e9tations erron\u00e9es et suscite parfois des pressions involon<\/p>\n","protected":false},"excerpt":{"rendered":"Comme des milliers de parents parisiens, nous avons lu avec attention l\u2019entretien accord\u00e9 par Lisa-Lou Wipf, procureure charg\u00e9e&hellip;\n","protected":false},"author":2,"featured_media":574681,"comment_status":"","ping_status":"","sticky":false,"template":"","format":"standard","meta":{"footnotes":""},"categories":[1888],"tags":[11,1122,1777,674,1011,27,12,626,25,799],"class_list":{"0":"post-574680","1":"post","2":"type-post","3":"status-publish","4":"format-standard","5":"has-post-thumbnail","7":"category-paris","8":"tag-actualites","9":"tag-ecole","10":"tag-eu","11":"tag-europe","12":"tag-fr","13":"tag-france","14":"tag-news","15":"tag-paris","16":"tag-republique-francaise","17":"tag-violences-sexuelles"},"share_on_mastodon":{"url":"https:\/\/pubeurope.com\/@fr\/115653999635519847","error":""},"_links":{"self":[{"href":"https:\/\/www.europesays.com\/fr\/wp-json\/wp\/v2\/posts\/574680","targetHints":{"allow":["GET"]}}],"collection":[{"href":"https:\/\/www.europesays.com\/fr\/wp-json\/wp\/v2\/posts"}],"about":[{"href":"https:\/\/www.europesays.com\/fr\/wp-json\/wp\/v2\/types\/post"}],"author":[{"embeddable":true,"href":"https:\/\/www.europesays.com\/fr\/wp-json\/wp\/v2\/users\/2"}],"replies":[{"embeddable":true,"href":"https:\/\/www.europesays.com\/fr\/wp-json\/wp\/v2\/comments?post=574680"}],"version-history":[{"count":0,"href":"https:\/\/www.europesays.com\/fr\/wp-json\/wp\/v2\/posts\/574680\/revisions"}],"wp:featuredmedia":[{"embeddable":true,"href":"https:\/\/www.europesays.com\/fr\/wp-json\/wp\/v2\/media\/574681"}],"wp:attachment":[{"href":"https:\/\/www.europesays.com\/fr\/wp-json\/wp\/v2\/media?parent=574680"}],"wp:term":[{"taxonomy":"category","embeddable":true,"href":"https:\/\/www.europesays.com\/fr\/wp-json\/wp\/v2\/categories?post=574680"},{"taxonomy":"post_tag","embeddable":true,"href":"https:\/\/www.europesays.com\/fr\/wp-json\/wp\/v2\/tags?post=574680"}],"curies":[{"name":"wp","href":"https:\/\/api.w.org\/{rel}","templated":true}]}}