{"id":574688,"date":"2025-12-03T05:35:17","date_gmt":"2025-12-03T05:35:17","guid":{"rendered":"https:\/\/www.europesays.com\/fr\/574688\/"},"modified":"2025-12-03T05:35:17","modified_gmt":"2025-12-03T05:35:17","slug":"le-president-allemand-au-royaume-uni-symbole-dune-alliance-ressoudee-par-la-securite","status":"publish","type":"post","link":"https:\/\/www.europesays.com\/fr\/574688\/","title":{"rendered":"Le pr\u00e9sident allemand au Royaume-Uni, symbole d&rsquo;une alliance ressoud\u00e9e par la s\u00e9curit\u00e9"},"content":{"rendered":"<p>&#13;<br \/>\n                        Le pr\u00e9sident allemand au Royaume-Uni, symbole d&rsquo;une alliance ressoud\u00e9e par la s\u00e9curit\u00e9&#13;\n                    <\/p>\n<p style=\"text-align:\">Le pr\u00e9sident allemand Frank-Walter Steinmeier d\u00e9bute mercredi 3 d\u00e9cembre une visite d&rsquo;\u00c9tat au Royaume-Uni, signe du rapprochement entre les deux pays apr\u00e8s la p\u00e9riode turbulente qui a suivi le Brexit.<\/p>\n<p><a href=\"https:\/\/lecourrier.vn\/allemagne-la-campagne-electorale-lancee-avec-la-dissolution-du-parlement\/1275069.html\" title=\"Allemagne : la campagne \u00e9lectorale lanc\u00e9e avec la dissolution du parlement\" target=\"_blank\" rel=\"noopener\">&gt;&gt; Allemagne : la campagne \u00e9lectorale lanc\u00e9e avec la dissolution du parlement<\/a><\/p>\n<tr>\n<td class=\"pic\"><img decoding=\"async\" class=\"lazyload\" src=\"https:\/\/www.europesays.com\/fr\/wp-content\/uploads\/2025\/12\/121137-vna_potal_tong_thong_duc_cong_du_trung_dong_7838426.jpg\" alt=\"\"\/><\/td>\n<\/tr>\n<tr>\n<td class=\"caption\">Le pr\u00e9sident allemand Frank-Walter Steinmeier s&rsquo;exprime \u00e0 Berlin.\u00a0<\/td>\n<\/tr>\n<tr align=\"right\">\n<td class=\"author\">Photo\u00a0: Xinhua\/VNA\/CVN<\/td>\n<\/tr>\n<p style=\"text-align:left\">La visite d&rsquo;\u00c9tat en elle-m\u00eame, la premi\u00e8re d&rsquo;un pr\u00e9sident allemand depuis 27 ans, sa dur\u00e9e &#8211; trois jours &#8211; et le faste du programme, avec un banquet d&rsquo;Etat au ch\u00e2teau de Windsor et un discours au parlement, honneur rare pour un visiteur \u00e9tranger, sont autant de preuves de l&#8217;embellissement.<\/p>\n<p style=\"text-align:left\">Entre les c\u00e9r\u00e9monies protocolaires, le soutien des deux pays \u00e0 l&rsquo;Ukraine, l&rsquo;un des moteurs de la coop\u00e9ration entre les deux capitales, sera au c\u0153ur d&rsquo;une rencontre avec le Premier ministre Keir Starmer.<\/p>\n<p style=\"text-align:left\">La visite de Frank-Walter Steinmeier r\u00e9pond \u00e0 celle du roi Charles III en mars 2023 en Allemagne, sa premi\u00e8re visite d&rsquo;\u00c9tat en tant que monarque.<\/p>\n<p style=\"text-align:left\">Pour une source au sein de la pr\u00e9sidence allemande, la visite refl\u00e8te \u00ab\u00a0une nouvelle \u00e8re dans les relations entre nos deux pays\u00a0\u00bb, apr\u00e8s une p\u00e9riode post-Brexit o\u00f9 \u00ab\u00a0la Grande-Bretagne s&rsquo;est \u00e9loign\u00e9e de l&rsquo;Europe\u00a0\u00bb.<\/p>\n<p style=\"text-align:left\">Berlin a \u00ab\u00a0maintenant l&rsquo;impression qu&rsquo;elle revient\u00a0\u00bb, selon la m\u00eame source.<\/p>\n<p style=\"text-align:left\"><b>Trait\u00e9 d&rsquo;amiti\u00e9\u00a0<\/b><\/p>\n<p style=\"text-align:left\">M. Steinmeier \u00e9tait ministre des Affaires \u00e9trang\u00e8res au moment du r\u00e9f\u00e9rendum sur le Brexit, organis\u00e9 en juin 2016 par le Premier ministre David Cameron.<\/p>\n<p style=\"text-align:left\">Il avait alors fustig\u00e9 les \u00ab\u00a0politiciens irresponsables\u00a0\u00bb qui ont \u00ab\u00a0attir\u00e9 le pays vers le Brexit\u00a0\u00bb pour ensuite \u00ab\u00a0se d\u00e9filer\u00a0\u00bb, qualifiant leur comportement de \u00ab\u00a0scandaleux\u00a0\u00bb.<\/p>\n<p style=\"text-align:left\">R\u00e9sultat, le Royaume-Uni est \u00ab\u00a0beaucoup moins pr\u00e9sent dans le d\u00e9bat politique allemand qu&rsquo;il ne l&rsquo;\u00e9tait auparavant\u00a0\u00bb, souligne Nicolai von Ondarza, expert de l&rsquo;Institut allemand pour les affaires internationales et de s\u00e9curit\u00e9.<\/p>\n<p style=\"text-align:left\">Le Brexit dig\u00e9r\u00e9, un r\u00e9chauffement diplomatique s&rsquo;est enclench\u00e9 sous le Premier ministre conservateur Rishi Sunak (2022-2024), puis son successeur travailliste Keir Starmer.<\/p>\n<p style=\"text-align:left\">Le soutien commun \u00e0 l&rsquo;Ukraine a aid\u00e9. En octobre 2024, les deux plus gros budgets militaires d&rsquo;Europe occidentale ont sign\u00e9 un pacte de coop\u00e9ration en mati\u00e8re de d\u00e9fense, suivi de leur premier \u00ab\u00a0trait\u00e9 d&rsquo;amiti\u00e9\u00a0\u00bb en juillet.<\/p>\n<p style=\"text-align:left\">Les deux pays sont dans une phase d'\u00a0\u00bbintensification\u00a0\u00bb des liens, qui repose surtout sur les domaines \u00ab\u00a0de la politique \u00e9trang\u00e8re et la s\u00e9curit\u00e9\u00a0\u00bb, estime Nicolai von Ondarza.<\/p>\n<p style=\"text-align:left\">Le trait\u00e9 d&rsquo;amiti\u00e9 comprend \u00e9galement un volet de coop\u00e9ration contre l&rsquo;immigration irr\u00e9guli\u00e8re, dans un contexte de rapide ascension des partis anti-immigration Alternative pour l&rsquo;Allemagne (AfD) et Reform UK.<\/p>\n<p style=\"text-align:left\"><b>M\u00e9moire et business<\/b><\/p>\n<p style=\"text-align:left\">La culture et le travail de m\u00e9moire, domaine privil\u00e9gi\u00e9 du pr\u00e9sident allemand, seront \u00e9galement au programme, avec la visite pr\u00e9vue \u00e0 Coventry vendredi 5 d\u00e9cembre.<\/p>\n<p style=\"text-align:left\">D\u00e9truite par les raids a\u00e9riens allemands pendant la Seconde Guerre mondiale, la cath\u00e9drale de cette ville est devenue un symbole de paix et de r\u00e9conciliation entre les nations.<\/p>\n<p style=\"text-align:left\">Mais la pr\u00e9sence du chef d&rsquo;\u00c9tat au milieu de soldats britanniques et de la Luftwaffe y soulignera l\u00e0 aussi le rapprochement militaire entre les deux nations.<\/p>\n<p style=\"text-align:left\">Des \u00e9l\u00e8ves de Coventry rencontreront ceux de Dresde, autre ville martyre des bombardements du pire conflit de l&rsquo;histoire.<\/p>\n<p style=\"text-align:left\">\u00c0 Oxford, le chef d&rsquo;\u00c9tat allemand visitera ensuite les locaux d&rsquo;une filiale du conglom\u00e9rat industriel allemand Siemens. Des repr\u00e9sentants d&rsquo;autres grandes entreprises allemandes &#8211; RWE, BMW, Deutsche Bank&#8230; &#8211; feront aussi partie de la d\u00e9l\u00e9gation.<\/p>\n<p style=\"text-align:left\">\u00c0 cette occasion, Mercedes a annonc\u00e9 mercredi matin 3 d\u00e9cembre lancer un projet technologique li\u00e9 aux voitures \u00e9lectriques pour 20 millions de livres sterling (pr\u00e8s de 23 millions d&rsquo;euros), qui doit permettre de cr\u00e9er \u00ab\u00a0plus de 150 emplois\u00a0\u00bb en Angleterre.<\/p>\n<p style=\"text-align:left\">Passion commune aux deux pays, le football sera aussi \u00e0 l&rsquo;honneur avec deux stars allemandes d&rsquo;hier et d&rsquo;aujourd&rsquo;hui d&rsquo;Arsenal, Per Mertesacker et Kai Havertz, qui accompagneront M. Steinmeier dans une \u00e9cole de l&rsquo;est de Londres.<\/p>\n<p style=\"text-align:right\"><b>AFP\/VNA\/CVN<\/b><\/p>\n","protected":false},"excerpt":{"rendered":"&#13; Le pr\u00e9sident allemand au Royaume-Uni, symbole d&rsquo;une alliance ressoud\u00e9e par la s\u00e9curit\u00e9&#13; Le pr\u00e9sident allemand Frank-Walter Steinmeier&hellip;\n","protected":false},"author":2,"featured_media":574689,"comment_status":"","ping_status":"","sticky":false,"template":"","format":"standard","meta":{"footnotes":""},"categories":[1588],"tags":[11,1777,674,32897,12,473,1853,656,1851,1850,1852],"class_list":{"0":"post-574688","1":"post","2":"type-post","3":"status-publish","4":"format-standard","5":"has-post-thumbnail","7":"category-royaume-uni","8":"tag-actualites","9":"tag-eu","10":"tag-europe","11":"tag-frank-walter-steinmeier","12":"tag-news","13":"tag-royaume-uni","14":"tag-royaume-uni-de-grande-bretagne-et-dirlande-du-nord","15":"tag-securite","16":"tag-uk","17":"tag-united-kingdom","18":"tag-united-kingdom-of-great-britain-and-northern-ireland"},"share_on_mastodon":{"url":"https:\/\/pubeurope.com\/@fr\/115654016026031285","error":""},"_links":{"self":[{"href":"https:\/\/www.europesays.com\/fr\/wp-json\/wp\/v2\/posts\/574688","targetHints":{"allow":["GET"]}}],"collection":[{"href":"https:\/\/www.europesays.com\/fr\/wp-json\/wp\/v2\/posts"}],"about":[{"href":"https:\/\/www.europesays.com\/fr\/wp-json\/wp\/v2\/types\/post"}],"author":[{"embeddable":true,"href":"https:\/\/www.europesays.com\/fr\/wp-json\/wp\/v2\/users\/2"}],"replies":[{"embeddable":true,"href":"https:\/\/www.europesays.com\/fr\/wp-json\/wp\/v2\/comments?post=574688"}],"version-history":[{"count":0,"href":"https:\/\/www.europesays.com\/fr\/wp-json\/wp\/v2\/posts\/574688\/revisions"}],"wp:featuredmedia":[{"embeddable":true,"href":"https:\/\/www.europesays.com\/fr\/wp-json\/wp\/v2\/media\/574689"}],"wp:attachment":[{"href":"https:\/\/www.europesays.com\/fr\/wp-json\/wp\/v2\/media?parent=574688"}],"wp:term":[{"taxonomy":"category","embeddable":true,"href":"https:\/\/www.europesays.com\/fr\/wp-json\/wp\/v2\/categories?post=574688"},{"taxonomy":"post_tag","embeddable":true,"href":"https:\/\/www.europesays.com\/fr\/wp-json\/wp\/v2\/tags?post=574688"}],"curies":[{"name":"wp","href":"https:\/\/api.w.org\/{rel}","templated":true}]}}