{"id":574692,"date":"2025-12-03T05:37:13","date_gmt":"2025-12-03T05:37:13","guid":{"rendered":"https:\/\/www.europesays.com\/fr\/574692\/"},"modified":"2025-12-03T05:37:13","modified_gmt":"2025-12-03T05:37:13","slug":"leurope-lance-un-systeme-inedit-dindications-geographiques-pour-lartisanat-et-lindustrie","status":"publish","type":"post","link":"https:\/\/www.europesays.com\/fr\/574692\/","title":{"rendered":"L\u2019Europe lance un syst\u00e8me in\u00e9dit d\u2019indications g\u00e9ographiques pour l\u2019artisanat et l\u2019industrie"},"content":{"rendered":"<p>\n                                                                    l&rsquo;essentiel<br \/>\n                                                                Depuis le 1er\u00a0d\u00e9cembre, l\u2019Union europ\u00e9enne a ouvert un dispositif de protection des d\u00e9nominations artisanales et industrielles. Inspir\u00e9 du mod\u00e8le agricole, il vise \u00e0 s\u00e9curiser savoir-faire, emplois et authenticit\u00e9, sous la gestion de l\u2019EUIPO.\n                            <\/p>\n<p>L\u2019Union europ\u00e9enne vient de franchir une \u00e9tape structurante en \u00e9tendant, pour la premi\u00e8re fois, la protection des indications g\u00e9ographiques aux produits artisanaux et industriels. En effet, depuis le 1er\u00a0d\u00e9cembre, les souffleurs de verre, les potiers, les couteliers, les bijoutiers et d\u2019autres fabricants disposeront d\u2019un cadre commun pour enregistrer la d\u00e9nomination de leurs produits, dans la lign\u00e9e du syst\u00e8me agricole en place depuis plus de trois d\u00e9cennies.<\/p>\n<p>Porcelaine de Limoges ou couteaux de Laguiole<\/p>\n<p>Le nouveau dispositif couvre des productions embl\u00e9matiques europ\u00e9ennes dont 19 sont fran\u00e7aises. Parmi elles, la porcelaine de Limoges, la dentelle de Calais, les couteaux de Laguiole ou le grenat de Perpignan, dont la r\u00e9putation est indissociable de leur origine.<\/p>\n<p>La nouvelle proc\u00e9dure repose sur un sch\u00e9ma \u00e0 deux niveaux. Une \u00e9tape nationale s\u2019applique d\u2019abord, incluant l\u2019examen du dossier et une phase d\u2019opposition interne. Vient ensuite l\u2019\u00e9valuation par l\u2019Office de l\u2019Union europ\u00e9enne pour la propri\u00e9t\u00e9 intellectuelle, charg\u00e9 de conduire l\u2019opposition \u00e0 l\u2019\u00e9chelle de l\u2019Union et de d\u00e9cider de l\u2019enregistrement.<\/p>\n<p>Sept \u00c9tats membres b\u00e9n\u00e9ficient toutefois d\u2019une d\u00e9rogation leur permettant de d\u00e9poser directement aupr\u00e8s de l\u2019EUIPO. La Commission conserve la facult\u00e9 d\u2019intervenir lorsqu\u2019un enregistrement risque d\u2019affecter l\u2019ordre public ou les relations commerciales ext\u00e9rieures.<\/p>\n<p>Un titre unique europ\u00e9en en 2026<\/p>\n<p>Pour les producteurs, chaque demande devra comporter une sp\u00e9cification d\u00e9taillant nom, proc\u00e9d\u00e9 et aire g\u00e9ographique. St\u00e9phane S\u00e9journ\u00e9, vice-pr\u00e9sident ex\u00e9cutif charg\u00e9 de la prosp\u00e9rit\u00e9 et de la strat\u00e9gie industrielle, insiste sur l\u2019opportunit\u00e9 cr\u00e9\u00e9e pour les savoir-faire r\u00e9gionaux, la croissance des PME et la reconnaissance internationale de l\u2019UE.<\/p>\n<p>Le r\u00e8glement adopt\u00e9 en 2023 pr\u00e9voit par ailleurs la disparition, en 2026, des syst\u00e8mes nationaux existants dans ces secteurs, au profit d\u2019un titre unique valable dans toute l\u2019Union.<\/p>\n","protected":false},"excerpt":{"rendered":"l&rsquo;essentiel Depuis le 1er\u00a0d\u00e9cembre, l\u2019Union europ\u00e9enne a ouvert un dispositif de protection des d\u00e9nominations artisanales et industrielles. Inspir\u00e9&hellip;\n","protected":false},"author":2,"featured_media":574693,"comment_status":"","ping_status":"","sticky":false,"template":"","format":"standard","meta":{"footnotes":""},"categories":[1586],"tags":[11,1477,18483,872,1777,674,1011,27,61342,12,2551,25],"class_list":{"0":"post-574692","1":"post","2":"type-post","3":"status-publish","4":"format-standard","5":"has-post-thumbnail","7":"category-europe","8":"tag-actualites","9":"tag-artisanat","10":"tag-aveyron","11":"tag-culture-et-loisirs","12":"tag-eu","13":"tag-europe","14":"tag-fr","15":"tag-france","16":"tag-laguiole","17":"tag-news","18":"tag-patrimoine","19":"tag-republique-francaise"},"share_on_mastodon":{"url":"https:\/\/pubeurope.com\/@fr\/115654023330990357","error":""},"_links":{"self":[{"href":"https:\/\/www.europesays.com\/fr\/wp-json\/wp\/v2\/posts\/574692","targetHints":{"allow":["GET"]}}],"collection":[{"href":"https:\/\/www.europesays.com\/fr\/wp-json\/wp\/v2\/posts"}],"about":[{"href":"https:\/\/www.europesays.com\/fr\/wp-json\/wp\/v2\/types\/post"}],"author":[{"embeddable":true,"href":"https:\/\/www.europesays.com\/fr\/wp-json\/wp\/v2\/users\/2"}],"replies":[{"embeddable":true,"href":"https:\/\/www.europesays.com\/fr\/wp-json\/wp\/v2\/comments?post=574692"}],"version-history":[{"count":0,"href":"https:\/\/www.europesays.com\/fr\/wp-json\/wp\/v2\/posts\/574692\/revisions"}],"wp:featuredmedia":[{"embeddable":true,"href":"https:\/\/www.europesays.com\/fr\/wp-json\/wp\/v2\/media\/574693"}],"wp:attachment":[{"href":"https:\/\/www.europesays.com\/fr\/wp-json\/wp\/v2\/media?parent=574692"}],"wp:term":[{"taxonomy":"category","embeddable":true,"href":"https:\/\/www.europesays.com\/fr\/wp-json\/wp\/v2\/categories?post=574692"},{"taxonomy":"post_tag","embeddable":true,"href":"https:\/\/www.europesays.com\/fr\/wp-json\/wp\/v2\/tags?post=574692"}],"curies":[{"name":"wp","href":"https:\/\/api.w.org\/{rel}","templated":true}]}}