{"id":574704,"date":"2025-12-03T05:49:26","date_gmt":"2025-12-03T05:49:26","guid":{"rendered":"https:\/\/www.europesays.com\/fr\/574704\/"},"modified":"2025-12-03T05:49:26","modified_gmt":"2025-12-03T05:49:26","slug":"giro-tour-ditalie-rcs-contre-lidee-de-pogacar-dinverser-le-giro-et-la-vuelta","status":"publish","type":"post","link":"https:\/\/www.europesays.com\/fr\/574704\/","title":{"rendered":"Giro. Tour d&rsquo;Italie &#8211; RCS contre l&rsquo;id\u00e9e de Pogacar d&rsquo;inverser le Giro et La Vuelta"},"content":{"rendered":"<p><strong><a href=\"https:\/\/www.cyclismactu.net\/..\/news-route-tadej-pogacar-echanger-dans-calendrier-giro-et-vuelta-91072.html\" target=\"_blank\" rel=\"noopener\">Tadej Pogacar<\/a><\/strong> (UAE Team Emirates XRG) a r\u00e9cemment sugg\u00e9r\u00e9 de modifier le calendrier cycliste. Le champion du monde souhaiterait que<strong> La Vuelta <\/strong>se dispute \u00e0 l\u2019avenir en mai et le <strong><a href=\"https:\/\/www.cyclismactu.net\/..\/news-giro-route-tour-d-italie-voici-parcours-du-giro-d-italia-2026-de-bulgarie-rome-91092.html\" target=\"_blank\" rel=\"noopener\">Giro d&rsquo;Italia<\/a>\u00a0<\/strong>en ao\u00fbt\/septembre. Mais chez<strong> RCS Sport<\/strong>, l\u2019organisateur du <strong>Giro<\/strong>, on rejette fermement cette id\u00e9e. \u00ab\u00a0Le Giro a des dates traditionnelles et nous ne voulons pas qu\u2019elles soient modifi\u00e9es\u00a0\u00bb, a d\u00e9clar<strong>\u00e9<\/strong><strong> Paolo Bellino<\/strong>, directeur g\u00e9n\u00e9ral de <strong>RCS Sport<\/strong>, \u00e0 <a href=\"https:\/\/www.cyclingnews.com\/pro-cycling\/were-not-even-going-to-think-about-the-idea-rcs-firmly-against-tadej-pogacars-suggestion-to-switch-giro-d-italia-and-vuelta-a-espana-dates\/\" target=\"_blank\" rel=\"noopener\">Cyclingnews<\/a>. <\/p>\n<p>Vid\u00e9o &#8211; Le parcours du Giro d&rsquo;Italia 2026 a \u00e9t\u00e9 d\u00e9voil\u00e9 Lire la suite de l&rsquo;article&#13;<\/p>\n<p>\u00a0<\/p>\n<p>&#13;<br \/>\n\u00ab\u00a0Il n\u2019y aura pas d\u2019inversion entre le Giro et la Vuelta\u00a0\u00bb&#13;<\/p>\n<p>\u00ab\u00a0Chaque Grand Tour poss\u00e8de sa propre histoire et sa propre signification, en partie d\u00e9termin\u00e9es par sa place dans le calendrier. Le Giro s\u2019est couru 107 fois au mois de mai. La seule exception remonte \u00e0 la pand\u00e9mie de Covid, une p\u00e9riode unique pour le monde entier, durant laquelle nous avons d\u00fb tout faire pour sauver la saison.\u00a0\u00bb\u00a0<strong>Bellino <\/strong>n\u2019envisage donc pas un d\u00e9placement majeur du <strong>Giro <\/strong>dans le calendrier, mais se dit ouvert \u00e0 un d\u00e9calage d\u2019une semaine plus tard. \u00ab\u00a0J\u2019aimerais que le Giro soit en cours le 2 juin\u00a0\u00bb, explique-t-il. \u00ab\u00a0Le 2 juin est un jour f\u00e9ri\u00e9 en Italie : on y c\u00e9l\u00e8bre la F\u00eate de la R\u00e9publique. Un tel d\u00e9calage permettrait aussi d\u2019aborder les grandes montagnes une semaine plus tard, ce qui, certaines ann\u00e9es, peut faire une grande diff\u00e9rence en termes de conditions m\u00e9t\u00e9orologiques. Mais c\u2019est la seule modification de date que nous envisageons\u00a0\u00bb, insiste <strong>Bellino<\/strong>. \u00ab\u00a0Il n\u2019y aura pas d\u2019inversion entre le Giro et la Vuelta.\u00a0\u00bb<\/p>\n","protected":false},"excerpt":{"rendered":"Tadej Pogacar (UAE Team Emirates XRG) a r\u00e9cemment sugg\u00e9r\u00e9 de modifier le calendrier cycliste. Le champion du monde&hellip;\n","protected":false},"author":2,"featured_media":574705,"comment_status":"","ping_status":"","sticky":false,"template":"","format":"standard","meta":{"footnotes":""},"categories":[1411],"tags":[1154,207,1011,27,209,60,3318,208],"class_list":{"0":"post-574704","1":"post","2":"type-post","3":"status-publish","4":"format-standard","5":"has-post-thumbnail","7":"category-cyclisme","8":"tag-cycling","9":"tag-cyclisme","10":"tag-fr","11":"tag-france","12":"tag-route","13":"tag-sports","14":"tag-tour-d","15":"tag-velo"},"share_on_mastodon":{"url":"https:\/\/pubeurope.com\/@fr\/115654070411296354","error":""},"_links":{"self":[{"href":"https:\/\/www.europesays.com\/fr\/wp-json\/wp\/v2\/posts\/574704","targetHints":{"allow":["GET"]}}],"collection":[{"href":"https:\/\/www.europesays.com\/fr\/wp-json\/wp\/v2\/posts"}],"about":[{"href":"https:\/\/www.europesays.com\/fr\/wp-json\/wp\/v2\/types\/post"}],"author":[{"embeddable":true,"href":"https:\/\/www.europesays.com\/fr\/wp-json\/wp\/v2\/users\/2"}],"replies":[{"embeddable":true,"href":"https:\/\/www.europesays.com\/fr\/wp-json\/wp\/v2\/comments?post=574704"}],"version-history":[{"count":0,"href":"https:\/\/www.europesays.com\/fr\/wp-json\/wp\/v2\/posts\/574704\/revisions"}],"wp:featuredmedia":[{"embeddable":true,"href":"https:\/\/www.europesays.com\/fr\/wp-json\/wp\/v2\/media\/574705"}],"wp:attachment":[{"href":"https:\/\/www.europesays.com\/fr\/wp-json\/wp\/v2\/media?parent=574704"}],"wp:term":[{"taxonomy":"category","embeddable":true,"href":"https:\/\/www.europesays.com\/fr\/wp-json\/wp\/v2\/categories?post=574704"},{"taxonomy":"post_tag","embeddable":true,"href":"https:\/\/www.europesays.com\/fr\/wp-json\/wp\/v2\/tags?post=574704"}],"curies":[{"name":"wp","href":"https:\/\/api.w.org\/{rel}","templated":true}]}}